{"id":666903,"date":"2026-01-16T04:32:13","date_gmt":"2026-01-16T04:32:13","guid":{"rendered":"https:\/\/www.europesays.com\/fr\/666903\/"},"modified":"2026-01-16T04:32:13","modified_gmt":"2026-01-16T04:32:13","slug":"la-start-up-francaise-maiaspace-signe-un-gros-contrat-avec-loperateur-de-satellites-eutelsat-pour-une-dizaine-de-lancements-dici-2028","status":"publish","type":"post","link":"https:\/\/www.europesays.com\/fr\/666903\/","title":{"rendered":"La start-up fran\u00e7aise MaiaSpace signe un gros contrat avec l&rsquo;op\u00e9rateur de satellites Eutelsat pour une dizaine de lancements d&rsquo;ici 2028"},"content":{"rendered":"\n<p class=\"c-chapo \">\n  Eutelsat, op\u00e9rateur fran\u00e7ais, va confier \u00e0 MaiaSpace, et \u00e0 sa fus\u00e9e r\u00e9utilisable, le lancement de ses satellites de t\u00e9l\u00e9communications. Le premier lancement est pr\u00e9vu \u00e0 la fin de l&rsquo;ann\u00e9e.\n<\/p>\n<p>      lire plus tard<\/p>\n<p id=\"dialog__title\" class=\"dialog__title\">Pour sauvegarder cet article, connectez-vous ou cr\u00e9ez un compte franceinfo<\/p>\n<p class=\"dialog__description\">Sans paiement. Sans abonnement.<\/p>\n<p>        Fermer la fen\u00eatre d\u2019activation des notifications France Info<\/p>\n<p>      cr\u00e9er votre compte<\/p>\n<p>      se connecter<\/p>\n<p>      :<\/p>\n<p>        Fermer la fen\u00eatre de pr\u00e9sentation<\/p>\n<p>    <img loading=\"lazy\" decoding=\"async\" class=\"signature__image lazyload\" width=\"100\" height=\"100\" data- alt=\"\" src=\"https:\/\/www.europesays.com\/fr\/wp-content\/uploads\/2025\/05\/64a7df4c5fe71_placeholder-36b69ec8.png\"\/><\/p>\n<p>    Publi\u00e9 le 15\/01\/2026 23:11<\/p>\n<p>        Temps de lecture : 2min<\/p>\n<p>    <img decoding=\"async\"  alt=\"Dans le hangar de Ma\u00efaSpace, \u00e0 Vernon, dans l'Eure, 2 d\u00e9cembre 2025. (THIBAUD MORITZ \/ AFP)\" width=\"432\" height=\"243\" src=\"https:\/\/www.europesays.com\/fr\/wp-content\/uploads\/2026\/01\/000-86v73kc-693dc2ffe3f58553212966.jpg\" fetchpriority=\"high\"\/><\/p>\n<p>      Dans le hangar de Ma\u00efaSpace, \u00e0 Vernon, dans l&rsquo;Eure, 2 d\u00e9cembre 2025. (THIBAUD MORITZ \/ AFP)<\/p>\n<p>La start-up fran\u00e7aise MaiaSpace, filiale d&rsquo;Ariane Group, a annonc\u00e9, jeudi 15 janvier, la signature d&rsquo;un gros contrat avec Eutelsat pour une dizaine de lancement de satellites d&rsquo;ici 2028 avec sa future fus\u00e9e r\u00e9utilisable, rapportent franceinfo et France Inter. Elle doit effectuer son premier vol cette ann\u00e9e. Il s&rsquo;agit pour la start-up de d\u00e9ployer une partie des satellites de la constellation de t\u00e9l\u00e9communications d\u2019Eutelsat.<\/p>\n<p>Le premier lancement est pr\u00e9vu en fin d\u2019ann\u00e9e, sur l\u2019un des pas de tir du <a href=\"https:\/\/la1ere.franceinfo.fr\/guyane\/ariane-6-doit-decoller-le-12-fevrier-avec-des-satellites-du-groupe-amazon-1661804.html\" target=\"_blank\" rel=\"noopener\" data-tooltip-url=\"https:\/\/la1ere.franceinfo.fr\/guyane\/ariane-6-doit-decoller-le-12-fevrier-avec-des-satellites-du-groupe-amazon-1661804.html\">centre spatiale europ\u00e9en, \u00e0 Kourou, en Guyane<\/a>. Ce contrat va s\u00e9curiser les finances de MaiaSpace selon Yohann Leroy, son pr\u00e9sident ex\u00e9cutif : \u00ab\u00a0C&rsquo;est un contrat qui remplit notre carnet de commandes \u00e0 hauteur de 50% pour les trois premi\u00e8res ann\u00e9es d&rsquo;exploitation commerciale de notre lanceur\u00a0\u00bb, ce qui \u00ab\u00a0confirme qu&rsquo;on r\u00e9pond \u00e0 un vrai besoin du march\u00e9\u00a0\u00bb et \u00ab\u00a0valide la cr\u00e9dibilit\u00e9 de notre projet du point de vue technique\u00a0\u00bb, se r\u00e9jouit-il aupr\u00e8s de France Inter.<\/p>\n<p>Pour l&rsquo;instant, l&rsquo;entreprise ne souhaite pas donner de chiffres pr\u00e9cis pour ce contrat, mais elle assure que cette signature lui permet d\u2019envisager une dizaine de vols pour sa fus\u00e9e en cours de finalisation dans ses hangars de Vernon, dans l\u2019Eure.<\/p>\n<p>Les satellites concern\u00e9s seront d\u00e9ploy\u00e9s en orbite basse, au sein de la constellation op\u00e9r\u00e9e par la compagnie Eutelsat, dans laquelle l\u2019\u00c9tat fran\u00e7ais \u00e0 r\u00e9cemment pris une part majoritaire. Ce r\u00e9seau de t\u00e9l\u00e9communications est aujourd\u2019hui compos\u00e9 de 600 satellites, dont une partie doit \u00eatre renouvel\u00e9e.<\/p>\n<p>Eutelsat a ainsi command\u00e9 440 nouveaux appareils \u00e0 d\u00e9ployer dans les prochaines ann\u00e9es. Avant de r\u00e9aliser son nouveau contrat, MaiaSpace devra r\u00e9ussir \u00e0 faire voler sa fus\u00e9e qui doit, \u00e0 terme, \u00eatre en partie r\u00e9utilisable, pour offrir une alternative \u00e0 sa concurrente am\u00e9ricaine SpaceX.<\/p>\n","protected":false},"excerpt":{"rendered":"Eutelsat, op\u00e9rateur fran\u00e7ais, va confier \u00e0 MaiaSpace, et \u00e0 sa fus\u00e9e r\u00e9utilisable, le lancement de ses satellites de&hellip;\n","protected":false},"author":2,"featured_media":666904,"comment_status":"","ping_status":"","sticky":false,"template":"","format":"standard","meta":{"footnotes":""},"categories":[6],"tags":[35,33,34,1011,27],"class_list":{"0":"post-666903","1":"post","2":"type-post","3":"status-publish","4":"format-standard","5":"has-post-thumbnail","7":"category-economie","8":"tag-business","9":"tag-economie","10":"tag-economy","11":"tag-fr","12":"tag-france"},"share_on_mastodon":{"url":"https:\/\/pubeurope.com\/@fr\/115902909327205159","error":""},"_links":{"self":[{"href":"https:\/\/www.europesays.com\/fr\/wp-json\/wp\/v2\/posts\/666903","targetHints":{"allow":["GET"]}}],"collection":[{"href":"https:\/\/www.europesays.com\/fr\/wp-json\/wp\/v2\/posts"}],"about":[{"href":"https:\/\/www.europesays.com\/fr\/wp-json\/wp\/v2\/types\/post"}],"author":[{"embeddable":true,"href":"https:\/\/www.europesays.com\/fr\/wp-json\/wp\/v2\/users\/2"}],"replies":[{"embeddable":true,"href":"https:\/\/www.europesays.com\/fr\/wp-json\/wp\/v2\/comments?post=666903"}],"version-history":[{"count":0,"href":"https:\/\/www.europesays.com\/fr\/wp-json\/wp\/v2\/posts\/666903\/revisions"}],"wp:featuredmedia":[{"embeddable":true,"href":"https:\/\/www.europesays.com\/fr\/wp-json\/wp\/v2\/media\/666904"}],"wp:attachment":[{"href":"https:\/\/www.europesays.com\/fr\/wp-json\/wp\/v2\/media?parent=666903"}],"wp:term":[{"taxonomy":"category","embeddable":true,"href":"https:\/\/www.europesays.com\/fr\/wp-json\/wp\/v2\/categories?post=666903"},{"taxonomy":"post_tag","embeddable":true,"href":"https:\/\/www.europesays.com\/fr\/wp-json\/wp\/v2\/tags?post=666903"}],"curies":[{"name":"wp","href":"https:\/\/api.w.org\/{rel}","templated":true}]}}