{"id":66692,"date":"2025-05-01T10:41:10","date_gmt":"2025-05-01T10:41:10","guid":{"rendered":"https:\/\/www.europesays.com\/fr\/66692\/"},"modified":"2025-05-01T10:41:10","modified_gmt":"2025-05-01T10:41:10","slug":"lart-tout-feu-tout-flamme-de-sublimer-le-vintage","status":"publish","type":"post","link":"https:\/\/www.europesays.com\/fr\/66692\/","title":{"rendered":"l&rsquo;art tout feu, tout flamme de sublimer le vintage"},"content":{"rendered":"<p>            Par<br \/>\n        <strong><br \/>\n            <a href=\"https:\/\/actu.fr\/auteur\/manon-haddouche\" title=\"Consulter tous les articles de Manon Haddouche\" rel=\"nofollow noopener\" target=\"_blank\">Manon Haddouche<\/a><br \/>\n        <\/strong><\/p>\n<p>        Publi\u00e9 le<\/p>\n<p>            1 mai 2025 \u00e0 12h33        <\/p>\n<p>Dans un petit atelier <strong>\u00e0 c\u00f4t\u00e9 de Montpellier<\/strong>, en fin d\u2019ann\u00e9e 2024, <strong>Marie Auditeau<\/strong> a d\u00e9cid\u00e9 de <strong>redonner vie aux objets oubli\u00e9s<\/strong>. Fondatrice de la marque Bougie de Famille, elle m\u00eale avec passion la nostalgie du pass\u00e9 et l\u2019art de la bougie pour offrir des cr\u00e9ations uniques, charg\u00e9es d\u2019histoire et de charme. Elle propose ainsi un voyage au c\u0153ur des objets du pass\u00e9, magnifi\u00e9s par la cire et le parfum. Un travail qui fait \u00e9cho \u00e0 son autre marque, <a href=\"https:\/\/mother-lighter.com\" rel=\"nofollow noopener\" target=\"_blank\">Mother Lighter<\/a>, o\u00f9 elle explore \u00e9galement l\u2019art de sublimer les souvenirs en cr\u00e9ant des lampes et globes en verre sur-mesure, int\u00e9grant d\u2019anciens jouets charg\u00e9s d\u2019\u00e9motion. Deux univers qui lui ressemblent et qui t\u00e9moignent d\u2019une m\u00eame qu\u00eate : pr\u00e9server la m\u00e9moire des objets et leur offrir une nouvelle vie.<\/p>\n<p>Quand la nostalgie rencontre la cire v\u00e9g\u00e9tale<\/p>\n<p class=\" wall-content\">Depuis toujours, Marie Auditeau a un amour profond pour les objets anciens. Cette passion l\u2019a emmen\u00e9e \u00e0 explorer les <strong>march\u00e9s aux puces<\/strong>, o\u00f9 elle d\u00e9niche de v\u00e9ritables tr\u00e9sors : des tasses, des pots \u00e0 \u00e9pices, des verres de cantine, des objets qui ont travers\u00e9 les d\u00e9cennies sans perdre de leur splendeur. Cette fascination pour le vintage a pris un tournant cr\u00e9atif lorsqu\u2019elle a eu l\u2019id\u00e9e de <strong>transformer ces pi\u00e8ces en bougies artisanales<\/strong>, sublim\u00e9es par des parfums d\u00e9licats issus de la <strong>parfumerie de Grasse<\/strong>.<\/p>\n<p>      <img   decoding=\"async\" loading=\"lazy\" src=\"https:\/\/www.europesays.com\/fr\/wp-content\/uploads\/2025\/05\/img-3392-960x640.jpg\" alt=\"Marie Auditeau au milieu de quelques cr\u00e9ations. \" width=\"960\" height=\"640\"\/><br \/>\n    Marie Auditeau au milieu de quelques cr\u00e9ations. (\u00a9DR)<\/p>\n<p class=\" wall-content\">La bougie de Famille, c\u2019est l\u2019histoire d\u2019<strong>un recyclage r\u00e9fl\u00e9chi, respectueux, et une d\u00e9marche \u00e9thique<\/strong> qui s\u2019inscrit dans un mouvement \u00e9coresponsable. Marie ne s\u00e9lectionne que des contenants anciens, principalement fran\u00e7ais, consciencieuse de pr\u00e9server un patrimoine parfois en d\u00e9clin. \u00ab\u00a0J\u2019aime l\u2019id\u00e9e que chaque objet a une histoire, une seconde vie \u00e0 offrir\u00a0\u00bb, confie-t-elle.<\/p>\n<p>Une bougie, une m\u00e9moire<\/p>\n<p class=\" wall-content\">Mais La bougie de Famille n\u2019est pas qu\u2019une simple bougie. C\u2019est un retour aux souvenirs d\u2019enfance, aux moments partag\u00e9s, aux objets qui marquent les esprits. \u00ab\u00a0Les bougies sont con\u00e7ues pour <strong>\u00e9veiller des souvenir<\/strong>s\u00a0\u00bb, explique Marie. Le parfum des bougies, soigneusement s\u00e9lectionn\u00e9 parmi les meilleurs de Grasse donc, est une invitation \u00e0 la nostalgie. Les cires v\u00e9g\u00e9tales biod\u00e9gradables, <strong>sans OGM ni produits d\u00e9riv\u00e9s du p\u00e9trole<\/strong>, offrent une <strong>combustion lente et saine<\/strong>, tandis que les <strong>m\u00e8ches naturelles<\/strong> assurent une s\u00e9curit\u00e9 optimale.<\/p>\n<p>Vid\u00e9os : en ce moment sur Actu<br \/>\n      <img   decoding=\"async\" loading=\"lazy\" src=\"https:\/\/www.europesays.com\/fr\/wp-content\/uploads\/2025\/05\/img-3393-960x640.jpg\" alt=\"La cire utilis\u00e9e est naturelle. \" width=\"960\" height=\"640\"\/><br \/>\n    La cire utilis\u00e9e est naturelle. (\u00a9DR)<\/p>\n<p class=\" wall-content\">La marque propose <strong>une vaste gamme de collections<\/strong>, allant des Anglaises inspir\u00e9es des tasses \u00e0 th\u00e9 d\u2019antan, aux Jolis Soirs, qui s\u2019invitent \u00e0 table pour transformer les d\u00eeners en moments sp\u00e9ciaux. Chaque bougie devient ainsi un objet \u00e0 part enti\u00e8re qui peut allier esth\u00e9tisme et fonction. En effet, lorsque la cire est consum\u00e9e, le contenant, d\u00e9licatement nettoy\u00e9 \u00e0 l\u2019eau chaude, peut \u00eatre utilis\u00e9 comme rangement pour de petits tr\u00e9sors ou m\u00eame recharg\u00e9 pour prolonger l\u2019exp\u00e9rience.<\/p>\n<p>      <img   decoding=\"async\" loading=\"lazy\" src=\"https:\/\/www.europesays.com\/fr\/wp-content\/uploads\/2025\/05\/img-3394-960x640.jpg\" alt=\"Les contenants sont \u00e0 garder. \" width=\"960\" height=\"640\"\/><br \/>\n    Les contenants sont \u00e0 garder. (\u00a9DR) \u00a0 \u00a0\u00a0<strong>&gt;<\/strong> Pour en savoir plus ou pour suivre la marque, rendez-vous <a href=\"https:\/\/labougiedefamille.com\" rel=\"nofollow noopener\" target=\"_blank\">sur son site internet<\/a>\u00a0ou <a href=\"https:\/\/www.instagram.com\/labougiedefamille\/\" rel=\"nofollow noopener\" target=\"_blank\">sur Instagram<\/a>.<\/p>\n<p class=\" wall-content\">Suivez toute l\u2019actualit\u00e9 de vos villes et m\u00e9dias favoris en vous inscrivant \u00e0 <a href=\"https:\/\/moncompte.actu.fr\" title=\"D\u00e9couvez Mon Actu\" rel=\"nofollow noopener\" data-trk=\"{&quot;cta&quot;:{&quot;action&quot;:&quot;https:\\\/\\\/moncompte.actu.fr&quot;,&quot;category&quot;:&quot;mon compte&quot;,&quot;from&quot;:&quot;article footer&quot;,&quot;name&quot;:&quot;Mon actu&quot;,&quot;type&quot;:&quot;cta&quot;}}\" target=\"_blank\">Mon Actu<\/a>.<\/p>\n<p>                    <script async src=\"\/\/www.instagram.com\/embed.js\"><\/script><\/p>\n","protected":false},"excerpt":{"rendered":"Par Manon Haddouche Publi\u00e9 le 1 mai 2025 \u00e0 12h33 Dans un petit atelier \u00e0 c\u00f4t\u00e9 de Montpellier,&hellip;\n","protected":false},"author":2,"featured_media":66693,"comment_status":"","ping_status":"","sticky":false,"template":"","format":"standard","meta":{"footnotes":""},"categories":[9599],"tags":[1111,11,1777,674,1011,27,1305,2208,12,2680,25],"class_list":{"0":"post-66692","1":"post","2":"type-post","3":"status-publish","4":"format-standard","5":"has-post-thumbnail","7":"category-montpellier","8":"tag-actu","9":"tag-actualites","10":"tag-eu","11":"tag-europe","12":"tag-fr","13":"tag-france","14":"tag-lifestyle","15":"tag-montpellier","16":"tag-news","17":"tag-occitanie","18":"tag-republique-francaise"},"share_on_mastodon":{"url":"https:\/\/pubeurope.com\/@fr\/114432159478410228","error":""},"_links":{"self":[{"href":"https:\/\/www.europesays.com\/fr\/wp-json\/wp\/v2\/posts\/66692","targetHints":{"allow":["GET"]}}],"collection":[{"href":"https:\/\/www.europesays.com\/fr\/wp-json\/wp\/v2\/posts"}],"about":[{"href":"https:\/\/www.europesays.com\/fr\/wp-json\/wp\/v2\/types\/post"}],"author":[{"embeddable":true,"href":"https:\/\/www.europesays.com\/fr\/wp-json\/wp\/v2\/users\/2"}],"replies":[{"embeddable":true,"href":"https:\/\/www.europesays.com\/fr\/wp-json\/wp\/v2\/comments?post=66692"}],"version-history":[{"count":0,"href":"https:\/\/www.europesays.com\/fr\/wp-json\/wp\/v2\/posts\/66692\/revisions"}],"wp:featuredmedia":[{"embeddable":true,"href":"https:\/\/www.europesays.com\/fr\/wp-json\/wp\/v2\/media\/66693"}],"wp:attachment":[{"href":"https:\/\/www.europesays.com\/fr\/wp-json\/wp\/v2\/media?parent=66692"}],"wp:term":[{"taxonomy":"category","embeddable":true,"href":"https:\/\/www.europesays.com\/fr\/wp-json\/wp\/v2\/categories?post=66692"},{"taxonomy":"post_tag","embeddable":true,"href":"https:\/\/www.europesays.com\/fr\/wp-json\/wp\/v2\/tags?post=66692"}],"curies":[{"name":"wp","href":"https:\/\/api.w.org\/{rel}","templated":true}]}}