{"id":666939,"date":"2026-01-16T04:56:45","date_gmt":"2026-01-16T04:56:45","guid":{"rendered":"https:\/\/www.europesays.com\/fr\/666939\/"},"modified":"2026-01-16T04:56:45","modified_gmt":"2026-01-16T04:56:45","slug":"match-a-nantes-date-de-depart-pour-les-etats-unis-on-en-sait-plus-sur-le-programme-des-bleus-avant-la-coupe-du-monde-2026","status":"publish","type":"post","link":"https:\/\/www.europesays.com\/fr\/666939\/","title":{"rendered":"Match \u00e0 Nantes, date de d\u00e9part pour les Etats-Unis&#8230; on en sait plus sur le programme des Bleus avant la Coupe du monde 2026"},"content":{"rendered":"<p>Avant de s&rsquo;envoler pour les Etats-Unis pour disputer la Coupe du monde 2026, les joueurs de l&rsquo;\u00e9quipe de France disputeront deux matchs amicaux au d\u00e9but du mois de juin. Le premier aura lieu au stade de la Beaujoire \u00e0 Nantes face \u00e0 une \u00e9quipe qui a disput\u00e9 la CAN. Le 2e sera face \u00e0 un pays europ\u00e9en mais le lieu reste encore \u00e0 d\u00e9terminer.<\/p>\n<p>Le programme des Bleus se pr\u00e9cise. Comme <a href=\"https:\/\/rmcsport.bfmtv.com\/football\/equipe-de-france\/deux-matches-amicaux-avant-le-grand-depart-pour-boston-les-bleus-peaufinent-leur-programme-avant-le-mondial-2026_AN-202601100300.html\" title=\"Deux matches amicaux avant le grand d\u00e9part pour Boston\u2026 Les Bleus peaufinent leur programme avant le Mondial 2026\" class=\"internal_link\" target=\"_blank\" rel=\"noopener\">RMC Sport l\u2019avait annonc\u00e9 le 10 janvier<\/a>, l\u2019\u00e9quipe de France a act\u00e9 la tenue de deux matchs de pr\u00e9paration pour la Coupe du monde au d\u00e9but du mois de juin, avant de s\u2019envoler le 9 en direction de Boston o\u00f9 sera son<a href=\"https:\/\/rmcsport.bfmtv.com\/football\/coupe-du-monde\/coupe-du-monde-2026-l-equipe-de-france-a-trouve-son-camp-de-base_AV-202601090917.html\" title=\"Coupe du monde 2026: l\u2019\u00e9quipe de France a trouv\u00e9 son camp de base\" class=\"internal_link\" target=\"_blank\" rel=\"noopener\"> camp de base pour la Coupe du monde 2026<\/a> (11 juin \u2013 19 juillet). Avant de d\u00e9coller pour les Etats-Unis, les Bleus joueront \u00e0 Nantes le 4 juin contre une \u00e9quipe africaine qui a disput\u00e9 la Coupe d&rsquo;Afrique des Nations.<\/p>\n<p>Un deuxi\u00e8me match \u00e0 Lille plut\u00f4t qu&rsquo;\u00e0 Paris?<\/p>\n<p>Le deuxi\u00e8me match de pr\u00e9paration aura lieu le 8 juin face \u00e0 une \u00e9quipe europ\u00e9enne, qui reste \u00e0 d\u00e9terminer. La volont\u00e9 est de jouer \u00e0 Paris pour des raisons logistiques (d\u00e9collage le lendemain) mais le Stade de France devrait \u00eatre indisponible (concert). Le Parc des Princes devant changer de pelouse \u00e0 cette p\u00e9riode, l&rsquo;option pourrait \u00eatre celle de jouer pr\u00e8s de Paris. Un dernier match dans le Nord (Lille) n&rsquo;est pas exclure.<\/p>\n<p>Rappelons que l\u2019\u00e9quipe de France disputera aussi deux matchs amicaux au mois de mars aux Etats-Unis, pays h\u00f4te du Mondial avec le Mexique et le Canada. Les partenaires de <strong><a href=\"https:\/\/rmcsport.bfmtv.com\/football\/kylian-mbappe\/faire-jouer-mbappe-sous-infiltration-nous-ne-sommes-pas-des-kamikazes-repond-xabi-alonso-avant-le-clasico-real-madrid-fc-barcelone_AD-202601100238.html\" title=\"&quot;Faire jouer Mbapp\u00e9 sous infiltration?&quot; &quot;Nous ne sommes pas des kamikazes&quot; r\u00e9pond Xabi Alonso avant le clasico Real Madrid-FC Barcelone\" class=\"internal_link\" target=\"_blank\" rel=\"noopener\">Kylian Mbapp\u00e9<\/a><\/strong> d\u00e9fieront le Br\u00e9sil le jeudi 26 mars \u00e0 Boston puis la Colombie le 29 \u00e0 Washington.<\/p>\n<p>Pendant la Coupe du monde organis\u00e9e aux Etats-Unis, au Canada et au Mexique, ils installeront leur camp de base \u00e0 l&rsquo;h\u00f4tel Four Seasons de Boston et s&rsquo;entra\u00eeneront sur les terrains du Babson College, une \u00e9cole de commerce priv\u00e9e situ\u00e9e \u00e0 environ trente minutes du centre de la grande ville du Massachusetts.<\/p>\n<p>Les Bleus, t\u00eates de s\u00e9rie du groupe I, affronteront sur la c\u00f4te Est des Etats-Unis le S\u00e9n\u00e9gal, <a href=\"https:\/\/rmcsport.bfmtv.com\/football\/coupe-d-afrique-des-nations\/can-2025-accusation-de-corruption-le-senegal-favorise-l-egypte-a-tres-mal-vecu-son-elimination-en-demi-finale_AV-202601150363.html\" title=\"CAN 2025: accusation de corruption, le S\u00e9n\u00e9gal favoris\u00e9\u2026 l\u2019Egypte a tr\u00e8s mal v\u00e9cu son \u00e9limination en demi-finale\" class=\"internal_link\" target=\"_blank\" rel=\"noopener\">finaliste de la CAN<\/a>, le 16 juin dans la banlieue de New York, un barragiste \u00e0 d\u00e9terminer entre l&rsquo;Irak, la Bolivie ou le Suriname le 22 juin \u00e0 Philadelphie, et la Norv\u00e8ge le 26 \u00e0 Boston. Didier Deschamps d\u00e9voilera \u00e0 la mi-mai la liste des joueurs s\u00e9lectionn\u00e9s pour le Mondial.<\/p>\n","protected":false},"excerpt":{"rendered":"Avant de s&rsquo;envoler pour les Etats-Unis pour disputer la Coupe du monde 2026, les joueurs de l&rsquo;\u00e9quipe de&hellip;\n","protected":false},"author":2,"featured_media":582621,"comment_status":"","ping_status":"","sticky":false,"template":"","format":"standard","meta":{"footnotes":""},"categories":[2818],"tags":[1111,11,1777,674,1011,27,766,12,2636,25],"class_list":{"0":"post-666939","1":"post","2":"type-post","3":"status-publish","4":"format-standard","5":"has-post-thumbnail","7":"category-nantes","8":"tag-actu","9":"tag-actualites","10":"tag-eu","11":"tag-europe","12":"tag-fr","13":"tag-france","14":"tag-nantes","15":"tag-news","16":"tag-pays-de-la-loire","17":"tag-republique-francaise"},"share_on_mastodon":{"url":"https:\/\/pubeurope.com\/@fr\/115903003617794962","error":""},"_links":{"self":[{"href":"https:\/\/www.europesays.com\/fr\/wp-json\/wp\/v2\/posts\/666939","targetHints":{"allow":["GET"]}}],"collection":[{"href":"https:\/\/www.europesays.com\/fr\/wp-json\/wp\/v2\/posts"}],"about":[{"href":"https:\/\/www.europesays.com\/fr\/wp-json\/wp\/v2\/types\/post"}],"author":[{"embeddable":true,"href":"https:\/\/www.europesays.com\/fr\/wp-json\/wp\/v2\/users\/2"}],"replies":[{"embeddable":true,"href":"https:\/\/www.europesays.com\/fr\/wp-json\/wp\/v2\/comments?post=666939"}],"version-history":[{"count":0,"href":"https:\/\/www.europesays.com\/fr\/wp-json\/wp\/v2\/posts\/666939\/revisions"}],"wp:featuredmedia":[{"embeddable":true,"href":"https:\/\/www.europesays.com\/fr\/wp-json\/wp\/v2\/media\/582621"}],"wp:attachment":[{"href":"https:\/\/www.europesays.com\/fr\/wp-json\/wp\/v2\/media?parent=666939"}],"wp:term":[{"taxonomy":"category","embeddable":true,"href":"https:\/\/www.europesays.com\/fr\/wp-json\/wp\/v2\/categories?post=666939"},{"taxonomy":"post_tag","embeddable":true,"href":"https:\/\/www.europesays.com\/fr\/wp-json\/wp\/v2\/tags?post=666939"}],"curies":[{"name":"wp","href":"https:\/\/api.w.org\/{rel}","templated":true}]}}