{"id":666940,"date":"2026-01-16T04:57:19","date_gmt":"2026-01-16T04:57:19","guid":{"rendered":"https:\/\/www.europesays.com\/fr\/666940\/"},"modified":"2026-01-16T04:57:19","modified_gmt":"2026-01-16T04:57:19","slug":"bordeaux-la-section-jeunesse-de-la-bibliotheque-meriadeck-reouvre-ses-portes","status":"publish","type":"post","link":"https:\/\/www.europesays.com\/fr\/666940\/","title":{"rendered":"Bordeaux : la section jeunesse de la Biblioth\u00e8que M\u00e9riadeck r\u00e9ouvre ses portes"},"content":{"rendered":"\n<p data-start=\"104\" data-end=\"373\">Ferm\u00e9 depuis le mois de novembre, l\u2019espace jeunesse de la <a href=\"https:\/\/bibliotheque.bordeaux.fr\/accueil\" rel=\"noopener\" target=\"_blank\">biblioth\u00e8que M\u00e9riadeck<\/a>, \u00e0 Bordeaux, laissait un vide pour de nombreux jeunes lecteurs. Apr\u00e8s plusieurs semaines de travaux d\u00e9di\u00e9s \u00e0 son r\u00e9am\u00e9nagement et \u00e0 son agrandissement, le lieu s\u2019appr\u00eate \u00e0 reprendre vie.<\/p>\n<p data-start=\"380\" data-end=\"579\">Ce vendredi 16 janvier marque la fin de l\u2019attente : l\u2019espace enfants rouvre ses portes et d\u00e9voile une s\u00e9rie de nouveaut\u00e9s pens\u00e9es pour accueillir les jeunes usagers dans un cadre enti\u00e8rement repens\u00e9.<\/p>\n<p> Un \u00e9quipement repens\u00e9<\/p>\n<p data-start=\"100\" data-end=\"554\">Plusieurs nouveaut\u00e9s viennent enrichir l\u2019espace. Un nouvel espace d\u00e9di\u00e9 aux parents et accompagnants a \u00e9t\u00e9 am\u00e9nag\u00e9 pour offrir un accueil plus confortable et mieux adapt\u00e9 aux besoins de la petite enfance, avec notamment un fauteuil d\u2019allaitement, un salon TV et une kitchenette \u00e9quip\u00e9e. \u00c0 l\u2019entr\u00e9e, un vestiaire sp\u00e9cialement con\u00e7u pour les enfants de 0 \u00e0 3 ans est mis \u00e0 disposition, compl\u00e9t\u00e9 par un garage \u00e0 poussettes int\u00e9gr\u00e9 au parcours des usagers.<\/p>\n<p data-start=\"561\" data-end=\"877\">Les collections ont \u00e9galement \u00e9t\u00e9 enti\u00e8rement r\u00e9organis\u00e9es par tranches d\u2019\u00e2ge : 0-3 ans, 3-6 ans, 7-10 ans et 11-14 ans, afin de faciliter l\u2019orientation et de renforcer l\u2019autonomie des jeunes publics. Le mobilier, hors rayonnages, a \u00e9t\u00e9 en partie renouvel\u00e9 pour cr\u00e9er un environnement plus moderne et accueillant.<\/p>\n<p data-start=\"884\" data-end=\"1072\">V\u00e9ritable point central de l\u2019espace, une cabane de lecture aux niches de diff\u00e9rentes hauteurs permet d\u2019accueillir plusieurs enfants en m\u00eame temps, favorisant le partage et la d\u00e9couverte.<\/p>\n<p data-start=\"1079\" data-end=\"1236\">Agrandi, l\u2019espace jeunesse s\u2019\u00e9tend d\u00e9sormais sur <strong data-start=\"1128\" data-end=\"1149\">650 m\u00e8tres carr\u00e9s<\/strong>, contre 500 auparavant, offrant ainsi davantage de place pour lire, jouer et explorer.<\/p>\n","protected":false},"excerpt":{"rendered":"Ferm\u00e9 depuis le mois de novembre, l\u2019espace jeunesse de la biblioth\u00e8que M\u00e9riadeck, \u00e0 Bordeaux, laissait un vide pour&hellip;\n","protected":false},"author":2,"featured_media":666941,"comment_status":"","ping_status":"","sticky":false,"template":"","format":"standard","meta":{"footnotes":""},"categories":[2817],"tags":[1111,47,11,1997,1777,674,1011,27,1922,12,2219,25],"class_list":{"0":"post-666940","1":"post","2":"type-post","3":"status-publish","4":"format-standard","5":"has-post-thumbnail","7":"category-bordeaux","8":"tag-actu","9":"tag-actualite","10":"tag-actualites","11":"tag-bordeaux","12":"tag-eu","13":"tag-europe","14":"tag-fr","15":"tag-france","16":"tag-info","17":"tag-news","18":"tag-nouvelle-aquitaine","19":"tag-republique-francaise"},"share_on_mastodon":{"url":"https:\/\/pubeurope.com\/@fr\/115903007510867235","error":""},"_links":{"self":[{"href":"https:\/\/www.europesays.com\/fr\/wp-json\/wp\/v2\/posts\/666940","targetHints":{"allow":["GET"]}}],"collection":[{"href":"https:\/\/www.europesays.com\/fr\/wp-json\/wp\/v2\/posts"}],"about":[{"href":"https:\/\/www.europesays.com\/fr\/wp-json\/wp\/v2\/types\/post"}],"author":[{"embeddable":true,"href":"https:\/\/www.europesays.com\/fr\/wp-json\/wp\/v2\/users\/2"}],"replies":[{"embeddable":true,"href":"https:\/\/www.europesays.com\/fr\/wp-json\/wp\/v2\/comments?post=666940"}],"version-history":[{"count":0,"href":"https:\/\/www.europesays.com\/fr\/wp-json\/wp\/v2\/posts\/666940\/revisions"}],"wp:featuredmedia":[{"embeddable":true,"href":"https:\/\/www.europesays.com\/fr\/wp-json\/wp\/v2\/media\/666941"}],"wp:attachment":[{"href":"https:\/\/www.europesays.com\/fr\/wp-json\/wp\/v2\/media?parent=666940"}],"wp:term":[{"taxonomy":"category","embeddable":true,"href":"https:\/\/www.europesays.com\/fr\/wp-json\/wp\/v2\/categories?post=666940"},{"taxonomy":"post_tag","embeddable":true,"href":"https:\/\/www.europesays.com\/fr\/wp-json\/wp\/v2\/tags?post=666940"}],"curies":[{"name":"wp","href":"https:\/\/api.w.org\/{rel}","templated":true}]}}