{"id":666944,"date":"2026-01-16T04:59:11","date_gmt":"2026-01-16T04:59:11","guid":{"rendered":"https:\/\/www.europesays.com\/fr\/666944\/"},"modified":"2026-01-16T04:59:11","modified_gmt":"2026-01-16T04:59:11","slug":"elysees-parfums-tire-le-rideau-a-toulouse-quel-dommage-cette-fermeture-deception-chez-les-habitues-de-la-parfumerie-independante","status":"publish","type":"post","link":"https:\/\/www.europesays.com\/fr\/666944\/","title":{"rendered":"Elys\u00e9es Parfums tire le rideau \u00e0 Toulouse\u00a0: \u00ab\u00a0Quel dommage, cette fermeture\u00a0!\u00a0\u00bb D\u00e9ception chez les habitu\u00e9s de la parfumerie ind\u00e9pendante"},"content":{"rendered":"<p>\n                                                                    l&rsquo;essentiel<br \/>\n                                                                La fermeture d\u2019Elys\u00e9es Parfums, parfumerie embl\u00e9matique de Toulouse, marque la fin d\u2019une \u00e9poque. Cr\u00e9\u00e9e en 2000, elle \u00e9tait pris\u00e9e pour son service raffin\u00e9 et ses conseils personnalis\u00e9s. Internet et grands distributeurs ont eu raison de cette institution.\n                            <\/p>\n<p>H\u00e9l\u00e8ne est un peu triste. Cette Toulousaine de 50 ans vient d\u2019apprendre que la parfumerie Elys\u00e9es Parfums s\u2019appr\u00eate \u00e0 tirer le rideau. Cette enseigne de beaut\u00e9 ind\u00e9pendante, cr\u00e9\u00e9e en 2000 rue d\u2019Alsace-Lorraine, a accompagn\u00e9 le quotidien de cette quinquag\u00e9naire durant des d\u00e9cennies. \u00ab\u00a0J\u2019achetais tous mes produits de beaut\u00e9 et parfums dans ce magasin qui proposait aussi un espace institut de beaut\u00e9, se souvient-elle. C\u2019est l\u00e0 que je pr\u00e9f\u00e9rais aller. C\u2019\u00e9tait une vraie boutique, tr\u00e8s parisienne, avec un accueil, un service raffin\u00e9, des conseils. Et des paquets cadeaux incroyables qui vous donnaient envie d\u2019acheter rien que pour le ruban et le sac\u00a0! Quel dommage, cette fermeture\u00a0!\u00a0\u00bb<\/p>\n<p class=\"std-elt__inline\">\n        <strong>\u00c0 lire aussi :<\/strong><br \/>\n        <a href=\"https:\/\/www.ladepeche.fr\/2026\/01\/12\/lenseigne-starbucks-en-difficulte-avec-6-etablissements-en-redressement-et-1-fermeture-imminente-a-toulouse-13157449.php\" target=\"_blank\" rel=\"noopener\">L\u2019enseigne Starbucks en difficult\u00e9 avec six \u00e9tablissements en redressement et une fermeture imminente \u00e0 Toulouse<\/a>\n    <\/p>\n<p>Cr\u00e9\u00e9e en 1984 \u00e0 Tarbes par Viviane Fourcaud, l\u2019enseigne avait ensuite ouvert cette adresse au centre-ville de Toulouse, port\u00e9e par ses enfants, Jean-Olivier et C\u00e9cilia. Cette entreprise familiale comptait, en France, six parfumeries et instituts de beaut\u00e9 tr\u00e8s haut de gamme\u00a0: Toulouse, Pau, Tarbes, Bordeaux et Biarritz et Bayonne. Elys\u00e9es Parfums a su s\u2019imposer \u00e0 Toulouse comme une parfumerie diff\u00e9rente, notamment avec une \u00e9quipe form\u00e9e par les plus grandes marques pour leur originalit\u00e9 et leur savoir-faire.<\/p>\n<blockquote data-instgrm-captioned=\"\" data-instgrm-permalink=\"https:\/\/www.instagram.com\/p\/DSxi2vOCFwU\/?utm_source=ig_embed&amp;utm_campaign=loading\" data-instgrm-version=\"14\" style=\" background:#FFF; border:0; border-radius:3px; box-shadow:0 0 1px 0 rgba(0,0,0,0.5),0 1px 10px 0 rgba(0,0,0,0.15); margin: 1px; max-width:540px; min-width:326px; padding:0; width:99.375%; width:-webkit-calc(100% - 2px); width:calc(100% - 2px);\" data-class=\"instagram-media\"\/>\n<p>Sous les plafonds de la Chapelle Sixtine<\/p>\n<p>Nicolas est un amoureux de la mode et des belles choses\u00a0: \u00ab\u00a0Il fallait aimer le beau pour aller dans cette boutique, assure cet ancien styliste. Se laisser chavirer par la d\u00e9coration, avec ces plafonds peints qui reprenaient ceux de la Chapelle Sixtine. Tout \u00e9tait fait avec harmonie, go\u00fbt et cr\u00e9ativit\u00e9, avec une d\u00e9couverte sur chaque comptoir. Sans oublier la bienveillance de l\u2019\u00e9quipe, toujours prompte \u00e0 vous conseiller sur le dernier parfum \u00e0 la mode ou mieux encore, celui que vous porteriez avec plaisir et s\u00e9duction, sachant \u00e9pouser votre personnalit\u00e9, ou une eau de Cologne impossible \u00e0 trouver ailleurs\u00a0\u00bb.<\/p>\n<p>Malheureusement, au fil des ans, et malgr\u00e9 toutes ses qualit\u00e9s, Elys\u00e9es Parfums a \u00e9t\u00e9 concurrenc\u00e9e f\u00e9rocement par internet et par l\u2019arriv\u00e9e en ville de grands distributeurs, brassant parfumeries et maquillage. \u00ab\u00a0Les jeunes ne venaient pas beaucoup \u00e0 Elys\u00e9es Parfums, reprend H\u00e9l\u00e8ne. Ou alors c\u2019\u00e9tait une histoire de famille qui se transmettait\u00a0\u00bb. La porte de cette boutique rehauss\u00e9e de bois semble d\u00e9finitivement close. Pourtant, bien des regards se posent encore sur les vitrines o\u00f9 tr\u00f4nent quelques flacons, miroirs ou accessoires de sacs, laissant une derni\u00e8re trace de glamour.<\/p>\n<p>La responsable du magasin n\u2019a pas r\u00e9pondu \u00e0 nos sollicitations.<\/p>\n<p>                                                                                                                                                                                                        <script async src=\"\/\/www.instagram.com\/embed.js\"><\/script><\/p>\n","protected":false},"excerpt":{"rendered":"l&rsquo;essentiel La fermeture d\u2019Elys\u00e9es Parfums, parfumerie embl\u00e9matique de Toulouse, marque la fin d\u2019une \u00e9poque. Cr\u00e9\u00e9e en 2000, elle&hellip;\n","protected":false},"author":2,"featured_media":666945,"comment_status":"","ping_status":"","sticky":false,"template":"","format":"standard","meta":{"footnotes":""},"categories":[2816],"tags":[1111,11,7227,33,1777,674,1011,27,2722,12,2680,25,2312],"class_list":{"0":"post-666944","1":"post","2":"type-post","3":"status-publish","4":"format-standard","5":"has-post-thumbnail","7":"category-toulouse","8":"tag-actu","9":"tag-actualites","10":"tag-commerces","11":"tag-economie","12":"tag-eu","13":"tag-europe","14":"tag-fr","15":"tag-france","16":"tag-haute-garonne","17":"tag-news","18":"tag-occitanie","19":"tag-republique-francaise","20":"tag-toulouse"},"share_on_mastodon":{"url":"https:\/\/pubeurope.com\/@fr\/115903015362462021","error":""},"_links":{"self":[{"href":"https:\/\/www.europesays.com\/fr\/wp-json\/wp\/v2\/posts\/666944","targetHints":{"allow":["GET"]}}],"collection":[{"href":"https:\/\/www.europesays.com\/fr\/wp-json\/wp\/v2\/posts"}],"about":[{"href":"https:\/\/www.europesays.com\/fr\/wp-json\/wp\/v2\/types\/post"}],"author":[{"embeddable":true,"href":"https:\/\/www.europesays.com\/fr\/wp-json\/wp\/v2\/users\/2"}],"replies":[{"embeddable":true,"href":"https:\/\/www.europesays.com\/fr\/wp-json\/wp\/v2\/comments?post=666944"}],"version-history":[{"count":0,"href":"https:\/\/www.europesays.com\/fr\/wp-json\/wp\/v2\/posts\/666944\/revisions"}],"wp:featuredmedia":[{"embeddable":true,"href":"https:\/\/www.europesays.com\/fr\/wp-json\/wp\/v2\/media\/666945"}],"wp:attachment":[{"href":"https:\/\/www.europesays.com\/fr\/wp-json\/wp\/v2\/media?parent=666944"}],"wp:term":[{"taxonomy":"category","embeddable":true,"href":"https:\/\/www.europesays.com\/fr\/wp-json\/wp\/v2\/categories?post=666944"},{"taxonomy":"post_tag","embeddable":true,"href":"https:\/\/www.europesays.com\/fr\/wp-json\/wp\/v2\/tags?post=666944"}],"curies":[{"name":"wp","href":"https:\/\/api.w.org\/{rel}","templated":true}]}}