{"id":666954,"date":"2026-01-16T05:05:12","date_gmt":"2026-01-16T05:05:12","guid":{"rendered":"https:\/\/www.europesays.com\/fr\/666954\/"},"modified":"2026-01-16T05:05:12","modified_gmt":"2026-01-16T05:05:12","slug":"lepicerie-des-halles-de-la-martiniere-risque-de-fermer","status":"publish","type":"post","link":"https:\/\/www.europesays.com\/fr\/666954\/","title":{"rendered":"L&rsquo;\u00e9picerie des Halles de la Martini\u00e8re risque de fermer"},"content":{"rendered":"<p class=\"wp-block-post-excerpt__excerpt\">[Info Rue89Lyon] Ouverte depuis 2017, l\u2019\u00e9picerie des Halles de la Martini\u00e8re (Lyon\u00a01\u1d49\u02b3) est en proc\u00e9dure de liquidation judiciaire. Pour cette entreprise de l\u2019\u00e9conomie sociale et solidaire, les difficult\u00e9s se sont accumul\u00e9es : baisse de fr\u00e9quentation, changement de consommation et surtout des loyers et des charges \u00ab\u00a0trop \u00e9lev\u00e9es par rapport \u00e0 l\u2019activit\u00e9\u00a0\u00bb. <\/p>\n<p><a href=\"https:\/\/www.rue89lyon.fr\/actu\/\" rel=\"tag noopener\" target=\"_blank\">Actualit\u00e9<\/a>, <a href=\"https:\/\/www.rue89lyon.fr\/edition-abonnes\/\" rel=\"tag noopener\" target=\"_blank\">\u00c9dition abonn\u00e9s<\/a><\/p>\n<p>M\u00e9line Pulliat<\/p>\n<p>Publi\u00e9 le 16 janvier 2026\u00a0\u00a0\u00b7\u00a0\u00a0<\/p>\n<p>Imprim\u00e9 le 16 janvier 2026 \u00e0 06h05\u00a0\u00a0\u00b7\u00a0\u00a0<\/p>\n<p>\t\t\t\t\t6\u00a0minutes\n<\/p>\n<p>\u00ab\u00a0C\u2019est \u00e9pouvantable\u00a0\u00bb, soupire, bras baiss\u00e9s et mine attrist\u00e9e, un client depuis huit ans de l\u2019\u00e9picerie des Halles de la Martini\u00e8re. Il vient d\u2019apprendre que son \u00ab\u00a0\u00e9picerie du coin\u00a0\u00bb risque de fermer d\u2019ici mardi prochain. Une proc\u00e9dure de liquidation judiciaire a \u00e9t\u00e9 d\u00e9pos\u00e9e au d\u00e9but de l\u2019ann\u00e9e 2026, et l\u2019audience au tribunal de commerce est pr\u00e9vue le 20 janvier.<\/p>\n<p>Les client\u00b7es qui d\u00e9filent ce jeudi 15 janvier partagent sa tristesse, et adressent des v\u0153ux de courage aux g\u00e9rantes du magasin. \u00ab\u00a0On est tr\u00e8s attrist\u00e9s de les voir partir, c\u2019est un manque pour le quartier\u00a0\u00bb, se d\u00e9sole  aussi Camille Augey\u00a0(EELV), adjointe au maire de Lyon en charge de l\u2019\u00e9conomie locale et des commerces. <\/p>\n<p>D\u00e9pit surtout du c\u00f4t\u00e9 de Cl\u00e9mentine, Marine, C\u00e9line et Manon, les quatre g\u00e9rantes de cette \u00e9picerie de produits bio et locaux. \u00ab\u00a0On n\u2019a plus les moyens de continuer\u00a0\u00bb, soupire Cl\u00e9mentine. Avec regrets, elles doivent d\u00e9sormais \u00e9couler les stocks.<\/p>\n<p>Lisez la suite pour 1\u20ac<\/p>\n<p>En profitant de notre offre d\u2019essai, r\u00e9siliable en ligne \u00e0 tout moment.<\/p>\n<p><strong>Pour acc\u00e9der \u00e0 cet article, il faut \u00eatre abonn\u00e9. Pourquoi\u00a0?<\/strong><\/p>\n<p>Les informations exclusives, les enqu\u00eates et certains reportages constituent l\u2019\u00e9dition abonn\u00e9s de Rue89Lyon. En tant que m\u00e9dia ind\u00e9pendant, nos ressources proviennent de nos lectrices et lecteurs abonn\u00e9s, aucun milliardaire ni groupe bancaire ne nous finance.<\/p>\n<p>Nous demandons \u00e0 nos lecteurs une faible contribution pour disposer \u00e0 Lyon d\u2019un m\u00e9dia vigie des pouvoirs locaux, capable d\u2019enqu\u00eater et de traiter les enjeux locaux en profondeur et dans la dur\u00e9e.<\/p>\n<p>Chaque abonnement compte. Toutes nos recettes sont investies dans un journalisme local ind\u00e9pendant, dont la force et la r\u00e9activit\u00e9 d\u00e9pend directement du nombre d\u2019abonn\u00e9s actifs.<\/p>\n<p class=\"has-text-align-right\"><strong><a href=\"https:\/\/www.rue89lyon.fr\/abonnement\/\" data-type=\"page\" data-id=\"0\" target=\"_blank\" rel=\"noopener\">Je m\u2019abonne\u00a0 <\/a><\/strong><\/p>\n<p>\t\t\t<a href=\"https:\/\/www.rue89lyon.fr\/\" class=\"custom-logo-link\" rel=\"home noopener\" target=\"_blank\"><img loading=\"lazy\" decoding=\"async\" width=\"290\" height=\"89\" src=\"https:\/\/www.europesays.com\/fr\/wp-content\/uploads\/2025\/04\/1745556146_356_logo.png\" class=\"custom-logo\" alt=\"Rue89Lyon Infos, enqu\u00eates \u00e0 Lyon et dans la r\u00e9gion\"  \/><\/a><\/p>\n<p>\n\t\t\t\tAbonnez-vous maintenant pour suivre l\u2019actualit\u00e9 locale.\t\t\t<\/p>\n<p class=\"font-bold font-serif-heading mb-2 text-4xl\">\n\t\t\t\t\t\tL\u2019investigation locale \u00e0 port\u00e9e de main.\n\t\t\t\t\t<\/p>\n<p>\n\t\t\t\t\t\tAbonnez-vous et profitez d\u2019un acc\u00e8s illimit\u00e9 \u00e0 Rue89 Lyon. Annulez quand vous voulez.\n\t\t\t\t\t<\/p>\n<p class=\"xl:text-sm\">\n\t\t\t\t\tD\u00e9j\u00e0 abonn\u00e9\u00a0?<br \/>\n\t\t\t\t\t<a class=\"border border-transparent text-center transition-colors duration-instant focus:border-info focus:rounded focus:shadow-focus cursor-pointer text-black hover:text-gray-700 active:bg-black-700 font-semibold inline-block\" href=\"https:\/\/www.rue89lyon.fr\/user\/login\/?redirect=\/2026\/01\/16\/epicerie-halles-martiniere-risque-fermeture\/\" target=\"_blank\" rel=\"noopener\">Connectez-vous<\/a>\t\t\t\t<\/p>\n<p>\n\t\t\t\tChoisissez votre formule\u00a0:\n\t\t\t<\/p>\n<p>\t\t\t\tFermer<\/p>\n","protected":false},"excerpt":{"rendered":"[Info Rue89Lyon] Ouverte depuis 2017, l\u2019\u00e9picerie des Halles de la Martini\u00e8re (Lyon\u00a01\u1d49\u02b3) est en proc\u00e9dure de liquidation judiciaire.&hellip;\n","protected":false},"author":2,"featured_media":666955,"comment_status":"","ping_status":"","sticky":false,"template":"","format":"standard","meta":{"footnotes":""},"categories":[1889],"tags":[1111,11,2430,215,33,1777,674,1011,27,2428,10510,12,25],"class_list":{"0":"post-666954","1":"post","2":"type-post","3":"status-publish","4":"format-standard","5":"has-post-thumbnail","7":"category-lyon","8":"tag-actu","9":"tag-actualites","10":"tag-auvergne-rhone-alpes","11":"tag-commerce","12":"tag-economie","13":"tag-eu","14":"tag-europe","15":"tag-fr","16":"tag-france","17":"tag-lyon","18":"tag-metropole-de-lyon","19":"tag-news","20":"tag-republique-francaise"},"share_on_mastodon":{"url":"https:\/\/pubeurope.com\/@fr\/115903039047347523","error":""},"_links":{"self":[{"href":"https:\/\/www.europesays.com\/fr\/wp-json\/wp\/v2\/posts\/666954","targetHints":{"allow":["GET"]}}],"collection":[{"href":"https:\/\/www.europesays.com\/fr\/wp-json\/wp\/v2\/posts"}],"about":[{"href":"https:\/\/www.europesays.com\/fr\/wp-json\/wp\/v2\/types\/post"}],"author":[{"embeddable":true,"href":"https:\/\/www.europesays.com\/fr\/wp-json\/wp\/v2\/users\/2"}],"replies":[{"embeddable":true,"href":"https:\/\/www.europesays.com\/fr\/wp-json\/wp\/v2\/comments?post=666954"}],"version-history":[{"count":0,"href":"https:\/\/www.europesays.com\/fr\/wp-json\/wp\/v2\/posts\/666954\/revisions"}],"wp:featuredmedia":[{"embeddable":true,"href":"https:\/\/www.europesays.com\/fr\/wp-json\/wp\/v2\/media\/666955"}],"wp:attachment":[{"href":"https:\/\/www.europesays.com\/fr\/wp-json\/wp\/v2\/media?parent=666954"}],"wp:term":[{"taxonomy":"category","embeddable":true,"href":"https:\/\/www.europesays.com\/fr\/wp-json\/wp\/v2\/categories?post=666954"},{"taxonomy":"post_tag","embeddable":true,"href":"https:\/\/www.europesays.com\/fr\/wp-json\/wp\/v2\/tags?post=666954"}],"curies":[{"name":"wp","href":"https:\/\/api.w.org\/{rel}","templated":true}]}}