{"id":666958,"date":"2026-01-16T05:08:34","date_gmt":"2026-01-16T05:08:34","guid":{"rendered":"https:\/\/www.europesays.com\/fr\/666958\/"},"modified":"2026-01-16T05:08:34","modified_gmt":"2026-01-16T05:08:34","slug":"brassage-u14f-14-01-ligue-de-paris-ile-de-france","status":"publish","type":"post","link":"https:\/\/www.europesays.com\/fr\/666958\/","title":{"rendered":"BRASSAGE U14F 14\/01 \u2013 LIGUE DE PARIS ILE-DE-FRANCE"},"content":{"rendered":"<p style=\"text-align: justify;\">Un brassage U14F a eu lieu ce mercredi 14 janvier au Campus Domaine de Morfond\u00e9. 45 joueuses \u00e9taient pr\u00e9sentes \u00e0 ce rassemblement dont des filles de l\u2019INF Clairefontaine et du p\u00f4le espoirs Tours. Trois \u00e9quipes ont \u00e9t\u00e9 constitu\u00e9es et se sont affront\u00e9es. Retour sur cet apr\u00e8s-midi.<\/p>\n<p style=\"text-align: justify;\">Les meilleures joueuses U14 de la r\u00e9gion parisienne \u00e9taient pr\u00e9sentes ce mercredi 14 janvier \u00e0 Morfond\u00e9 pour un brassage. 45 filles repr\u00e9sentant 21 clubs franciliens ont \u00e9t\u00e9 convoqu\u00e9es pour ce rassemblement avec notamment les joueuses de l\u2019INF Clairefontaine et les franciliennes du p\u00f4le espoirs Tours. L\u2019\u00e9quipe technique r\u00e9gionale de la LPIFF avait r\u00e9parti les joueuses au sein de trois \u00e9quipes qui se sont chacune affront\u00e9es. Les filles retenues \u00e0 l\u2019issue de ce brassage seront convoqu\u00e9es pour un stage r\u00e9gional lors des vacances de f\u00e9vrier. La s\u00e9lection U14F Paris IDF sera constitu\u00e9e apr\u00e8s ce stage pour jouer trois rencontres en fin de saison.<\/p>\n<p style=\"text-align: justify;\"><strong>C\u00e9line Lapertot<\/strong>, DTR Adjointe, sur le rassemblement de ce mercredi : \u00ab\u00a0Le rassemblement s\u2019est bien d\u00e9roul\u00e9, on est satisfaits de l\u2019engagement et de l\u2019\u00e9tat d\u2019esprit des joueuses. \u00c0 la suite de ce brassage, nous retiendrons un groupe pour le stage r\u00e9gional pendant les vacances de f\u00e9vrier. Il permettra de d\u00e9terminer la s\u00e9lection r\u00e9gionale U14F qui participera \u00e0 plusieurs rencontres. Une au mois d\u2019avril contre le Grand Est, une en mai face \u00e0 la Normandie et une derni\u00e8re au mois de juin contre l\u2019INF Clairefontaine.\u00a0\u00bb<\/p>\n<p style=\"text-align: justify;\">Merci aux joueuses pr\u00e9sentes ce mercredi pour leur investissement ainsi qu\u2019aux clubs franciliens et aux p\u00f4les pour leur collaboration avec l\u2019\u00e9quipe technique r\u00e9gionale !<\/p>\n<p>Par<br \/>\n                     Mathieu<br \/>\n                     DEVILLE CAVELLIN\n                <\/p>\n","protected":false},"excerpt":{"rendered":"Un brassage U14F a eu lieu ce mercredi 14 janvier au Campus Domaine de Morfond\u00e9. 45 joueuses \u00e9taient&hellip;\n","protected":false},"author":2,"featured_media":666959,"comment_status":"","ping_status":"","sticky":false,"template":"","format":"standard","meta":{"footnotes":""},"categories":[1592],"tags":[1111,11,1777,674,1011,27,662,12,626,25],"class_list":{"0":"post-666958","1":"post","2":"type-post","3":"status-publish","4":"format-standard","5":"has-post-thumbnail","7":"category-ile-de-france","8":"tag-actu","9":"tag-actualites","10":"tag-eu","11":"tag-europe","12":"tag-fr","13":"tag-france","14":"tag-ile-de-france","15":"tag-news","16":"tag-paris","17":"tag-republique-francaise"},"share_on_mastodon":{"url":"https:\/\/pubeurope.com\/@fr\/115903050815016388","error":""},"_links":{"self":[{"href":"https:\/\/www.europesays.com\/fr\/wp-json\/wp\/v2\/posts\/666958","targetHints":{"allow":["GET"]}}],"collection":[{"href":"https:\/\/www.europesays.com\/fr\/wp-json\/wp\/v2\/posts"}],"about":[{"href":"https:\/\/www.europesays.com\/fr\/wp-json\/wp\/v2\/types\/post"}],"author":[{"embeddable":true,"href":"https:\/\/www.europesays.com\/fr\/wp-json\/wp\/v2\/users\/2"}],"replies":[{"embeddable":true,"href":"https:\/\/www.europesays.com\/fr\/wp-json\/wp\/v2\/comments?post=666958"}],"version-history":[{"count":0,"href":"https:\/\/www.europesays.com\/fr\/wp-json\/wp\/v2\/posts\/666958\/revisions"}],"wp:featuredmedia":[{"embeddable":true,"href":"https:\/\/www.europesays.com\/fr\/wp-json\/wp\/v2\/media\/666959"}],"wp:attachment":[{"href":"https:\/\/www.europesays.com\/fr\/wp-json\/wp\/v2\/media?parent=666958"}],"wp:term":[{"taxonomy":"category","embeddable":true,"href":"https:\/\/www.europesays.com\/fr\/wp-json\/wp\/v2\/categories?post=666958"},{"taxonomy":"post_tag","embeddable":true,"href":"https:\/\/www.europesays.com\/fr\/wp-json\/wp\/v2\/tags?post=666958"}],"curies":[{"name":"wp","href":"https:\/\/api.w.org\/{rel}","templated":true}]}}