{"id":66696,"date":"2025-05-01T10:47:10","date_gmt":"2025-05-01T10:47:10","guid":{"rendered":"https:\/\/www.europesays.com\/fr\/66696\/"},"modified":"2025-05-01T10:47:10","modified_gmt":"2025-05-01T10:47:10","slug":"metropole-de-grenoble-un-adolescent-de-15-ans-se-fait-agresser-pour-sa-trottinette","status":"publish","type":"post","link":"https:\/\/www.europesays.com\/fr\/66696\/","title":{"rendered":"M\u00e9tropole de Grenoble. Un adolescent de 15 ans se fait agresser pour sa trottinette"},"content":{"rendered":"<p>Un gar\u00e7on de 15 ans qui circulait sur sa trottinette \u00e9lectrique a \u00e9t\u00e9 agress\u00e9 par un groupe de quatre individus \u2013 eux-m\u00eames juch\u00e9s sur des trottinettes \u00e9lectriques \u2013, ce mercredi 30\u00a0avril vers 20 heures rue des Charrettes \u00e0 Seyssinet-Pariset.<\/p>\n<p>Selon sa m\u00e8re, qui a contact\u00e9 Le Dauphin\u00e9 Lib\u00e9r\u00e9, l\u2019un d\u2019eux s\u2019est jet\u00e9 sur lui et lui a port\u00e9 plusieurs coups de poing au niveau de la t\u00eate qui ont heureusement \u00e9t\u00e9 amortis par le casque qu\u2019il portait.<\/p>\n<p>Ce contenu est bloqu\u00e9 car vous n&rsquo;avez pas accept\u00e9 les cookies et autres traceurs.<\/p>\n<p>En cliquant sur \u00ab J\u2019accepte \u00bb, les cookies et autres traceurs seront d\u00e9pos\u00e9s et vous pourrez visualiser les contenus  (<a href=\"\" class=\"consentModule_policy\" target=\"_blank\" title=\"Consulter la politique de protection des donn\u00e9es du fournisseur\">plus d&rsquo;informations<\/a>).<\/p>\n<p>En cliquant sur \u00ab J\u2019accepte tous les cookies \u00bb, vous autorisez des d\u00e9p\u00f4ts de cookies et autres traceurs pour le stockage de vos donn\u00e9es sur nos sites et applications \u00e0 des fins de personnalisation et de ciblage publicitaire.<\/p>\n<p class=\"consentModule_secondaryText\">Vous gardez la possibilit\u00e9 de retirer votre consentement \u00e0 tout moment en consultant notre <a href=\"https:\/\/www.ledauphine.com\/protection-des-donnees\" target=\"_blank\" title=\"Consulter notre politique de protection des donn\u00e9es\" rel=\"noopener\">politique de protection des donn\u00e9es<\/a>. <br \/>&#13;<br \/>\n            <a href=\"https:\/\/www.ledauphine.com\/faits-divers-justice\/2025\/05\/01\/javascript:Didomi.notice.show()\" class=\"consentModule_cmp\" target=\"_blank\" rel=\"noopener\">G\u00e9rer mes choix<\/a>&#13;\n        <\/p>\n<p>&#13;<br \/>\n                        J&rsquo;accepte&#13;<br \/>\n            J&rsquo;accepte tous les cookies&#13;\n        <\/p>\n<p>  Les agresseurs ont pris la fuite avec sa trottinette<\/p>\n<p>Les agresseurs lui ont ensuite pris sa trottinette et se sont enfuis avec en direction du pont de Catane et de Grenoble.<\/p>\n<p>\u00ab\u00a0Suite au vacarme produit, des habitants des environs ont aid\u00e9 mon fils \u00e0 se relever et l\u2019ont mis en s\u00e9curit\u00e9 puis nous ont appel\u00e9s\u00a0\u00bb, a pr\u00e9cis\u00e9 la m\u00e8re de la victime qui a contact\u00e9 la gendarmerie et d\u00e9pos\u00e9 plainte pour \u00ab\u00a0vol avec violences et en r\u00e9union\u00a0\u00bb, ce jeudi matin.<\/p>\n","protected":false},"excerpt":{"rendered":"Un gar\u00e7on de 15 ans qui circulait sur sa trottinette \u00e9lectrique a \u00e9t\u00e9 agress\u00e9 par un groupe de&hellip;\n","protected":false},"author":2,"featured_media":66697,"comment_status":"","ping_status":"","sticky":false,"template":"","format":"standard","meta":{"footnotes":""},"categories":[9566],"tags":[1111,11,2430,271,272,112,1777,674,274,107,1011,27,2731,108,12278,12,25,16735],"class_list":{"0":"post-66696","1":"post","2":"type-post","3":"status-publish","4":"format-standard","5":"has-post-thumbnail","7":"category-grenoble","8":"tag-actu","9":"tag-actualites","10":"tag-auvergne-rhone-alpes","11":"tag-crime","12":"tag-delit-et-contravention","13":"tag-edition-grenoble-agglomeration","14":"tag-eu","15":"tag-europe","16":"tag-faits-divers-justice","17":"tag-fil-info","18":"tag-fr","19":"tag-france","20":"tag-grenoble","21":"tag-isere","22":"tag-lagglomeration-et-le-vercors","23":"tag-news","24":"tag-republique-francaise","25":"tag-seyssinet-pariset"},"share_on_mastodon":{"url":"https:\/\/pubeurope.com\/@fr\/114432183049027545","error":""},"_links":{"self":[{"href":"https:\/\/www.europesays.com\/fr\/wp-json\/wp\/v2\/posts\/66696","targetHints":{"allow":["GET"]}}],"collection":[{"href":"https:\/\/www.europesays.com\/fr\/wp-json\/wp\/v2\/posts"}],"about":[{"href":"https:\/\/www.europesays.com\/fr\/wp-json\/wp\/v2\/types\/post"}],"author":[{"embeddable":true,"href":"https:\/\/www.europesays.com\/fr\/wp-json\/wp\/v2\/users\/2"}],"replies":[{"embeddable":true,"href":"https:\/\/www.europesays.com\/fr\/wp-json\/wp\/v2\/comments?post=66696"}],"version-history":[{"count":0,"href":"https:\/\/www.europesays.com\/fr\/wp-json\/wp\/v2\/posts\/66696\/revisions"}],"wp:featuredmedia":[{"embeddable":true,"href":"https:\/\/www.europesays.com\/fr\/wp-json\/wp\/v2\/media\/66697"}],"wp:attachment":[{"href":"https:\/\/www.europesays.com\/fr\/wp-json\/wp\/v2\/media?parent=66696"}],"wp:term":[{"taxonomy":"category","embeddable":true,"href":"https:\/\/www.europesays.com\/fr\/wp-json\/wp\/v2\/categories?post=66696"},{"taxonomy":"post_tag","embeddable":true,"href":"https:\/\/www.europesays.com\/fr\/wp-json\/wp\/v2\/tags?post=66696"}],"curies":[{"name":"wp","href":"https:\/\/api.w.org\/{rel}","templated":true}]}}