{"id":666962,"date":"2026-01-16T05:10:11","date_gmt":"2026-01-16T05:10:11","guid":{"rendered":"https:\/\/www.europesays.com\/fr\/666962\/"},"modified":"2026-01-16T05:10:11","modified_gmt":"2026-01-16T05:10:11","slug":"lambassadeur-diran-souhaite-le-retour-des-que-possible-de-cecile-kohler-et-jacques-paris-en-france","status":"publish","type":"post","link":"https:\/\/www.europesays.com\/fr\/666962\/","title":{"rendered":"L&rsquo;ambassadeur d&rsquo;Iran souhaite \u00ab\u00a0le retour d\u00e8s que possible\u00a0\u00bb de C\u00e9cile Kohler et Jacques Paris en France"},"content":{"rendered":"<p class=\"mb-4 text-lg md:leading-8 break-words\">Quand C\u00e9cile Kohler et Jacques Paris, retenus en Iran depuis mai 2022, pourront rentrer en France? Sur notre antenne, l&rsquo;ambassadeur d&rsquo;Iran en France, Mohammad Amin-Nejad, a partag\u00e9 <a data-i13n=\"cpos:1;pos:1\" href=\"https:\/\/www.bfmtv.com\/international\/moyen-orient\/iran\/direct-manifestations-en-iran-teheran-ferme-son-espace-aerien-a-la-plupart-des-avions-au-moins-3-428-manifestants-tues_LN-202601150262.html\" rel=\"nofollow noopener\" target=\"_blank\" data-ylk=\"slk:ce jeudi 15 janvier;cpos:1;pos:1;elm:context_link;itc:0;sec:content-canvas\" class=\"link \">ce jeudi 15 janvier<\/a> son souhait de voir \u00ab\u00a0le retour d\u00e8s que possible\u00a0\u00bb des deux Fran\u00e7ais. Une annonce qui intervient alors qu&rsquo;un important mouvement de contestation secoue l&rsquo;Iran depuis fin d\u00e9cembre.<\/p>\n<p class=\"mb-4 text-lg md:leading-8 break-words\">Ces derniers sont retenus \u00e0 l&rsquo;ambassade de France \u00e0 T\u00e9h\u00e9ran depuis leur <a data-i13n=\"cpos:2;pos:1\" href=\"https:\/\/fr.news.yahoo.com\/emmanuel-macron-annonce-lib%C3%A9ration-c%C3%A9cile-182516466.html\" data-ylk=\"slk:sortie de prison, le 4 novembre dernier;cpos:2;pos:1;elm:context_link;itc:0;sec:content-canvas;outcm:mb_qualified_link;_E:mb_qualified_link;ct:story;\" class=\"link  yahoo-link\" target=\"_blank\" rel=\"noopener\">sortie de prison, le 4 novembre dernier<\/a>. Jusqu&rsquo;alors, les deux Fran\u00e7ais \u00e9taient incarc\u00e9r\u00e9s \u00e0 <a data-i13n=\"cpos:3;pos:1\" href=\"https:\/\/fr.news.yahoo.com\/conditions-insalubres-isolement-pressions-morales-124313798.html\" data-ylk=\"slk:la prison d&#039;Evin dans la capitale iranienne.;cpos:3;pos:1;elm:context_link;itc:0;sec:content-canvas;outcm:mb_qualified_link;_E:mb_qualified_link;ct:story;\" class=\"link  yahoo-link\" target=\"_blank\" rel=\"noopener\">la prison d&rsquo;Evin dans la capitale iranienne.<\/a> C\u00e9cile Kohler et Jacques Paris \u00e9taient inculp\u00e9s en Iran pour espionnage au profit des services de renseignement fran\u00e7ais et isra\u00e9lien. Des accusations r\u00e9fut\u00e9es par leurs proches et la diplomatie fran\u00e7aise.<\/p>\n<p>Vers un \u00e9change avec une Iranienne jug\u00e9e en ce moment ?<\/p>\n<p class=\"mb-4 text-lg md:leading-8 break-words\">Le couple a \u00e9t\u00e9 condamn\u00e9 mi-octobre \u00e0 de <a data-i13n=\"cpos:4;pos:1\" href=\"https:\/\/fr.news.yahoo.com\/c%C3%A9cile-kohler-jacques-paris-condamn%C3%A9s-122142743.html\" data-ylk=\"slk:lourdes peines cumul\u00e9es de respectivement 20 et 17 ans de prison;cpos:4;pos:1;elm:context_link;itc:0;sec:content-canvas;outcm:mb_qualified_link;_E:mb_qualified_link;ct:story;\" class=\"link  yahoo-link\" target=\"_blank\" rel=\"noopener\">lourdes peines cumul\u00e9es de respectivement 20 et 17 ans de prison<\/a>. D\u00e9sormais, les deux Fran\u00e7ais sont assign\u00e9s \u00e0 r\u00e9sidence dans l&rsquo;ambassade o\u00f9 \u00ab\u00a0leur s\u00e9curit\u00e9 est assur\u00e9e\u00a0\u00bb, selon Mohammad Amin-Nejad. \u00ab\u00a0Ils sont en bonne sant\u00e9 maintenant\u00a0\u00bb, pr\u00e9cise-t-il sur BFMTV. En novembre dernier, <a data-i13n=\"cpos:5;pos:1\" href=\"https:\/\/fr.news.yahoo.com\/emmanuel-macron-r%C3%A9clame-au-pr%C3%A9sident-154440284.html\" data-ylk=\"slk:Emmanuel Macron avait r\u00e9clam\u00e9 \u00e0 son homologue iranien;cpos:5;pos:1;elm:context_link;itc:0;sec:content-canvas;outcm:mb_qualified_link;_E:mb_qualified_link;ct:story;\" class=\"link  yahoo-link\" target=\"_blank\" rel=\"noopener\">Emmanuel Macron avait r\u00e9clam\u00e9 \u00e0 son homologue iranien<\/a> la lib\u00e9ration \u00ab\u00a0pleine et enti\u00e8re (&#8230;) le plus rapidement possible\u00a0\u00bb de C\u00e9cile Kohler et Jacques Paris.<\/p>\n<p class=\"mb-4 text-lg md:leading-8 break-words\">Ce retour en France pourrait \u00eatre conditionn\u00e9 \u00e0 un \u00e9change avec l&rsquo;Iranienne Mahdieh Esfandiari dont le proc\u00e8s s&rsquo;est ouvert \u00e0 Paris ce mardi. Elle compara\u00eet pour apologie d&rsquo;un acte de terrorisme commis en ligne, provocation directe en ligne \u00e0 un acte de terrorisme, injure publique en ligne en raison de l&rsquo;origine, ethnie, nation, race ou religion et association de malfaiteurs.<\/p>\n<p class=\"mb-4 text-lg md:leading-8 break-words\">Mahdieh Esfandiari est soup\u00e7onn\u00e9e d&rsquo;avoir aliment\u00e9 un compte Telegram faisant l&rsquo;apologie de l&rsquo;attaque men\u00e9e par le Hamas le 7 octobre 2023 contre Isra\u00ebl. Elle avait \u00e9t\u00e9 <a data-i13n=\"cpos:6;pos:1\" href=\"https:\/\/fr.news.yahoo.com\/info-bfmtv-antis%C3%A9mitisme-cryptomonnaie-argent-150542003.html\" data-ylk=\"slk:interpell\u00e9e le 28 f\u00e9vrier dernier \u00e0 Villeurbanne, dans le Rh\u00f4ne;cpos:6;pos:1;elm:context_link;itc:0;sec:content-canvas;outcm:mb_qualified_link;_E:mb_qualified_link;ct:story;\" class=\"link  yahoo-link\" target=\"_blank\" rel=\"noopener\">interpell\u00e9e le 28 f\u00e9vrier dernier \u00e0 Villeurbanne, dans le Rh\u00f4ne<\/a>, en possession de 2 100 euros en esp\u00e8ces et d&rsquo;un billet d&rsquo;avion pour fuir vers l&rsquo;Iran. Mahdieh Esfandiari est aussi soup\u00e7onn\u00e9 par la justice fran\u00e7aise d&rsquo;\u00eatre un agent d&rsquo;influence au service du r\u00e9gime des mollahs.<\/p>\n<p class=\"mb-4 text-lg md:leading-8 break-words\"><a data-i13n=\"cpos:7;pos:1\" href=\"https:\/\/www.bfmtv.com\/international\/moyen-orient\/iran\/l-ambassadeur-d-iran-souhaite-le-retour-des-que-possible-de-cecile-kohler-et-jacques-paris-en-france_AV-202601151002.html#xtor=AL-68\" rel=\"nofollow noopener\" target=\"_blank\" data-ylk=\"slk:Article original publi\u00e9 sur BFMTV.com;cpos:7;pos:1;elm:context_link;itc:0;sec:content-canvas\" class=\"link \">Article original publi\u00e9 sur BFMTV.com<\/a><\/p>\n","protected":false},"excerpt":{"rendered":"Quand C\u00e9cile Kohler et Jacques Paris, retenus en Iran depuis mai 2022, pourront rentrer en France? Sur notre&hellip;\n","protected":false},"author":2,"featured_media":666963,"comment_status":"","ping_status":"","sticky":false,"template":"","format":"standard","meta":{"footnotes":""},"categories":[1888],"tags":[1111,1928,11,1927,37033,1777,674,1011,3844,27,3019,76720,3330,12,1926,626,1925,25],"class_list":{"0":"post-666962","1":"post","2":"type-post","3":"status-publish","4":"format-standard","5":"has-post-thumbnail","7":"category-paris","8":"tag-actu","9":"tag-actu-paris","10":"tag-actualites","11":"tag-actualites-paris","12":"tag-cecile-kohler","13":"tag-eu","14":"tag-europe","15":"tag-fr","16":"tag-francais","17":"tag-france","18":"tag-iran","19":"tag-mohammad-amin-nejad","20":"tag-mouvement-de-contestation","21":"tag-news","22":"tag-news-paris","23":"tag-paris","24":"tag-paris-news","25":"tag-republique-francaise"},"share_on_mastodon":{"url":"https:\/\/pubeurope.com\/@fr\/115903058604142956","error":""},"_links":{"self":[{"href":"https:\/\/www.europesays.com\/fr\/wp-json\/wp\/v2\/posts\/666962","targetHints":{"allow":["GET"]}}],"collection":[{"href":"https:\/\/www.europesays.com\/fr\/wp-json\/wp\/v2\/posts"}],"about":[{"href":"https:\/\/www.europesays.com\/fr\/wp-json\/wp\/v2\/types\/post"}],"author":[{"embeddable":true,"href":"https:\/\/www.europesays.com\/fr\/wp-json\/wp\/v2\/users\/2"}],"replies":[{"embeddable":true,"href":"https:\/\/www.europesays.com\/fr\/wp-json\/wp\/v2\/comments?post=666962"}],"version-history":[{"count":0,"href":"https:\/\/www.europesays.com\/fr\/wp-json\/wp\/v2\/posts\/666962\/revisions"}],"wp:featuredmedia":[{"embeddable":true,"href":"https:\/\/www.europesays.com\/fr\/wp-json\/wp\/v2\/media\/666963"}],"wp:attachment":[{"href":"https:\/\/www.europesays.com\/fr\/wp-json\/wp\/v2\/media?parent=666962"}],"wp:term":[{"taxonomy":"category","embeddable":true,"href":"https:\/\/www.europesays.com\/fr\/wp-json\/wp\/v2\/categories?post=666962"},{"taxonomy":"post_tag","embeddable":true,"href":"https:\/\/www.europesays.com\/fr\/wp-json\/wp\/v2\/tags?post=666962"}],"curies":[{"name":"wp","href":"https:\/\/api.w.org\/{rel}","templated":true}]}}