{"id":66700,"date":"2025-05-01T10:49:11","date_gmt":"2025-05-01T10:49:11","guid":{"rendered":"https:\/\/www.europesays.com\/fr\/66700\/"},"modified":"2025-05-01T10:49:11","modified_gmt":"2025-05-01T10:49:11","slug":"pourquoi-ny-a-t-il-pas-plus-dabris-couverts-pour-les-velos-dans-cette-ville-pres-de-rennes","status":"publish","type":"post","link":"https:\/\/www.europesays.com\/fr\/66700\/","title":{"rendered":"Pourquoi n\u2019y a-t-il pas plus d\u2019abris couverts pour les v\u00e9los dans cette ville pr\u00e8s de Rennes"},"content":{"rendered":"<p>\u00a0Plusieurs \u00e9quipements municipaux de Saint-Gr\u00e9goire (pr\u00e8s de Rennes, Ille-et-Vilaine) ne disposent pas d\u2019abris couverts (piscine, m\u00e9diath\u00e8que, mairie), quand certains sont satur\u00e9s. Qu\u2019est-il pr\u00e9vu sur le sujet\u00a0?\u00a0 a questionn\u00e9 Gw\u00e9nol\u00e9 Le Colleter, conseiller municipal d\u2019opposition lors du dernier conseil.<\/p>\n<p><strong>Lire aussi\u00a0:<\/strong>\u00a0<a href=\"https:\/\/rennes.maville.com\/actu\/actudet_-grace-a-son-traceur-gps-il-retrouve-son-velo-vole-et-permet-le-demantelement-d-un-large-trafic-_7-6779879_actu.Htm\" rel=\"nofollow noopener\" target=\"_blank\">Gr\u00e2ce \u00e0 son traceur GPS, il retrouve son v\u00e9lo vol\u00e9, et aide \u00e0 d\u00e9manteler un large trafic<\/a><\/p>\n<p>L\u2019\u00e9lu cite par exemple l\u2019abri couvert install\u00e9 devant l\u2019\u00e9cole publique de la commune.<\/p>\n<p>\u00ab\u00a0Investissement significatif\u00a0\u00bb<\/p>\n<p>La\u00ebtitia Remoissenet, <a href=\"https:\/\/rennes.maville.com\/actu\/actudet_-bientot-une-piste-cyclable-entre-montreuil-le-gast-et-saint-gregoire-_7-6678425_actu.Htm\" rel=\"nofollow noopener\" target=\"_blank\">maire de Saint-Gr\u00e9goire, <\/a>r\u00e9pond que les abris couverts repr\u00e9sentent \u00a0un investissement tr\u00e8s significatif\u00a0.<\/p>\n<p>La mairie a fait le choix d\u2019\u00e9quiper diff\u00e9rents lieux de la commune d\u2019attaches v\u00e9los non couverts \u00a0pour des questions de prix\u00a0.<\/p>\n<p>Pour le centre de La Forge, les \u00e9quipements viendront avec la r\u00e9novation prochaine des lieux.<\/p>\n<p>\u00a0<\/p>\n","protected":false},"excerpt":{"rendered":"\u00a0Plusieurs \u00e9quipements municipaux de Saint-Gr\u00e9goire (pr\u00e8s de Rennes, Ille-et-Vilaine) ne disposent pas d\u2019abris couverts (piscine, m\u00e9diath\u00e8que, mairie), quand&hellip;\n","protected":false},"author":2,"featured_media":66701,"comment_status":"","ping_status":"","sticky":false,"template":"","format":"standard","meta":{"footnotes":""},"categories":[2821],"tags":[16736,16737,1111,11,829,16738,1777,674,1011,27,12,3762,584,25,825,4824],"class_list":{"0":"post-66700","1":"post","2":"type-post","3":"status-publish","4":"format-standard","5":"has-post-thumbnail","7":"category-rennes","8":"tag-a-t-il","9":"tag-abris","10":"tag-actu","11":"tag-actualites","12":"tag-bretagne","13":"tag-couverts","14":"tag-eu","15":"tag-europe","16":"tag-fr","17":"tag-france","18":"tag-news","19":"tag-pres","20":"tag-rennes","21":"tag-republique-francaise","22":"tag-velos","23":"tag-ville"},"share_on_mastodon":{"url":"https:\/\/pubeurope.com\/@fr\/114432190928625879","error":""},"_links":{"self":[{"href":"https:\/\/www.europesays.com\/fr\/wp-json\/wp\/v2\/posts\/66700","targetHints":{"allow":["GET"]}}],"collection":[{"href":"https:\/\/www.europesays.com\/fr\/wp-json\/wp\/v2\/posts"}],"about":[{"href":"https:\/\/www.europesays.com\/fr\/wp-json\/wp\/v2\/types\/post"}],"author":[{"embeddable":true,"href":"https:\/\/www.europesays.com\/fr\/wp-json\/wp\/v2\/users\/2"}],"replies":[{"embeddable":true,"href":"https:\/\/www.europesays.com\/fr\/wp-json\/wp\/v2\/comments?post=66700"}],"version-history":[{"count":0,"href":"https:\/\/www.europesays.com\/fr\/wp-json\/wp\/v2\/posts\/66700\/revisions"}],"wp:featuredmedia":[{"embeddable":true,"href":"https:\/\/www.europesays.com\/fr\/wp-json\/wp\/v2\/media\/66701"}],"wp:attachment":[{"href":"https:\/\/www.europesays.com\/fr\/wp-json\/wp\/v2\/media?parent=66700"}],"wp:term":[{"taxonomy":"category","embeddable":true,"href":"https:\/\/www.europesays.com\/fr\/wp-json\/wp\/v2\/categories?post=66700"},{"taxonomy":"post_tag","embeddable":true,"href":"https:\/\/www.europesays.com\/fr\/wp-json\/wp\/v2\/tags?post=66700"}],"curies":[{"name":"wp","href":"https:\/\/api.w.org\/{rel}","templated":true}]}}