{"id":667000,"date":"2026-01-16T05:36:13","date_gmt":"2026-01-16T05:36:13","guid":{"rendered":"https:\/\/www.europesays.com\/fr\/667000\/"},"modified":"2026-01-16T05:36:13","modified_gmt":"2026-01-16T05:36:13","slug":"il-ne-comprenait-rien-aux-rythmes-scolaires-pere-a-19-ans-jean-louis-murat-sest-eloigne-de-son-fils-apres-ses-5-ans","status":"publish","type":"post","link":"https:\/\/www.europesays.com\/fr\/667000\/","title":{"rendered":"\u00ab\u00a0Il ne comprenait rien aux rythmes scolaires\u00a0\u00bb : P\u00e8re \u00e0 19 ans, Jean-Louis Murat s&rsquo;est \u00e9loign\u00e9 de son fils apr\u00e8s ses 5 ans"},"content":{"rendered":"<p>                <img loading=\"lazy\" decoding=\"async\" src=\"https:\/\/www.europesays.com\/fr\/wp-content\/uploads\/2025\/04\/144-64f8c016610ee-35x35-1.jpg\" class=\"author-article-picture\" width=\"35\" height=\"35\"\/><\/p>\n<p>                    Par<\/p>\n<p>                                            <a class=\"author-article-bio-link\" href=\"https:\/\/www.purepeople.com\/auteur\/louise-martin_a144\" target=\"_blank\" rel=\"noopener\">Louise Martin<\/a><\/p>\n<p>                    |<\/p>\n<p>                                            R\u00e9dactrice<\/p>\n<p>\n                Koh Lanta, Les Marseillais mais aussi Mari\u00e9s au Premier regards\u2026 Louise Martin est une t\u00e9l\u00e9vore qui essaye, \u00e0 ses heures perdues, de refaire les g\u00e2teaux qu\u2019elle admire devant le Meilleur P\u00e2tissier\u2026 mais elle ne risque pas de gagner le tablier bleu ! Les r\u00e9seaux sociaux n\u2019ont pas de secret pour elle, les derniers scoops, les derni\u00e8res \u00e9missions, elle les conna\u00eet tous.\n            <\/p>\n<p>\n    Pr\u00e8s de trois ans apr\u00e8s la disparition de son p\u00e8re, Yann Bergheaud, le fils de Jean-Louis Murat, vient de d\u00e9voiler \u00ab\u00a0Le Roman de Murat\u00a0\u00bb en hommage au chanteur fran\u00e7ais. Ce jeudi 15 janvier 2026 dans un entretien avec \u00ab\u00a0Paris Match\u00a0\u00bb, il revient sur la relation complexe qu\u2019il avait avec celui dont il s&rsquo;est \u00e9loign\u00e9 apr\u00e8s ses 5 ans.\n<\/p>\n<p>                            <img loading=\"lazy\" decoding=\"async\" class=\"player-thumbnail\" src=\"https:\/\/www.europesays.com\/fr\/wp-content\/uploads\/2026\/01\/e1f18e03f9d4c11a-580x326-1.jpg\" width=\"580\" height=\"326\"\/><\/p>\n<p>                            \u00ab\u00a0Il ne comprenait rien aux rythmes scolaires\u00a0\u00bb : P\u00e8re \u00e0 19 ans, Jean-Louis Murat s&rsquo;est \u00e9loign\u00e9 de son fils apr\u00e8s ses 5 ans<\/p>\n<p>La suite apr\u00e8s la publicit\u00e9<\/p>\n<p>Mai 2023, le monde de la musique \u00e9tait en deuil. <a href=\"https:\/\/www.purepeople.com\/article\/-le-samu-n-a-pas-pu-intervenir-mort-de-jean-louis-murat-la-cause-de-son-deces-brutal-revelee_a509132\/1\" target=\"_blank\" rel=\"noopener\">Jean-Louis Murat d\u00e9c\u00e9dait brutalement \u00e0 l\u2019\u00e2ge de 71 ans des suites d\u2019une embolie pulmonaire<\/a> caus\u00e9e par une phl\u00e9bite (un caillot de sang dans une veine). L\u2019intervention du SAMU n\u2019avait pas \u00e9t\u00e9 assez rapide pour le sauver et il avait fini par succomber \u00e0 cet accident cardio-vasculaire. D\u00e9couvert par William Sheller \u00e0 la fin des ann\u00e9es 70, cet auteur-compositeur-interpr\u00e8te \u00e9tait devenu une figure de la chanson fran\u00e7aise avec pas moins de trente albums \u00e0 son actif et un univers singulier qui a influenc\u00e9 de nombreux artistes. <a href=\"https:\/\/www.purepeople.com\/article\/mort-de-jean-louis-murat-le-chanteur-est-decede-a-71-ans-benjamin-biolay-horriblement-triste_a509129\/1\" target=\"_blank\" rel=\"noopener\">\u00c0 l\u2019annonce de sa mort, Benjamin Biolay s\u2019\u00e9tait dit \u00ab\u00a0horriblement triste\u00a0\u00bb.<\/a><\/p>\n<p>Ce mercredi 14 janvier 2026, une partie de lui a comme \u00e9t\u00e9 ressuscit\u00e9e gr\u00e2ce \u00e0 son fils Yann Bergheaud, qui lui a consacr\u00e9 son dernier livre Le Roman de Murat dans lequel il dresse le portrait de son p\u00e8re et lui rend hommage. Interrog\u00e9 par le magazine Paris Match ce jeudi 15 janvier, le prof de droit \u00e0 Lyon est revenu sur la relation complexe qu\u2019il entretenait avec l\u2019artiste fran\u00e7ais. Apr\u00e8s les cinq premi\u00e8res de sa vie, son p\u00e8re s\u2019\u00e9tait \u00e9loign\u00e9 de lui et il explique : \u00ab\u00a0La vie n\u2019\u00e9tait pas forc\u00e9ment facile pour lui, \u00e0 cette \u00e9poque. Il \u00e9tait franchement d\u00e9prim\u00e9 parce qu\u2019il gal\u00e9rait.\u00a0\u00bb D\u00e9pass\u00e9 par son quotidien, Jean-Louis Murat \u00e9tait confus quant \u00e0 celui de son fils. \u00ab\u00a0Il ne comprenait rien aux rythmes scolaires, aux vacances\u00a0\u00bb, raconte Yann, <strong>\u00ab\u00a0Quand il venait me chercher pour une balade dans le Massif Central, c\u2019\u00e9tait souvent le dimanche, veille de rentr\u00e9e. Donc on faisait tout tr\u00e8s vite, \u00e0 l\u2019arrache. Il me prenait chez lui quand il en avait le temps.\u00a0\u00bb<\/strong> C\u2019est en devenant lui-m\u00eame p\u00e8re bien plus tard que l\u2019auteur r\u00e9alise : \u00ab\u00a0Peut-\u00eatre avait-il \u00e9t\u00e9 p\u00e8re trop jeune\u2026\u00a0\u00bb Yann est venu au monde en 1971, alors que Jean-Louis Murat n\u2019avait que 19 ans. Durant les premi\u00e8res ann\u00e9es de sa vie, l&rsquo;interpr\u00e8te de Si je devais manquer de toi avait cach\u00e9 d\u2019existence de son fils \u00e0 la demande de la m\u00e8re de l\u2019enfant.<\/p>\n<p>Yann Bergheaud dresse le portrait de son p\u00e8re Jean-Louis Murat<\/p>\n<p>Dans la suite de l\u2019entretien avec nos confr\u00e8res de Paris Match, Yann Bergheaud d\u00e9voile d\u2019autres facettes de Jean-Louis Murat. \u00ab\u00a0Mon p\u00e8re \u00e9tait un taiseux, tout se passait dans les regards\u2026\u00a0\u00bb, se souvient-il, \u00ab\u00a0C\u2019est aussi quelqu\u2019un qui gardait plein de choses secr\u00e8tes, parce qu\u2019il avait une sensibilit\u00e9\u00a0extr\u00eame.\u00a0\u00bb Pour lui, son public connaissait mal <a href=\"https:\/\/www.purepeople.com\/article\/jean-louis-murat-a-vecu-longtemps-sans-pognon-sa-vie-isolee-a-la-campagne-jusqu-a-la-fin_a509161\/1\" target=\"_blank\" rel=\"noopener\">celui qui avait fini sa vie isol\u00e9 \u00e0 la campagne<\/a> : \u00ab\u00a0Tr\u00e8s mal. Ce n\u2019\u00e9tait pas quelqu\u2019un qui donnait beaucoup de cl\u00e9s, il lan\u00e7ait plein de fausses pistes. Il y a des gens qui l\u2019\u00e9coutent, qui l\u2019aiment et qui pensent le conna\u00eetre, mais qui ne le connaissent pas. Et puis il y a tous ceux qui ne l\u2019aiment pas ou qui ne l\u2019\u00e9coutent pas et qui pensent aussi le conna\u00eetre&#8230;\u00a0\u00bb\u00a0<\/p>\n","protected":false},"excerpt":{"rendered":"Par Louise Martin | R\u00e9dactrice Koh Lanta, Les Marseillais mais aussi Mari\u00e9s au Premier regards\u2026 Louise Martin est&hellip;\n","protected":false},"author":2,"featured_media":667001,"comment_status":"","ping_status":"","sticky":false,"template":"","format":"standard","meta":{"footnotes":""},"categories":[1355],"tags":[58,59,1011,27,1361,873],"class_list":{"0":"post-667000","1":"post","2":"type-post","3":"status-publish","4":"format-standard","5":"has-post-thumbnail","7":"category-musique","8":"tag-divertissement","9":"tag-entertainment","10":"tag-fr","11":"tag-france","12":"tag-music","13":"tag-musique"},"share_on_mastodon":{"url":"https:\/\/pubeurope.com\/@fr\/115903161066957190","error":""},"_links":{"self":[{"href":"https:\/\/www.europesays.com\/fr\/wp-json\/wp\/v2\/posts\/667000","targetHints":{"allow":["GET"]}}],"collection":[{"href":"https:\/\/www.europesays.com\/fr\/wp-json\/wp\/v2\/posts"}],"about":[{"href":"https:\/\/www.europesays.com\/fr\/wp-json\/wp\/v2\/types\/post"}],"author":[{"embeddable":true,"href":"https:\/\/www.europesays.com\/fr\/wp-json\/wp\/v2\/users\/2"}],"replies":[{"embeddable":true,"href":"https:\/\/www.europesays.com\/fr\/wp-json\/wp\/v2\/comments?post=667000"}],"version-history":[{"count":0,"href":"https:\/\/www.europesays.com\/fr\/wp-json\/wp\/v2\/posts\/667000\/revisions"}],"wp:featuredmedia":[{"embeddable":true,"href":"https:\/\/www.europesays.com\/fr\/wp-json\/wp\/v2\/media\/667001"}],"wp:attachment":[{"href":"https:\/\/www.europesays.com\/fr\/wp-json\/wp\/v2\/media?parent=667000"}],"wp:term":[{"taxonomy":"category","embeddable":true,"href":"https:\/\/www.europesays.com\/fr\/wp-json\/wp\/v2\/categories?post=667000"},{"taxonomy":"post_tag","embeddable":true,"href":"https:\/\/www.europesays.com\/fr\/wp-json\/wp\/v2\/tags?post=667000"}],"curies":[{"name":"wp","href":"https:\/\/api.w.org\/{rel}","templated":true}]}}