{"id":667004,"date":"2026-01-16T05:38:18","date_gmt":"2026-01-16T05:38:18","guid":{"rendered":"https:\/\/www.europesays.com\/fr\/667004\/"},"modified":"2026-01-16T05:38:18","modified_gmt":"2026-01-16T05:38:18","slug":"pourquoi-vous-devriez-arreter-de-boire-de-leau-en-bouteille-des-maintenant","status":"publish","type":"post","link":"https:\/\/www.europesays.com\/fr\/667004\/","title":{"rendered":"pourquoi vous devriez arr\u00eater de boire de l\u2019eau en bouteille d\u00e8s maintenant"},"content":{"rendered":"<p>C\u2019est apr\u00e8s une exp\u00e9rience personnelle que Sarah Sajedi, chercheuse \u00e0 l\u2019Universit\u00e9 Concordia de Montr\u00e9al, a d\u00e9cid\u00e9 de mener l\u2019enqu\u00eate. Alors qu\u2019elle passait une journ\u00e9e sur l\u2019\u00eele de Phi Phi, en Tha\u00eflande, elle d\u00e9couvre \u00e0 ses pieds une plage jonch\u00e9e de d\u00e9bris plastiques, principalement des bouteilles. D\u00e8s son retour, elle r\u00e9unit une \u00e9quipe de chercheurs afin de d\u00e9terminer <a href=\"https:\/\/www.presse-citron.net\/boire-leau-bouteille-leau-robinet-montrent-analyses\/\" target=\"_blank\" rel=\"noopener\">\u00e0 quel point ces plastiques sont dangereux pour la sant\u00e9.<\/a><\/p>\n<p><strong>Son \u00e9quipe a donc pass\u00e9 au crible plus de 140 \u00e9tudes scientifiques<\/strong> pour dresser un bilan complet de la contamination plastique li\u00e9e aux bouteilles \u00e0 usage unique. R\u00e9sultat\u00a0: une personne lambda ing\u00e8re entre 39\u00a0000 et 52\u00a0000 particules de microplastiques chaque ann\u00e9e via son alimentation et ses boissons. Mais pour ceux qui s\u2019hydratent exclusivement avec de l\u2019eau en bouteille, ce chiffre explose. Ils avalent pr\u00e8s de 90\u00a0000 particules suppl\u00e9mentaires, soit un total avoisinant les 140\u00a0000 fragments de plastique par an.<\/p>\n<p> Des particules invisibles aux effets d\u00e9vastateurs <\/p>\n<p>D\u2019une taille comprise entre un microm\u00e8tre et cinq millim\u00e8tres, ces microplastiques \u00e9chappent totalement \u00e0 notre perception. Les nanoplastiques, encore plus petits, sont litt\u00e9ralement invisibles \u00e0 l\u2019\u0153il nu. Mais leur invisibilit\u00e9 ne les rend pas inoffensifs pour autant, bien au contraire.<\/p>\n<p>Selon les scientifiques, la contamination survient \u00e0 chaque \u00e9tape du cycle de vie d\u2019une bouteille. Lors de la fabrication, du stockage, du transport, et surtout lors de la d\u00e9gradation progressive du plastique expos\u00e9 aux variations de temp\u00e9rature et aux rayons ultraviolets. Contrairement aux microplastiques pr\u00e9sents dans la cha\u00eene alimentaire, ceux des bouteilles d\u2019eau sont ing\u00e9r\u00e9s directement, sans filtre ni interm\u00e9diaire.<\/p>\n<p>Une fois dans l\u2019organisme, ces particules franchissent les barri\u00e8res biologiques, p\u00e9n\u00e8trent dans le sang et s\u2019accumulent dans les organes vitaux. <strong>Les chercheurs ont identifi\u00e9 plusieurs risques sanitaires chroniques<\/strong> : inflammation syst\u00e9mique, stress oxydatif cellulaire, perturbation hormonale, troubles de la reproduction, neurotoxicit\u00e9 et m\u00eame certains cancers. Certaines \u00e9tudes sugg\u00e8rent m\u00eame <a href=\"https:\/\/www.presse-citron.net\/microplastiques-cerveau-prix-malbouffe\/\" target=\"_blank\" rel=\"noopener\">la pr\u00e9sence de l\u2019\u00e9quivalent d\u2019une cuill\u00e8re \u00e0 caf\u00e9 de microplastiques dans le cerveau humain<\/a>.<\/p>\n<p>Une \u00e9tude de 2018 men\u00e9e par l\u2019Universit\u00e9 d\u2019\u00c9tat de New York avait d\u00e9j\u00e0 analys\u00e9 des \u00e9chantillons d\u2019eau embouteill\u00e9e provenant de 16 pays.<strong> Les marques Nestl\u00e9 Pure Life et l\u2019indienne Bisleri affichaient les concentrations les plus \u00e9lev\u00e9es<\/strong>, avec 826 \u00e0 2\u00a0277 particules par litre. Des chiffres qui donnent une tout autre perspective \u00e0 cette eau pr\u00e9tendument \u201cpure\u201d.<\/p>\n<p>\u201cBoire de l\u2019eau en bouteille plastique est acceptable en situation d\u2019urgence, mais ce n\u2019est pas quelque chose qui devrait \u00eatre utilis\u00e9 au quotidien\u201d, mart\u00e8le Sarah Sajedi. \u201cLes gens doivent comprendre que le probl\u00e8me n\u2019est pas la toxicit\u00e9 aigu\u00eb, c\u2019est la toxicit\u00e9 chronique.\u201d Autrement dit, les effets ne se manifestent pas imm\u00e9diatement, mais s\u2019accumulent au fil des ann\u00e9es.<\/p>\n<p> Etat complice <\/p>\n<p>Les chercheurs appellent \u00e0 une prise de conscience collective et \u00e0 l\u2019instauration de r\u00e9glementations strictes. Car si les outils de d\u00e9tection actuels permettent d\u2019identifier ces particules, ils pr\u00e9sentent des limites importantes. Certaines m\u00e9thodes rep\u00e8rent les plus petits fragments sans pouvoir d\u00e9terminer leur composition chimique. D\u2019autres analysent cette composition mais passent \u00e0 c\u00f4t\u00e9 des nanoplastiques. Les \u00e9quipements les plus performants restent co\u00fbteux et peu accessibles, ce qui freine la cr\u00e9ation de protocoles de mesure standardis\u00e9s \u00e0 l\u2019\u00e9chelle mondiale.<\/p>\n<p>Face \u00e0 cette menace sanitaire, certains pays commencent \u00e0 r\u00e9agir. Dans d\u2019autres, <strong>le lobby de l\u2019industrie de l\u2019eau min\u00e9rale reste puissant.<\/strong> En France, r\u00e9cemment, des contaminations bact\u00e9riennes ont \u00e9t\u00e9 d\u00e9tect\u00e9es <a href=\"https:\/\/www.presse-citron.net\/perrier-4-millions-bouteilles-bloquees-marque-eau-minerale-accumule-soucis\/\" target=\"_blank\" rel=\"noopener\">dans les bouteilles d\u2019eau p\u00e9tillante Perrier<\/a>. D\u2019autres eaux min\u00e9rales ont \u00e9t\u00e9 identifi\u00e9es comme non conformes \u00e0 cause d\u2019une forte pr\u00e9sence de microplastiques mais leur commercialisation a \u00e9t\u00e9 maintenue avec la complicit\u00e9 des autorit\u00e9s. Gloups\u00a0!<\/p>\n<ul class=\"tldr\">\n<li>Les consommateurs d\u2019eau en bouteille ing\u00e8rent 90\u00a0000 microplastiques de plus par an par rapport \u00e0 ceux qui optent pour l\u2019eau du robinet.<\/li>\n<li>Ces particules pr\u00e9sentent des risques importants pour la sant\u00e9, notamment des cancers, des troubles neurologiques ou encore des perturbations hormonales.<\/li>\n<li>Privil\u00e9gier l\u2019eau du robinet est la meilleure solution, les autorit\u00e9s ne prenant aucune mesure de protection pour les consommateurs.<\/li>\n<\/ul>\n<blockquote>\n<p class=\"text-base text-neutral-700 dark:text-neutral-300\">\ud83d\udccd Pour ne manquer aucune actualit\u00e9 de Presse-citron, suivez-nous sur <a href=\"https:\/\/news.google.com\/publications\/CAAqBggKMIPiNTC70wU?hl=fr&amp;gl=FR&amp;ceid=FR%3Afr\" target=\"_blank\" rel=\"noopener\">Google Actualit\u00e9s<\/a> et <a href=\"https:\/\/whatsapp.com\/channel\/0029VaCkGuz4NViitBXbEr0b\" target=\"_blank\" rel=\"noopener\">WhatsApp<\/a>.<\/p>\n<\/blockquote>\n<p>            <img decoding=\"async\" src=\"https:\/\/www.europesays.com\/fr\/wp-content\/uploads\/2025\/03\/tous-anti-covid.png\" alt=\"TousAntiCovid\" loading=\"lazy\"\/>                            <\/p>\n","protected":false},"excerpt":{"rendered":"C\u2019est apr\u00e8s une exp\u00e9rience personnelle que Sarah Sajedi, chercheuse \u00e0 l\u2019Universit\u00e9 Concordia de Montr\u00e9al, a d\u00e9cid\u00e9 de mener&hellip;\n","protected":false},"author":2,"featured_media":667005,"comment_status":"","ping_status":"","sticky":false,"template":"","format":"standard","meta":{"footnotes":""},"categories":[10],"tags":[51,436,1011,27,72,71,43],"class_list":{"0":"post-667004","1":"post","2":"type-post","3":"status-publish","4":"format-standard","5":"has-post-thumbnail","7":"category-sante","8":"tag-ecologie","9":"tag-environnement","10":"tag-fr","11":"tag-france","12":"tag-health","13":"tag-sante","14":"tag-science"},"share_on_mastodon":{"url":"https:\/\/pubeurope.com\/@fr\/115903168823006604","error":""},"_links":{"self":[{"href":"https:\/\/www.europesays.com\/fr\/wp-json\/wp\/v2\/posts\/667004","targetHints":{"allow":["GET"]}}],"collection":[{"href":"https:\/\/www.europesays.com\/fr\/wp-json\/wp\/v2\/posts"}],"about":[{"href":"https:\/\/www.europesays.com\/fr\/wp-json\/wp\/v2\/types\/post"}],"author":[{"embeddable":true,"href":"https:\/\/www.europesays.com\/fr\/wp-json\/wp\/v2\/users\/2"}],"replies":[{"embeddable":true,"href":"https:\/\/www.europesays.com\/fr\/wp-json\/wp\/v2\/comments?post=667004"}],"version-history":[{"count":0,"href":"https:\/\/www.europesays.com\/fr\/wp-json\/wp\/v2\/posts\/667004\/revisions"}],"wp:featuredmedia":[{"embeddable":true,"href":"https:\/\/www.europesays.com\/fr\/wp-json\/wp\/v2\/media\/667005"}],"wp:attachment":[{"href":"https:\/\/www.europesays.com\/fr\/wp-json\/wp\/v2\/media?parent=667004"}],"wp:term":[{"taxonomy":"category","embeddable":true,"href":"https:\/\/www.europesays.com\/fr\/wp-json\/wp\/v2\/categories?post=667004"},{"taxonomy":"post_tag","embeddable":true,"href":"https:\/\/www.europesays.com\/fr\/wp-json\/wp\/v2\/tags?post=667004"}],"curies":[{"name":"wp","href":"https:\/\/api.w.org\/{rel}","templated":true}]}}