{"id":667006,"date":"2026-01-16T05:39:10","date_gmt":"2026-01-16T05:39:10","guid":{"rendered":"https:\/\/www.europesays.com\/fr\/667006\/"},"modified":"2026-01-16T05:39:10","modified_gmt":"2026-01-16T05:39:10","slug":"maroc-nigeria-coup-de-tonnerre-apres-le-scandale-arbitral","status":"publish","type":"post","link":"https:\/\/www.europesays.com\/fr\/667006\/","title":{"rendered":"Maroc-Nigeria, coup de tonnerre apr\u00e8s le scandale arbitral ?"},"content":{"rendered":"<p><strong>La pol\u00e9mique ne d\u00e9senfle pas au<br \/>\nNigeria apr\u00e8s la d\u00e9faite des Super Eagles face au Maroc, mercredi,<br \/>\nen demi-finale de la Coupe d\u2019Afrique des Nations.<\/strong><\/p>\n<p>Impressionnant en huiti\u00e8mes de finale face au Mozambique ou<br \/>\ncontre l\u2019Alg\u00e9rie en quarts de finale, le Nigeria a vu ses espoirs<br \/>\nde sacre s\u2019\u00e9vanouir en demi-finale contre le Maroc. Bien moins \u00e0<br \/>\nleur avantage, les Super Eagles ont tenu jusqu\u2019aux tirs au but o\u00f9<br \/>\ndeux \u00e9checs de Samuel Chukwueze et Bruno Onyemaechi ont pr\u00e9cipit\u00e9<br \/>\nleur perte.<\/p>\n<p>\u00ab\u00a0Le Maroc a m\u00e9rit\u00e9 sa victoire\u00a0\u00bb, a reconnu<br \/>\nEric Chelle \u00e0 l\u2019issue de la rencontre, ajoutant n\u00e9anmoins\u00a0:<br \/>\n\u00ab\u00a0Nous \u00e9tions, peut-\u00eatre, la meilleure \u00e9quipe de cette<br \/>\nCAN. \u00bb Certains de ses joueurs ont eu plus de mal \u00e0 accepter<br \/>\ncette d\u00e9faite conc\u00e9d\u00e9e aux portes de la finale.<\/p>\n<blockquote class=\"twitter-tweet\"><p><a class=\"twitter-link\" rel=\"noindex, nofollow noopener\" href=\"https:\/\/twitter.com\/sports_fr\/status\/2011734154547782138?s=20\" target=\"_blank\"><\/p><\/blockquote>\n<p>C\u2019est notamment le cas de Bright Osayi-Samuel. \u00ab\u00a0Ce que<br \/>\nje peux dire, c\u2019est que l\u2019arbitre \u00e9tait d\u00e9plorable ; je ne dis pas<br \/>\nque c\u2019est la raison de notre d\u00e9faite, mais il prenait de tr\u00e8s<br \/>\nmauvaises d\u00e9cisions, et c\u2019est vraiment p\u00e9nible de voir des arbitres<br \/>\ncomme \u00e7a dans un match aussi important qu\u2019aujourd\u2019hui\u00a0\u00bb,<br \/>\na-t-il ainsi lanc\u00e9 en zone mixte. Un avis partag\u00e9 pour de nombreux<br \/>\nNig\u00e9rians.<\/p>\n<p>Des arbitres europ\u00e9ens appel\u00e9s \u00e0 la rescousse ?<\/p>\n<p>\u00ab\u00a0Chaque d\u00e9cision qu\u2019il a prise a \u00e9t\u00e9 en faveur des<br \/>\nMarocains. L\u2019arbitrage de Laryea \u00e9tait une honte pour le football<br \/>\nafricain\u00a0\u00bb, a ainsi \u00e9crit Pulse Sport tandis que le<br \/>\njournaliste Sulaiman Adebayo pointait du doigt une accumulation de<br \/>\nd\u00e9cisions contraires\u00a0: \u00ab\u00a0Un arbitrage biais\u00e9 peut te<br \/>\nperturber psychologiquement. Tous ces petits appels incoh\u00e9rents ont<br \/>\naffect\u00e9 le rythme du match et l\u2019\u00e9tat d\u2019esprit aussi\u2026<br \/>\n\u00bb\u00a0<\/p>\n<p>\u00ab\u00a0C\u2019est difficile de jouer dans un stade acquis \u00e0 la<br \/>\ncause de son adversaire et avec un arbitre partial qui ne siffle<br \/>\nqu\u2019en faveur de l\u2019adversaire. Laryea a ruin\u00e9 les espoirs des<br \/>\nNigerians\u00a0\u00bb, a regrett\u00e9 Soccernet.<\/p>\n<p>Et certains d\u2019en appeler aux instances en r\u00e9clamant des arbitres<br \/>\neurop\u00e9ens \u00e0 la CAN. \u00ab\u00a0La F\u00e9d\u00e9ration ne devrait plus jamais<br \/>\nfaire appel \u00e0 des arbitres africains pour ses matchs\u2026 Il faudrait<br \/>\nengager des arbitres europ\u00e9ens ou am\u00e9ricains\u2026\u00a0\u00bb, a lanc\u00e9<br \/>\nPere Agbi apr\u00e8s le match.<\/p>\n<p><script async src=\"https:\/\/platform.twitter.com\/widgets.js\" charset=\"utf-8\"><\/script><\/p>\n","protected":false},"excerpt":{"rendered":"La pol\u00e9mique ne d\u00e9senfle pas au Nigeria apr\u00e8s la d\u00e9faite des Super Eagles face au Maroc, mercredi, en&hellip;\n","protected":false},"author":2,"featured_media":667007,"comment_status":"","ping_status":"","sticky":false,"template":"","format":"standard","meta":{"footnotes":""},"categories":[9],"tags":[1011,27,60],"class_list":{"0":"post-667006","1":"post","2":"type-post","3":"status-publish","4":"format-standard","5":"has-post-thumbnail","7":"category-sports","8":"tag-fr","9":"tag-france","10":"tag-sports"},"share_on_mastodon":{"url":"https:\/\/pubeurope.com\/@fr\/115903172845586210","error":""},"_links":{"self":[{"href":"https:\/\/www.europesays.com\/fr\/wp-json\/wp\/v2\/posts\/667006","targetHints":{"allow":["GET"]}}],"collection":[{"href":"https:\/\/www.europesays.com\/fr\/wp-json\/wp\/v2\/posts"}],"about":[{"href":"https:\/\/www.europesays.com\/fr\/wp-json\/wp\/v2\/types\/post"}],"author":[{"embeddable":true,"href":"https:\/\/www.europesays.com\/fr\/wp-json\/wp\/v2\/users\/2"}],"replies":[{"embeddable":true,"href":"https:\/\/www.europesays.com\/fr\/wp-json\/wp\/v2\/comments?post=667006"}],"version-history":[{"count":0,"href":"https:\/\/www.europesays.com\/fr\/wp-json\/wp\/v2\/posts\/667006\/revisions"}],"wp:featuredmedia":[{"embeddable":true,"href":"https:\/\/www.europesays.com\/fr\/wp-json\/wp\/v2\/media\/667007"}],"wp:attachment":[{"href":"https:\/\/www.europesays.com\/fr\/wp-json\/wp\/v2\/media?parent=667006"}],"wp:term":[{"taxonomy":"category","embeddable":true,"href":"https:\/\/www.europesays.com\/fr\/wp-json\/wp\/v2\/categories?post=667006"},{"taxonomy":"post_tag","embeddable":true,"href":"https:\/\/www.europesays.com\/fr\/wp-json\/wp\/v2\/tags?post=667006"}],"curies":[{"name":"wp","href":"https:\/\/api.w.org\/{rel}","templated":true}]}}