{"id":66702,"date":"2025-05-01T10:50:13","date_gmt":"2025-05-01T10:50:13","guid":{"rendered":"https:\/\/www.europesays.com\/fr\/66702\/"},"modified":"2025-05-01T10:50:13","modified_gmt":"2025-05-01T10:50:13","slug":"refus-de-visite-des-geoles-du-tribunal-le-conseil-constitutionnel-donne-raison-a-lavocate","status":"publish","type":"post","link":"https:\/\/www.europesays.com\/fr\/66702\/","title":{"rendered":"Refus de visite des ge\u00f4les du tribunal: le Conseil constitutionnel donne raison \u00e0 l\u2019avocate"},"content":{"rendered":"<p>C\u2019est une victoire qui met fin \u00e0 un flou juridique. En avril\u00a02024, la pr\u00e9sidente du tribunal judiciaire de <a href=\"https:\/\/rennes.maville.com\/info\/info-locale\/\" target=\"_self\" rel=\"nofollow noopener\">Rennes (Ille-et-Vilaine)<\/a> avait oppos\u00e9 une fin de non-recevoir \u00e0 l\u2019ancienne b\u00e2tonni\u00e8re Catherine Glon (2022-2024), qui souhaitait acc\u00e9der au \u00ab\u00a0d\u00e9p\u00f4t\u00a0\u00bb o\u00f9 sont transf\u00e9r\u00e9s les pr\u00e9venus, avant leur proc\u00e8s.<\/p>\n<p>Si la loi du 22\u00a0d\u00e9cembre 2021 sur les droits de visite des lieux de privation de libert\u00e9, ne mentionne pas ces ge\u00f4les, <strong>\u00ab\u00a0rien n\u2019indique qu\u2019elle a une port\u00e9e limitative\u00a0\u00bb<\/strong>, selon l\u2019avocate rennaise.<\/p>\n<p><strong>Lire aussi\u00a0:<\/strong>\u00a0<a href=\"https:\/\/rennes.maville.com\/actu\/actudet_-cellules-vetustes-manque-d-hygiene-le-juge-impose-une-mise-aux-normes-de-la-garde-a-vue-a-rennes-_7-6763632_actu.Htm\" target=\"_self\" rel=\"nofollow noopener\">Cellules v\u00e9tustes, manque d\u2019hygi\u00e8ne\u00a0: le juge impose une mise aux normes de la garde \u00e0 vue \u00e0 Rennes<\/a><\/p>\n<p>Une rupture d\u2019\u00e9galit\u00e9 devant la loi\u00a0?<\/p>\n<p>Soutenu par l\u2019Ordre des avocats de Rennes, Me Glon avait soulev\u00e9 une inconstitutionnalit\u00e9 de la loi (question prioritaire de constitutionnalit\u00e9 ou QPC). <strong>\u00ab\u00a0La question de la dignit\u00e9 humaine s\u2019applique dans ces locaux comme dans les autres\u00a0\u00bb<\/strong>, a plaid\u00e9 Me Paul Mathonnet devant le Conseil constitutionnel, le 8\u00a0avril 2025.<\/p>\n<p><strong>\u00ab\u00a0Les garanties du respect de la dignit\u00e9 humaine sont d\u00e9j\u00e0 assur\u00e9es par l\u2019autorit\u00e9 judiciaire\u00a0\u00bb<\/strong>, a r\u00e9pliqu\u00e9 le charg\u00e9 de mission des questions constitutionnelles pour le gouvernement, ajoutant que les b\u00e2tonniers n\u2019avaient pas \u00e9t\u00e9 d\u00e9sign\u00e9s pour remplir la mission du contr\u00f4leur g\u00e9n\u00e9ral des lieux de privation de libert\u00e9, autorit\u00e9 administrative ind\u00e9pendante.<\/p>\n<p>La loi devra \u00eatre modifi\u00e9e<\/p>\n<p>Le Conseil constitutionnel a finalement tranch\u00e9.<strong> \u00ab\u00a0Le l\u00e9gislateur<\/strong>, explique-t-il, <strong>a entendu instaurer, en faveur de certaines autorit\u00e9s, un droit de visite des lieux o\u00f9 une personne est priv\u00e9e de libert\u00e9, dans le cadre d\u2019une proc\u00e9dure p\u00e9nale ou administrative\u00a0\u00bb<\/strong>. Que ce droit ne s\u2019exerce pas dans les juridictions judiciaires cr\u00e9e une diff\u00e9rence de traitement qui<strong> \u00ab\u00a0m\u00e9conna\u00eet le principe d\u2019\u00e9galit\u00e9 devant la loi\u00a0\u00bb<\/strong>.<\/p>\n<p>La loi devra donc \u00eatre modifi\u00e9e. Une d\u00e9cision <strong>\u00ab\u00a0exceptionnelle\u00a0\u00bb<\/strong> qui fait <strong>\u00ab\u00a0la fiert\u00e9\u00a0\u00bb<\/strong> de Me Catherine Glon. Le Conseil laisse au l\u00e9gislateur un d\u00e9lai d\u2019un an, avant que la loi actuelle ne devienne inapplicable.<\/p>\n<p>\u00a0<\/p>\n","protected":false},"excerpt":{"rendered":"C\u2019est une victoire qui met fin \u00e0 un flou juridique. En avril\u00a02024, la pr\u00e9sidente du tribunal judiciaire de&hellip;\n","protected":false},"author":2,"featured_media":66703,"comment_status":"","ping_status":"","sticky":false,"template":"","format":"standard","meta":{"footnotes":""},"categories":[2821],"tags":[1111,11,16741,829,7516,16740,7687,1777,674,1011,27,16739,12,13637,14728,14336,584,25,3693,510],"class_list":{"0":"post-66702","1":"post","2":"type-post","3":"status-publish","4":"format-standard","5":"has-post-thumbnail","7":"category-rennes","8":"tag-actu","9":"tag-actualites","10":"tag-avocate","11":"tag-bretagne","12":"tag-conseil","13":"tag-constitutionnel","14":"tag-donne","15":"tag-eu","16":"tag-europe","17":"tag-fr","18":"tag-france","19":"tag-geoles","20":"tag-news","21":"tag-raison","22":"tag-refus","23":"tag-rennaise","24":"tag-rennes","25":"tag-republique-francaise","26":"tag-tribunal","27":"tag-visite"},"share_on_mastodon":{"url":"https:\/\/pubeurope.com\/@fr\/114432194926498158","error":""},"_links":{"self":[{"href":"https:\/\/www.europesays.com\/fr\/wp-json\/wp\/v2\/posts\/66702","targetHints":{"allow":["GET"]}}],"collection":[{"href":"https:\/\/www.europesays.com\/fr\/wp-json\/wp\/v2\/posts"}],"about":[{"href":"https:\/\/www.europesays.com\/fr\/wp-json\/wp\/v2\/types\/post"}],"author":[{"embeddable":true,"href":"https:\/\/www.europesays.com\/fr\/wp-json\/wp\/v2\/users\/2"}],"replies":[{"embeddable":true,"href":"https:\/\/www.europesays.com\/fr\/wp-json\/wp\/v2\/comments?post=66702"}],"version-history":[{"count":0,"href":"https:\/\/www.europesays.com\/fr\/wp-json\/wp\/v2\/posts\/66702\/revisions"}],"wp:featuredmedia":[{"embeddable":true,"href":"https:\/\/www.europesays.com\/fr\/wp-json\/wp\/v2\/media\/66703"}],"wp:attachment":[{"href":"https:\/\/www.europesays.com\/fr\/wp-json\/wp\/v2\/media?parent=66702"}],"wp:term":[{"taxonomy":"category","embeddable":true,"href":"https:\/\/www.europesays.com\/fr\/wp-json\/wp\/v2\/categories?post=66702"},{"taxonomy":"post_tag","embeddable":true,"href":"https:\/\/www.europesays.com\/fr\/wp-json\/wp\/v2\/tags?post=66702"}],"curies":[{"name":"wp","href":"https:\/\/api.w.org\/{rel}","templated":true}]}}