{"id":667024,"date":"2026-01-16T05:48:16","date_gmt":"2026-01-16T05:48:16","guid":{"rendered":"https:\/\/www.europesays.com\/fr\/667024\/"},"modified":"2026-01-16T05:48:16","modified_gmt":"2026-01-16T05:48:16","slug":"laffaire-laura-stern-une-serie-tournee-a-metz-et-nancy-bientot-a-lecran","status":"publish","type":"post","link":"https:\/\/www.europesays.com\/fr\/667024\/","title":{"rendered":"\u00ab\u00a0L\u2019Affaire Laura Stern\u00a0\u00bb, une s\u00e9rie tourn\u00e9e \u00e0 Metz et Nancy bient\u00f4t \u00e0 l\u2019\u00e9cran"},"content":{"rendered":"<p>Tourn\u00e9e au printemps 2025 \u00e0 <a href=\"https:\/\/www.lasemaine.fr\/culture\/tournage-en-lorraine-qui-pour-etre-figurant-dans-une-serie-avec-valerie-bonneton\/\" data-type=\"post\" data-id=\"362228\" target=\"_blank\" rel=\"noopener\">Metz<\/a>, <a href=\"https:\/\/www.lasemaine.fr\/culture\/tournage-des-figurants-recherches-pour-une-serie-en-lorraine\/\" data-type=\"post\" data-id=\"332809\" target=\"_blank\" rel=\"noopener\">Nancy<\/a>, Saint-Max et Villers-l\u00e8s-Nancy, \u00ab\u2004L\u2019Affaire Laura Stern\u2004\u00bb s\u2019appr\u00eate \u00e0 \u00eatre diffus\u00e9e sur les \u00e9crans. Cette mini-s\u00e9rie de quatre \u00e9pisodes de 52 minutes sera propos\u00e9e \u00e0 partir du 22\u00a0janvier sur la plateforme am\u00e9ricaine HBO, avant une mise en ligne sur France.tv le 19\u00a0f\u00e9vrier.<\/p>\n<p>Un thriller dramatique<\/p>\n<p>La s\u00e9rie suit le parcours de Laura, pharmacienne et m\u00e8re de famille, \u00e9galement fondatrice d\u2019une association venant en aide aux femmes victimes de violences conjugales. Le r\u00e9cit bascule lorsqu\u2019elle est t\u00e9moin d\u2019un f\u00e9minicide. Face \u00e0 ce qu\u2019elle per\u00e7oit comme \u00ab\u00a0l\u2019inaction et la passivit\u00e9 de la police et de la justice\u00a0\u00bb, le personnage d\u00e9cide de r\u00e9pondre \u00e0 la violence des hommes par la violence.<\/p>\n<p>Un tournage soutenu localement<\/p>\n<p>\u00ab\u2004L\u2019Affaire Laura Stern\u2004\u00bb r\u00e9unit un casting compos\u00e9 notamment de Val\u00e9rie Bonneton, Samir Guesmi, Pascal R\u00e9n\u00e9ric, Pauline Parigot, Yannick R\u00e9nier, Catherine Ame, Rym Foglia, Eva Huaut et Darren Muselet.<\/p>\n<p>Ce qui se passe en Meurthe-et-Moselle<\/p>\n<p>La s\u00e9rie a par ailleurs \u00e9t\u00e9 <a href=\"https:\/\/www.lasemaine.fr\/culture\/la-meilleure-serie-dramatique-a-ete-tournee-en-lorraine\/\" data-type=\"post\" data-id=\"403075\" target=\"_blank\" rel=\"noopener\">r\u00e9compens\u00e9e par le prix de la meilleure s\u00e9rie dramatique<\/a> lors du 27e Festival de la fiction de La\u00a0Rochelle. Le tournage a b\u00e9n\u00e9fici\u00e9 du soutien de la R\u00e9gion Grand Est et de la M\u00e9tropole du Grand Nancy dans le cadre du dispositif Plato, en partenariat avec le CNC. Il a \u00e9galement \u00e9t\u00e9 accompagn\u00e9 par le Bureau des images.<\/p>\n","protected":false},"excerpt":{"rendered":"Tourn\u00e9e au printemps 2025 \u00e0 Metz, Nancy, Saint-Max et Villers-l\u00e8s-Nancy, \u00ab\u2004L\u2019Affaire Laura Stern\u2004\u00bb s\u2019appr\u00eate \u00e0 \u00eatre diffus\u00e9e sur&hellip;\n","protected":false},"author":2,"featured_media":667025,"comment_status":"","ping_status":"","sticky":false,"template":"","format":"standard","meta":{"footnotes":""},"categories":[9635],"tags":[1111,11,1777,674,1011,27,775,1702,12,25],"class_list":{"0":"post-667024","1":"post","2":"type-post","3":"status-publish","4":"format-standard","5":"has-post-thumbnail","7":"category-nancy","8":"tag-actu","9":"tag-actualites","10":"tag-eu","11":"tag-europe","12":"tag-fr","13":"tag-france","14":"tag-grand-est","15":"tag-nancy","16":"tag-news","17":"tag-republique-francaise"},"share_on_mastodon":{"url":"https:\/\/pubeurope.com\/@fr\/115903207986325654","error":""},"_links":{"self":[{"href":"https:\/\/www.europesays.com\/fr\/wp-json\/wp\/v2\/posts\/667024","targetHints":{"allow":["GET"]}}],"collection":[{"href":"https:\/\/www.europesays.com\/fr\/wp-json\/wp\/v2\/posts"}],"about":[{"href":"https:\/\/www.europesays.com\/fr\/wp-json\/wp\/v2\/types\/post"}],"author":[{"embeddable":true,"href":"https:\/\/www.europesays.com\/fr\/wp-json\/wp\/v2\/users\/2"}],"replies":[{"embeddable":true,"href":"https:\/\/www.europesays.com\/fr\/wp-json\/wp\/v2\/comments?post=667024"}],"version-history":[{"count":0,"href":"https:\/\/www.europesays.com\/fr\/wp-json\/wp\/v2\/posts\/667024\/revisions"}],"wp:featuredmedia":[{"embeddable":true,"href":"https:\/\/www.europesays.com\/fr\/wp-json\/wp\/v2\/media\/667025"}],"wp:attachment":[{"href":"https:\/\/www.europesays.com\/fr\/wp-json\/wp\/v2\/media?parent=667024"}],"wp:term":[{"taxonomy":"category","embeddable":true,"href":"https:\/\/www.europesays.com\/fr\/wp-json\/wp\/v2\/categories?post=667024"},{"taxonomy":"post_tag","embeddable":true,"href":"https:\/\/www.europesays.com\/fr\/wp-json\/wp\/v2\/tags?post=667024"}],"curies":[{"name":"wp","href":"https:\/\/api.w.org\/{rel}","templated":true}]}}