{"id":667026,"date":"2026-01-16T05:50:42","date_gmt":"2026-01-16T05:50:42","guid":{"rendered":"https:\/\/www.europesays.com\/fr\/667026\/"},"modified":"2026-01-16T05:50:42","modified_gmt":"2026-01-16T05:50:42","slug":"nancy-les-dix-panneaux-peints-sur-linoleum-de-victor-prouve-restaures-et-exposes-apres-un-siecle-doubli","status":"publish","type":"post","link":"https:\/\/www.europesays.com\/fr\/667026\/","title":{"rendered":"Nancy. Les dix panneaux peints sur linol\u00e9um de Victor Prouv\u00e9 restaur\u00e9s et expos\u00e9s apr\u00e8s un si\u00e8cle d\u2019oubli"},"content":{"rendered":"<p>Et de dix\u00a0! On aurait presque pu se croire dans un roman d\u2019Agatha Christie lorsque l\u2019\u00e9nigme du dixi\u00e8me tableau a \u00e9t\u00e9 r\u00e9solue. Du moins en partie.<\/p>\n<p>Depuis plus de 30 ans sommeillait dans les r\u00e9serves du Mus\u00e9e de l\u2019\u00c9cole de Nancy une collection singuli\u00e8re\u00a0: neuf tableaux de Victor Prouv\u00e9 (1858-1943).<\/p>\n<p>Une signature bien connue du mus\u00e9e, intimement associ\u00e9e \u00e0 l\u2019Art Nouveau made in Nancy. Plusieurs de ses toiles y sont visibles, dont un magnifique portrait du ma\u00eetre verrier <a href=\"https:\/\/www.estrepublicain.fr\/culture-loisirs\/2025\/11\/19\/une-biographie-illustree-consacree-a-emile-galle-au-dela-du-genie-un-grand-homme-pas-assez-connu\" target=\"_blank\" rel=\"noopener\">\u00c9mile Gall\u00e9<\/a>, figure embl\u00e9matique de ce mouvement artistique \u00e0 son apog\u00e9e \u00e0 la fin du XIXe\u00a0 \u00a0si\u00e8cle.<\/p>\n<p>Mais&#8230;<\/p>\n","protected":false},"excerpt":{"rendered":"Et de dix\u00a0! On aurait presque pu se croire dans un roman d\u2019Agatha Christie lorsque l\u2019\u00e9nigme du dixi\u00e8me&hellip;\n","protected":false},"author":2,"featured_media":667027,"comment_status":"","ping_status":"","sticky":false,"template":"","format":"standard","meta":{"footnotes":""},"categories":[9635],"tags":[1111,11,1477,1687,33,3602,1707,1704,1706,1705,10174,1777,674,2271,1011,27,775,1702,1703,12,25],"class_list":{"0":"post-667026","1":"post","2":"type-post","3":"status-publish","4":"format-standard","5":"has-post-thumbnail","7":"category-nancy","8":"tag-actu","9":"tag-actualites","10":"tag-artisanat","11":"tag-culture-loisirs","12":"tag-economie","13":"tag-edition-bar-le-duc","14":"tag-edition-luneville","15":"tag-edition-nancy-et-agglomeration","16":"tag-edition-pont-a-mousson","17":"tag-edition-toul","18":"tag-edition-verdun","19":"tag-eu","20":"tag-europe","21":"tag-exposition-arts-plastiques","22":"tag-fr","23":"tag-france","24":"tag-grand-est","25":"tag-nancy","26":"tag-nancy-ville-54b","27":"tag-news","28":"tag-republique-francaise"},"share_on_mastodon":{"url":"https:\/\/pubeurope.com\/@fr\/115903215849296871","error":""},"_links":{"self":[{"href":"https:\/\/www.europesays.com\/fr\/wp-json\/wp\/v2\/posts\/667026","targetHints":{"allow":["GET"]}}],"collection":[{"href":"https:\/\/www.europesays.com\/fr\/wp-json\/wp\/v2\/posts"}],"about":[{"href":"https:\/\/www.europesays.com\/fr\/wp-json\/wp\/v2\/types\/post"}],"author":[{"embeddable":true,"href":"https:\/\/www.europesays.com\/fr\/wp-json\/wp\/v2\/users\/2"}],"replies":[{"embeddable":true,"href":"https:\/\/www.europesays.com\/fr\/wp-json\/wp\/v2\/comments?post=667026"}],"version-history":[{"count":0,"href":"https:\/\/www.europesays.com\/fr\/wp-json\/wp\/v2\/posts\/667026\/revisions"}],"wp:featuredmedia":[{"embeddable":true,"href":"https:\/\/www.europesays.com\/fr\/wp-json\/wp\/v2\/media\/667027"}],"wp:attachment":[{"href":"https:\/\/www.europesays.com\/fr\/wp-json\/wp\/v2\/media?parent=667026"}],"wp:term":[{"taxonomy":"category","embeddable":true,"href":"https:\/\/www.europesays.com\/fr\/wp-json\/wp\/v2\/categories?post=667026"},{"taxonomy":"post_tag","embeddable":true,"href":"https:\/\/www.europesays.com\/fr\/wp-json\/wp\/v2\/tags?post=667026"}],"curies":[{"name":"wp","href":"https:\/\/api.w.org\/{rel}","templated":true}]}}