{"id":667028,"date":"2026-01-16T05:52:11","date_gmt":"2026-01-16T05:52:11","guid":{"rendered":"https:\/\/www.europesays.com\/fr\/667028\/"},"modified":"2026-01-16T05:52:11","modified_gmt":"2026-01-16T05:52:11","slug":"top-14-transferts-les-coulisses-de-larrivee-surprise-de-lecossais-huw-jones-a-toulon","status":"publish","type":"post","link":"https:\/\/www.europesays.com\/fr\/667028\/","title":{"rendered":"Top 14 \/ Transferts \u2013 Les coulisses de l\u2019arriv\u00e9e surprise de l\u2019\u00c9cossais Huw Jones \u00e0 Toulon"},"content":{"rendered":"<p>\n                En d\u00e9but de semaine, le club varois a officialis\u00e9 la signature de l\u2019international \u00e9cossais (58 s\u00e9lections). C\u2019est un coup majuscule frapp\u00e9 sur le march\u00e9 des mutations.\n            <\/p>\n<p>Depuis deux saisons, le RCT \u00e9tait en qu\u00eate de la perle rare pour densifier son centre du terrain. Les Rouge et Noir ont brass\u00e9 large, et ils ont eu, aussi et surtout, pas mal de refus. Ces derniers mois, les derniers en date s\u2019appelaient Pierre-Louis Barassi et Tommaso Menoncello. Les internationaux fran\u00e7ais et italien ont pr\u00e9f\u00e9r\u00e9 c\u00e9der aux avances du Stade toulousain.<\/p>\n<p>D\u00e9cid\u00e9 \u00e0 prendre un \u00e9l\u00e9ment d\u2019envergure, Toulon a alors intensifi\u00e9 ses efforts pour convaincre Huw Jones de (re) tenter une aventure fran\u00e7aise. L\u2019int\u00e9ress\u00e9 avait d\u00e9j\u00e0, quelques ann\u00e9es auparavant, failli sauter le pas. En 2021, il \u00e9tait tomb\u00e9 d\u2019accord avec Bayonne pour une arriv\u00e9e lors du cru 2022-2023. Finalement, au terme de l\u2019exercice, l\u2019Aviron \u00e9tait descendu, rendant caduque le contrat. Les n\u00e9gociations entre le RCT et les repr\u00e9sentants du joueur ont \u00e9t\u00e9 men\u00e9es dans la plus stricte confidentialit\u00e9, et m\u00eame si, en d\u00e9but de semaine, un bruit dans le milieu ovale avait laiss\u00e9 filtrer la signature imminente \u00ab\u00a0d\u2019un centre \u00e9tranger\u00a0\u00bb.<\/p>\n<p><strong>Emmanuelli\u00a0: \u00ab\u00a0Il s\u2019inscrit parfaitement dans notre projet sportif\u00a0\u00bb<\/strong><\/p>\n<p>Une \u00e9bullition soudaine, dans la toujours bouillonnante rade, puisque dans ce m\u00eame laps de temps, nous vous informions, en exclusivit\u00e9, <a href=\"https:\/\/www.rugbyrama.fr\/2026\/01\/13\/exclu-midol-transferts-top-14-junior-kpoku-racing-92-arrive-a-toulon-13159287.php\" target=\"_self\" rel=\"noopener\"><strong>de la signature en pr\u00eat de l\u2019ex-Racingman Junior Kpoku<\/strong><\/a>. Finalement, il y a bien eu coup double au sein de cette semaine. Pour revenir \u00e0 Huw Jones, son profil correspondait aux desiderata de l\u2019organigramme varois\u00a0: un \u00e9l\u00e9ment au physique puissant, capable de gagner la ligne d\u2019avantage, et ayant un certain bagage technique pour faire jouer apr\u00e8s lui. L\u2019heureux \u00e9lu se devait aussi d\u2019avoir une exp\u00e9rience du haut niveau. Avec ses 58 s\u00e9lections avec l\u2019\u00c9cosse et ses 3 capes avec les Lions britanniques, l\u2019ex-\u00e9l\u00e9ment des Stormers cochait aussi cette case. \u00c0 la vue de son curriculum vitae, le trois-quarts a vite \u00e9t\u00e9 consid\u00e9r\u00e9 comme une priorit\u00e9 et les diff\u00e9rentes visioconf\u00e9rences ont confirm\u00e9 les impressions de chacun pour aboutir \u00e0 un accord.<\/p>\n<p>De surcro\u00eet, en priv\u00e9 comme en public, Mignoni ne cache pas appr\u00e9cier l\u2019\u00e9thique de travail des \u00e9l\u00e9ments britanniques. Il est, en ce sens, convaincu que l\u2019actuel joueur de Glasgow s\u2019inscrira dans le sillage de David Ribbans, Kyle Sincker, Lewis Ludlam et Ben White. Le dernier nomm\u00e9, qui partage le maillot du XV du Chardon avec le natif d\u2019\u00c9dimbourg, a \u00e9galement jou\u00e9 le VRP de luxe en faveur de l\u2019entit\u00e9 floqu\u00e9e du muguet. Les deux hommes s\u2019appr\u00e9cient, et joueront ensemble, au moins, jusqu\u2019en 2028 sur les bords de la rade pour le plus grand plaisir du directeur sportif Laurent Emmanuelli\u00a0: \u00ab\u00a0C\u2019est un joueur de classe internationale, un cadre de sa s\u00e9lection nationale, qui \u00e9volue depuis longtemps au plus haut niveau europ\u00e9en et mondial. Il s\u2019inscrit parfaitement dans notre projet sportif, m\u00ealant performance imm\u00e9diate et accompagnement de nos jeunes joueurs.\u00a0\u00bb<\/p>\n","protected":false},"excerpt":{"rendered":"En d\u00e9but de semaine, le club varois a officialis\u00e9 la signature de l\u2019international \u00e9cossais (58 s\u00e9lections). C\u2019est un&hellip;\n","protected":false},"author":2,"featured_media":667029,"comment_status":"","ping_status":"","sticky":false,"template":"","format":"standard","meta":{"footnotes":""},"categories":[9619],"tags":[1111,11,1777,674,1011,27,76383,12,882,25,68796,478,2310],"class_list":{"0":"post-667028","1":"post","2":"type-post","3":"status-publish","4":"format-standard","5":"has-post-thumbnail","7":"category-toulon","8":"tag-actu","9":"tag-actualites","10":"tag-eu","11":"tag-europe","12":"tag-fr","13":"tag-france","14":"tag-huw-jones","15":"tag-news","16":"tag-provence-alpes-cote-dazur","17":"tag-republique-francaise","18":"tag-rugby-u00e0-xv","19":"tag-top-14","20":"tag-toulon"},"share_on_mastodon":{"url":"https:\/\/pubeurope.com\/@fr\/115903223794174066","error":""},"_links":{"self":[{"href":"https:\/\/www.europesays.com\/fr\/wp-json\/wp\/v2\/posts\/667028","targetHints":{"allow":["GET"]}}],"collection":[{"href":"https:\/\/www.europesays.com\/fr\/wp-json\/wp\/v2\/posts"}],"about":[{"href":"https:\/\/www.europesays.com\/fr\/wp-json\/wp\/v2\/types\/post"}],"author":[{"embeddable":true,"href":"https:\/\/www.europesays.com\/fr\/wp-json\/wp\/v2\/users\/2"}],"replies":[{"embeddable":true,"href":"https:\/\/www.europesays.com\/fr\/wp-json\/wp\/v2\/comments?post=667028"}],"version-history":[{"count":0,"href":"https:\/\/www.europesays.com\/fr\/wp-json\/wp\/v2\/posts\/667028\/revisions"}],"wp:featuredmedia":[{"embeddable":true,"href":"https:\/\/www.europesays.com\/fr\/wp-json\/wp\/v2\/media\/667029"}],"wp:attachment":[{"href":"https:\/\/www.europesays.com\/fr\/wp-json\/wp\/v2\/media?parent=667028"}],"wp:term":[{"taxonomy":"category","embeddable":true,"href":"https:\/\/www.europesays.com\/fr\/wp-json\/wp\/v2\/categories?post=667028"},{"taxonomy":"post_tag","embeddable":true,"href":"https:\/\/www.europesays.com\/fr\/wp-json\/wp\/v2\/tags?post=667028"}],"curies":[{"name":"wp","href":"https:\/\/api.w.org\/{rel}","templated":true}]}}