{"id":667030,"date":"2026-01-16T05:53:09","date_gmt":"2026-01-16T05:53:09","guid":{"rendered":"https:\/\/www.europesays.com\/fr\/667030\/"},"modified":"2026-01-16T05:53:09","modified_gmt":"2026-01-16T05:53:09","slug":"wonderful-lagence-de-montpellier-qui-simpose-parmi-les-references-nationales","status":"publish","type":"post","link":"https:\/\/www.europesays.com\/fr\/667030\/","title":{"rendered":"Wonderful, l\u2019agence de Montpellier qui s\u2019impose parmi les r\u00e9f\u00e9rences nationales"},"content":{"rendered":"<p>                    Par<br \/>\n        <strong><br \/>\n            <a href=\"https:\/\/actu.fr\/auteur\/metropoop\" title=\"Consulter tous les articles de R\u00e9daction M\u00e9tropolitain\" target=\"_blank\" rel=\"noopener\">R\u00e9daction M\u00e9tropolitain<\/a><br \/>\n                    <\/strong><\/p>\n<p>        Publi\u00e9 le<\/p>\n<p>            16 janv. 2026 \u00e0 6h08        <\/p>\n<p>L\u2019agence de communication Wonderful a \u00e9t\u00e9 \u00e9lue <strong>Agence de communication en r\u00e9gion de l\u2019ann\u00e9e<\/strong> dans le cadre du Grand Prix des Agences de l\u2019Ann\u00e9e 2025, une distinction majeure pour le secteur. Parrain\u00e9 par l\u2019ensemble de la profession, avec le soutien du minist\u00e8re de la Culture, ce prix distingue des agences dont la performance et la vision rayonnent bien au-del\u00e0 de leur territoire d\u2019implantation. Pour Wonderful, cette r\u00e9compense vient consacrer un positionnement affirm\u00e9 sur le march\u00e9 national.<\/p>\n<p>    <a href=\"https:\/\/www.google.com\/maps\/embed?pb=!1m18!1m12!1m3!1d2888.223739499514!2d3.911296076460581!3d43.62270197110355!2m3!1f0!2f0!3f0!3m2!1i1024!2i768!4f13.1!3m3!1m2!1s0x12b6a58e62197223%3A0xa7e0eed92d6a2b1e!2sAgence%20WONDERFUL!5e0!3m2!1sfr!2sfr!4v1768474300224!5m2!1sfr!2sfr\" title=\"Ouvrie le lien\" target=\"_blank\" rel=\"noopener\">Cliquez ici pour visualiser le contenu<\/a><\/p>\n<p>Une ambition nationale assum\u00e9e depuis Montpellier<\/p>\n<p class=\" wall-content\">Bas\u00e9e \u00e0 Montpellier mais active sur l\u2019ensemble du territoire fran\u00e7ais, Wonderful revendique depuis sa cr\u00e9ation une ambition claire : figurer parmi les meilleures agences fran\u00e7aises tout en restant ancr\u00e9e en r\u00e9gion. Pour Nicolas Bermond, directeur g\u00e9n\u00e9ral de Wonderful, cette reconnaissance vient avant tout saluer un travail collectif et une vision de long terme. \u00ab\u00a0Ce prix est une reconnaissance importante. Il confirme que l\u2019on peut construire une agence de tout premier plan, capable de rivaliser avec les meilleures, tout en \u00e9tant bas\u00e9e \u00e0 Montpellier. Ce n\u2019est pas un sujet de localisation, mais de vision, de talents et de niveau d\u2019exigence.\u00a0\u00bb<\/p>\n<p>Montpellier, un terreau cr\u00e9atif en pleine affirmation<\/p>\n<p class=\" wall-content\">Loin d\u2019\u00eatre un frein, l\u2019ancrage territorial appara\u00eet comme un v\u00e9ritable levier. Montpellier s\u2019affirme aujourd\u2019hui comme une place forte des industries culturelles et cr\u00e9atives, port\u00e9e par des projets \u00e0 la reconnaissance internationale. <a href=\"https:\/\/actu.fr\/occitanie\/montpellier_34172\/depuis-montpellier-cette-publicite-de-noel-est-devenue-un-phenomene-mondial-voici-pourquoi_63596615.html\" target=\"_blank\" rel=\"noopener\">Le film d\u2019animation Le Mal-Aim\u00e9, produit par Illogic Studio<\/a>, ou encore <a href=\"https:\/\/actu.fr\/occitanie\/montpellier_34172\/montpellier-incroyable-terrain-de-jeu-ces-cinq-moments-gaming-qui-ont-marque-2025_63645352.html\" target=\"_blank\" rel=\"noopener\">le jeu vid\u00e9o Clair Obscur, r\u00e9cemment sacr\u00e9 meilleur jeu vid\u00e9o au monde<\/a>, t\u00e9moignent de la vitalit\u00e9 et du niveau d\u2019exigence de cet \u00e9cosyst\u00e8me.<\/p>\n<p class=\" wall-content\">La distinction obtenue s\u2019inscrit dans une ann\u00e9e 2025 riche et d\u00e9cisive pour Wonderful. L\u2019agence a remport\u00e9 <strong>16 prix nationaux<\/strong> dans les principaux concours de communication, confirmant la reconnaissance de son travail par la profession. Elle a \u00e9galement accueilli <strong>13 nouveaux clients<\/strong>, parmi lesquels Pink Lady Europe, Royal Canin International, le R\u00e9seau \u00c9coles Cr\u00e9atives, EnSant\u00e9 ou encore la R\u00e9gion Occitanie.<\/p>\n<p class=\" wall-content\">Personnalisez votre actualit\u00e9 en ajoutant vos villes et m\u00e9dias en favori avec <a href=\"https:\/\/moncompte.actu.fr\" title=\"D\u00e9couvez Mon Actu\" rel=\"nofollow noopener\" data-trk=\"{&quot;cta&quot;:{&quot;action&quot;:&quot;https:\\\/\\\/moncompte.actu.fr&quot;,&quot;category&quot;:&quot;mon compte&quot;,&quot;from&quot;:&quot;article footer&quot;,&quot;name&quot;:&quot;Mon actu&quot;,&quot;type&quot;:&quot;cta&quot;}}\" target=\"_blank\">Mon Actu<\/a>.<\/p>\n","protected":false},"excerpt":{"rendered":"Par R\u00e9daction M\u00e9tropolitain Publi\u00e9 le 16 janv. 2026 \u00e0 6h08 L\u2019agence de communication Wonderful a \u00e9t\u00e9 \u00e9lue Agence&hellip;\n","protected":false},"author":2,"featured_media":667031,"comment_status":"","ping_status":"","sticky":false,"template":"","format":"standard","meta":{"footnotes":""},"categories":[9599],"tags":[1111,11,33,2855,1777,674,1011,27,2208,12,2680,25],"class_list":{"0":"post-667030","1":"post","2":"type-post","3":"status-publish","4":"format-standard","5":"has-post-thumbnail","7":"category-montpellier","8":"tag-actu","9":"tag-actualites","10":"tag-economie","11":"tag-entrepreneuriat","12":"tag-eu","13":"tag-europe","14":"tag-fr","15":"tag-france","16":"tag-montpellier","17":"tag-news","18":"tag-occitanie","19":"tag-republique-francaise"},"share_on_mastodon":{"url":"https:\/\/pubeurope.com\/@fr\/115903228023679031","error":""},"_links":{"self":[{"href":"https:\/\/www.europesays.com\/fr\/wp-json\/wp\/v2\/posts\/667030","targetHints":{"allow":["GET"]}}],"collection":[{"href":"https:\/\/www.europesays.com\/fr\/wp-json\/wp\/v2\/posts"}],"about":[{"href":"https:\/\/www.europesays.com\/fr\/wp-json\/wp\/v2\/types\/post"}],"author":[{"embeddable":true,"href":"https:\/\/www.europesays.com\/fr\/wp-json\/wp\/v2\/users\/2"}],"replies":[{"embeddable":true,"href":"https:\/\/www.europesays.com\/fr\/wp-json\/wp\/v2\/comments?post=667030"}],"version-history":[{"count":0,"href":"https:\/\/www.europesays.com\/fr\/wp-json\/wp\/v2\/posts\/667030\/revisions"}],"wp:featuredmedia":[{"embeddable":true,"href":"https:\/\/www.europesays.com\/fr\/wp-json\/wp\/v2\/media\/667031"}],"wp:attachment":[{"href":"https:\/\/www.europesays.com\/fr\/wp-json\/wp\/v2\/media?parent=667030"}],"wp:term":[{"taxonomy":"category","embeddable":true,"href":"https:\/\/www.europesays.com\/fr\/wp-json\/wp\/v2\/categories?post=667030"},{"taxonomy":"post_tag","embeddable":true,"href":"https:\/\/www.europesays.com\/fr\/wp-json\/wp\/v2\/tags?post=667030"}],"curies":[{"name":"wp","href":"https:\/\/api.w.org\/{rel}","templated":true}]}}