{"id":667032,"date":"2026-01-16T05:54:19","date_gmt":"2026-01-16T05:54:19","guid":{"rendered":"https:\/\/www.europesays.com\/fr\/667032\/"},"modified":"2026-01-16T05:54:19","modified_gmt":"2026-01-16T05:54:19","slug":"municipales-2026-a-montpellier-mohed-altrad-officialise-sa-candidature","status":"publish","type":"post","link":"https:\/\/www.europesays.com\/fr\/667032\/","title":{"rendered":"Municipales 2026 \u00e0 Montpellier : Mohed Altrad officialise sa candidature"},"content":{"rendered":"<p class=\"mb-4 text-lg md:leading-8 break-words\"><strong>DANS LE GRAND BAIN &#8211; Mohed Altrad, patron du groupe Altrad et pr\u00e9sident du Montpellier H\u00e9rault Rugby (MHR), a officialis\u00e9 sa candidature aux municipales\u00a02026 \u00e0 Montpellier face au maire PS Micha\u00ebl Delafosse<\/strong><\/p>\n<p class=\"mb-4 text-lg md:leading-8 break-words\">Le milliardaire <a href=\"https:\/\/www.20minutes.fr\/politique\/mohed-altrad\/?at_medium=RSS%20feed&amp;at_campaign=ynews&amp;utm_source=yahoo&amp;utm_medium=rss&amp;utm_campaign=news_feed&amp;utm_content=in_article_link\" rel=\"nofollow noopener\" target=\"_blank\" data-ylk=\"slk:Mohed Altrad;elm:context_link;itc:0;sec:content-canvas\" class=\"link \">Mohed Altrad<\/a>, patron du groupe de BTP Altrad et pr\u00e9sident du club de rugby de Montpellier (MHR), a annonc\u00e9 jeudi sa candidature \u00e0 l\u2019\u00e9lection municipale \u00e0 <a href=\"https:\/\/www.20minutes.fr\/montpellier\/?at_medium=RSS%20feed&amp;at_campaign=ynews&amp;utm_source=yahoo&amp;utm_medium=rss&amp;utm_campaign=news_feed&amp;utm_content=in_article_link\" rel=\"nofollow noopener\" target=\"_blank\" data-ylk=\"slk:Montpellier;elm:context_link;itc:0;sec:content-canvas\" class=\"link \">Montpellier<\/a>, six ans apr\u00e8s sa premi\u00e8re tentative. Devant environ 500 personnes r\u00e9unies dans une salle au sud de la ville, il a d\u00e9clar\u00e9\u00a0: \u00ab\u00a0A un moment o\u00f9 beaucoup choisissent le confort, j\u2019ai choisi le combat\u00a0: j\u2019ai d\u00e9cid\u00e9 de me pr\u00e9senter comme candidat pour \u00eatre le prochain <a href=\"https:\/\/www.20minutes.fr\/dossier\/maire?at_medium=RSS%20feed&amp;at_campaign=ynews&amp;utm_source=yahoo&amp;utm_medium=rss&amp;utm_campaign=news_feed&amp;utm_content=in_article_link\" rel=\"nofollow noopener\" target=\"_blank\" data-ylk=\"slk:maire;elm:context_link;itc:0;sec:content-canvas\" class=\"link \">maire<\/a> de Montpellier\u00a0\u00bb.<\/p>\n<p class=\"mb-4 text-lg md:leading-8 break-words\">Dans son discours, l\u2019homme d\u2019affaires fran\u00e7ais n\u00e9 en Syrie a attaqu\u00e9 la gestion de la municipalit\u00e9 socialiste et assur\u00e9 que \u00ab\u00a0cette ville a besoin qu\u2019on la rel\u00e8ve. Montpellier a besoin d\u2019un b\u00e2tisseur\u00a0\u00bb. Il a \u00e9galement promis de \u00ab\u00a0d\u00e9manteler le syst\u00e8me\u00a0\u00bb d\u2019une mairie \u00ab\u00a0g\u00e9r\u00e9e comme une section du parti socialiste\u00a0\u00bb, en r\u00e9f\u00e9rence au maire <a href=\"https:\/\/www.20minutes.fr\/politique\/ps\/?at_medium=RSS%20feed&amp;at_campaign=ynews&amp;utm_source=yahoo&amp;utm_medium=rss&amp;utm_campaign=news_feed&amp;utm_content=in_article_link\" rel=\"nofollow noopener\" target=\"_blank\" data-ylk=\"slk:PS;elm:context_link;itc:0;sec:content-canvas\" class=\"link \">PS<\/a> Micha\u00ebl Delafosse.<\/p>\n<p>Emplois, s\u00e9curit\u00e9, couvre-feu et cantine gratuite<\/p>\n<p class=\"mb-4 text-lg md:leading-8 break-words\">Mohed Altrad a pr\u00e9sent\u00e9 plusieurs engagements, dont la cr\u00e9ation de \u00ab\u00a030.000 emplois\u00a0\u00bb afin de faire de Montpellier \u00ab\u00a0une ville z\u00e9ro <a href=\"https:\/\/www.20minutes.fr\/dossier\/chomeurs?at_medium=RSS%20feed&amp;at_campaign=ynews&amp;utm_source=yahoo&amp;utm_medium=rss&amp;utm_campaign=news_feed&amp;utm_content=in_article_link\" rel=\"nofollow noopener\" target=\"_blank\" data-ylk=\"slk:ch\u00f4meur;elm:context_link;itc:0;sec:content-canvas\" class=\"link \">ch\u00f4meur<\/a>\u00a0\u00bb. Il a aussi annonc\u00e9 vouloir instaurer \u00ab\u00a0un <a href=\"https:\/\/www.20minutes.fr\/dossier\/couvre-feu?at_medium=RSS%20feed&amp;at_campaign=ynews&amp;utm_source=yahoo&amp;utm_medium=rss&amp;utm_campaign=news_feed&amp;utm_content=in_article_link\" rel=\"nofollow noopener\" target=\"_blank\" data-ylk=\"slk:couvre-feu;elm:context_link;itc:0;sec:content-canvas\" class=\"link \">couvre-feu<\/a> \u00e0 partir de 22h pour les mineurs de moins de 16 ans\u00a0\u00bb et rendre \u00ab\u00a0la <a href=\"https:\/\/www.20minutes.fr\/dossier\/cantine?at_medium=RSS%20feed&amp;at_campaign=ynews&amp;utm_source=yahoo&amp;utm_medium=rss&amp;utm_campaign=news_feed&amp;utm_content=in_article_link\" rel=\"nofollow noopener\" target=\"_blank\" data-ylk=\"slk:cantine;elm:context_link;itc:0;sec:content-canvas\" class=\"link \">cantine<\/a> gratuite\u00a0\u00bb pour tous les enfants.<\/p>\n<p><a href=\"https:\/\/www.20minutes.fr\/municipales\/\" rel=\"nofollow noopener\" target=\"_blank\" data-ylk=\"slk:Notre dossier sur les \u00e9lections municipales 2026;elm:context_link;itc:0;sec:content-canvas\" class=\"link \">Notre dossier sur les \u00e9lections municipales 2026<\/a><\/p>\n<p class=\"mb-4 text-lg md:leading-8 break-words\">Il a enfin indiqu\u00e9 que la gratuit\u00e9 des transports en commun \u00e9tait un \u00ab\u00a0acquis, on va le garder\u00a0\u00bb, tout en promettant d\u2019assainir les finances et de revoir le plan de circulation pour r\u00e9duire les embouteillages. Il a \u00e9galement affirm\u00e9 que le projet d\u2019implanter une unit\u00e9 de traitement \u00ab\u00a0CSR\u00a0\u00bb \u00ab\u00a0sera abandonn\u00e9 d(&#8230;)<\/p>\n<p class=\"mb-4 text-lg md:leading-8 break-words\"><a href=\"https:\/\/www.20minutes.fr\/politique\/4196317-20260115-municipales-2026-montpellier-mohed-altrad-officialise-candidature?at_medium=RSS%20feed&amp;at_campaign=ynews&amp;utm_source=yahoo&amp;utm_medium=rss&amp;utm_campaign=news_feed&amp;utm_content=read_more_link&quot;\" rel=\"nofollow noopener\" target=\"_blank\" data-ylk=\"slk:Lire la suite sur 20minutes;elm:context_link;itc:0;sec:content-canvas\" class=\"link \">Lire la suite sur 20minutes<\/a><\/p>\n<p>\u00c0 lire aussi :<br \/><a href=\"https:\/\/www.20minutes.fr\/politique\/mohed-altrad\/4077489-20240223-montpellier-mohed-altrad-demissionne-conseil-metropole-jamais-mis-pieds?at_medium=RSS%20feed&amp;at_campaign=ynews&amp;utm_source=yahoo&amp;utm_medium=rss&amp;utm_campaign=news_feed&amp;utm_content=related_content_link\" rel=\"nofollow noopener\" target=\"_blank\" data-ylk=\"slk:Montpellier\u00a0: Mohed Altrad d\u00e9missionne du conseil de m\u00e9tropole (o\u00f9 il n\u2019a jamais mis les pieds);elm:context_link;itc:0;sec:content-canvas\" class=\"link \">Montpellier\u00a0: Mohed Altrad d\u00e9missionne du conseil de m\u00e9tropole (o\u00f9 il n\u2019a jamais mis les pieds)<\/a><br \/><a href=\"https:\/\/www.20minutes.fr\/sport\/rugby\/top_14\/4065235-20231204-rugby-nargue-juges-assure-mohed-altrad-apres-avoir-relance-bernard-laporte?at_medium=RSS%20feed&amp;at_campaign=ynews&amp;utm_source=yahoo&amp;utm_medium=rss&amp;utm_campaign=news_feed&amp;utm_content=related_content_link\" rel=\"nofollow noopener\" target=\"_blank\" data-ylk=\"slk:Rugby\u00a0: \u00ab\u00a0Je ne nargue pas les juges\u00a0\u00bb, assure Mohed Altrad apr\u00e8s avoir relanc\u00e9 Bernard Laporte;elm:context_link;itc:0;sec:content-canvas\" class=\"link \">Rugby\u00a0: \u00ab\u00a0Je ne nargue pas les juges\u00a0\u00bb, assure Mohed Altrad apr\u00e8s avoir relanc\u00e9 Bernard Laporte<\/a><\/p>\n","protected":false},"excerpt":{"rendered":"DANS LE GRAND BAIN &#8211; Mohed Altrad, patron du groupe Altrad et pr\u00e9sident du Montpellier H\u00e9rault Rugby (MHR),&hellip;\n","protected":false},"author":2,"featured_media":667033,"comment_status":"","ping_status":"","sticky":false,"template":"","format":"standard","meta":{"footnotes":""},"categories":[9599],"tags":[1111,11,1777,674,1011,27,11241,29430,2208,12,2680,25],"class_list":{"0":"post-667032","1":"post","2":"type-post","3":"status-publish","4":"format-standard","5":"has-post-thumbnail","7":"category-montpellier","8":"tag-actu","9":"tag-actualites","10":"tag-eu","11":"tag-europe","12":"tag-fr","13":"tag-france","14":"tag-michael-delafosse","15":"tag-mohed-altrad","16":"tag-montpellier","17":"tag-news","18":"tag-occitanie","19":"tag-republique-francaise"},"share_on_mastodon":{"url":"https:\/\/pubeurope.com\/@fr\/115903231547250804","error":""},"_links":{"self":[{"href":"https:\/\/www.europesays.com\/fr\/wp-json\/wp\/v2\/posts\/667032","targetHints":{"allow":["GET"]}}],"collection":[{"href":"https:\/\/www.europesays.com\/fr\/wp-json\/wp\/v2\/posts"}],"about":[{"href":"https:\/\/www.europesays.com\/fr\/wp-json\/wp\/v2\/types\/post"}],"author":[{"embeddable":true,"href":"https:\/\/www.europesays.com\/fr\/wp-json\/wp\/v2\/users\/2"}],"replies":[{"embeddable":true,"href":"https:\/\/www.europesays.com\/fr\/wp-json\/wp\/v2\/comments?post=667032"}],"version-history":[{"count":0,"href":"https:\/\/www.europesays.com\/fr\/wp-json\/wp\/v2\/posts\/667032\/revisions"}],"wp:featuredmedia":[{"embeddable":true,"href":"https:\/\/www.europesays.com\/fr\/wp-json\/wp\/v2\/media\/667033"}],"wp:attachment":[{"href":"https:\/\/www.europesays.com\/fr\/wp-json\/wp\/v2\/media?parent=667032"}],"wp:term":[{"taxonomy":"category","embeddable":true,"href":"https:\/\/www.europesays.com\/fr\/wp-json\/wp\/v2\/categories?post=667032"},{"taxonomy":"post_tag","embeddable":true,"href":"https:\/\/www.europesays.com\/fr\/wp-json\/wp\/v2\/tags?post=667032"}],"curies":[{"name":"wp","href":"https:\/\/api.w.org\/{rel}","templated":true}]}}