{"id":667034,"date":"2026-01-16T05:56:17","date_gmt":"2026-01-16T05:56:17","guid":{"rendered":"https:\/\/www.europesays.com\/fr\/667034\/"},"modified":"2026-01-16T05:56:17","modified_gmt":"2026-01-16T05:56:17","slug":"awa-ly-a-deville-les-rouen-2026","status":"publish","type":"post","link":"https:\/\/www.europesays.com\/fr\/667034\/","title":{"rendered":"Awa Ly \u00e0 D\u00e9ville-l\u00e8s-Rouen 2026"},"content":{"rendered":"<p class=\"intro\">La chanteuse folk-soul Awa Ly se produira en concert au Centre Culturel Voltaire de D\u00e9ville-l\u00e8s-Rouen le vendredi 5 juin 2026 \u00e0 20h. Cette soir\u00e9e musicale exceptionnelle permettra au public de Seine-Maritime de d\u00e9couvrir son dernier album\u00a0\u00ab\u00a0Essence And Elements\u00a0\u00bb dans un cadre intimiste. L&rsquo;artiste sera accompagn\u00e9e de ses musiciens pour pr\u00e9senter ce voyage introspectif et m\u00e9ditatif m\u00ealant diff\u00e9rents styles musicaux. Les billets pour cette repr\u00e9sentation unique \u00e0 D\u00e9ville-l\u00e8s-Rouen sont disponibles \u00e0 partir de 21\u00a0\u20ac. Ne manquez pas cette occasion de vivre une exp\u00e9rience musicale authentique avec l&rsquo;une des voix les plus captivantes de la sc\u00e8ne folk-soul fran\u00e7aise.<\/p>\n<p>\u00c0 D\u00e9ville-l\u00e8s-Rouen, Awa Ly investit la sc\u00e8ne du Centre Culturel Voltaire pour une soir\u00e9e folk-soul<\/p>\n<p>Cette soir\u00e9e musicale mettra \u00e0 l&rsquo;honneur le dernier opus d&rsquo;Awa Ly,\u00a0\u00ab\u00a0Essence And Elements\u00a0\u00bb, v\u00e9ritable voyage introspectif n\u00e9 sur l&rsquo;\u00eele d&rsquo;Alicudi dans l&rsquo;archipel des \u00c9oliennes. <strong>L&rsquo;artiste pr\u00e9sentera ce projet musical<\/strong> qui explore notre lien profond avec l&rsquo;h\u00e9ritage spirituel et humain, inspir\u00e9 par les \u00e9l\u00e9ments naturels\u00a0: Terre, Eau, Air et Feu. Sur sc\u00e8ne, elle sera accompagn\u00e9e de Jean-Baptiste Soulard (guitare, clavier, ch\u0153urs et s\u00e9quences), Lucie Cravero (violoncelle) et Isma\u00ebl Nobour (batterie) pour une performance intimiste.<\/p>\n<p><img decoding=\"async\" loading=\"lazy\" src=\"https:\/\/www.europesays.com\/fr\/wp-content\/uploads\/2026\/01\/awa-ly-tickets_416831_3426084_222x222.jpg\" alt=\"Awa Ly\" class=\"border\"\/><\/p>\n<p>Ce <strong>concert au Centre Culturel Voltaire<\/strong> promet une exp\u00e9rience unique o\u00f9 la voix d&rsquo;Awa Ly se transformera en instrument \u00e0 part enti\u00e8re, capable de nappes vocales oniriques jouant avec les graves et les aigus. Les m\u00e9lomanes de <strong>Seine-Maritime<\/strong> pourront d\u00e9couvrir cette musique de l&rsquo;\u00e2me qui transforme les \u00e9motions en sons avec une dimension spirituelle et universelle. Pour d\u00e9couvrir d&rsquo;autres <a href=\"https:\/\/www.jds.fr\/rouen\/agenda\/musique-et-concerts-96_B\" target=\"_blank\" rel=\"noopener\">concerts programm\u00e9s \u00e0 Rouen<\/a>, l&rsquo;offre musicale de l&rsquo;agglom\u00e9ration est particuli\u00e8rement riche cette saison.<\/p>\n<p>Billetterie pour Awa Ly au Centre Culturel Voltaire<\/p>\n<p><a class=\"btn btn-lg shadow-lg btn-primary rounded-pill fnac_link\" data-fnac=\"in_article\" href=\"https:\/\/www.awin1.com\/pclick.php?p=43701520638&amp;a=634278&amp;m=12494&amp;clickref=in_article-A-desktop\" target=\"_blank\" rel=\"nofollow noopener\"> Acheter des billets<\/a><\/p>\n<p>Les <strong>billets<\/strong> pour ce concert d&rsquo;Awa Ly au Centre Culturel Voltaire sont propos\u00e9s au <strong>prix de 21\u00a0\u20ac<\/strong>. Cette tarification accessible permet au public de d\u00e9couvrir une artiste reconnue pour sa voix captivante et son style musical \u00e9clectique. Pour <strong>r\u00e9server<\/strong> vos places, plusieurs options s&rsquo;offrent \u00e0 vous afin de vivre cette soir\u00e9e folk-soul exceptionnelle \u00e0 D\u00e9ville-l\u00e8s-Rouen. Retrouvez \u00e9galement <a href=\"https:\/\/www.jds.fr\/artistes\/awa-ly-5337_N\" target=\"_blank\" rel=\"noopener\">toutes les dates de concerts d&rsquo;Awa Ly<\/a> programm\u00e9es dans la r\u00e9gion pour ne manquer aucune de ses prochaines performances.<\/p>\n<p>Le parcours artistique d&rsquo;Awa Ly, entre folk et soul<\/p>\n<p>Awa Ly d\u00e9veloppe un <strong>style musical \u00e9clectique<\/strong> m\u00ealant folk, soul, jazz, blues et pop, enrichi d&rsquo;influences carib\u00e9ennes. Sa carri\u00e8re l&rsquo;a men\u00e9e \u00e0 collaborer avec des musiciens reconnus comme Greg Cohen, bassiste de Norah Jones, Lou Reed et Tom Waits, ainsi qu&rsquo;avec l&rsquo;ing\u00e9nieur du son Florent Livet qui a travaill\u00e9 avec Phoenix et Cassius. En 2013, elle accompagne <strong>Pino Daniele<\/strong> lors de l&rsquo;une de ses derni\u00e8res tourn\u00e9es mondiales.<\/p>\n<p>Son parcours discographique culmine avec la sortie de son <strong>troisi\u00e8me album\u00a0\u00ab\u00a0Essence And Elements\u00a0\u00bb<\/strong> en mai 2025, apr\u00e8s avoir d\u00e9voil\u00e9 le single\u00a0\u00ab\u00a0Into the Silence\u00a0\u00bb en 2023. Cette production musicale continue t\u00e9moigne de l&rsquo;\u00e9volution artistique d&rsquo;une chanteuse qui puise dans ses origines multiculturelles pour cr\u00e9er une identit\u00e9 musicale unique, nourrie de diverses influences culturelles et g\u00e9ographiques.<\/p>\n<p>Comment acc\u00e9der au Centre Culturel Voltaire \u00e0 D\u00e9ville-l\u00e8s-Rouen\u00a0?<\/p>\n<p>Pour rejoindre le <a href=\"https:\/\/www.jds.fr\/rouen\/deville-les-rouen\/salle-de-concert-spectacle\/centre-culturel-voltaire-19219_L\" target=\"_blank\" rel=\"noopener\">Centre Culturel Voltaire de D\u00e9ville-l\u00e8s-Rouen<\/a> en voiture, empruntez la <strong>Route de Dieppe (D6015)<\/strong> en direction de l&rsquo;ouest depuis le centre de Rouen. Le temps de trajet est d&rsquo;environ <strong>15 minutes<\/strong> selon les conditions de circulation. L&rsquo;\u00e9tablissement se situe sur cet axe principal de circulation, facilitant l&rsquo;acc\u00e8s depuis l&rsquo;ensemble de l&rsquo;agglom\u00e9ration rouennaise.<\/p>\n<p>Les transports en commun offrent plusieurs options pour se rendre au concert. La <strong>ligne T2 (TEOR)<\/strong> dessert les stations Petit Saint-Pierre ou Mairie de D\u00e9ville, tandis que les lignes 15 (arr\u00eat 8-Mai) et F8 constituent \u00e9galement des alternatives pratiques. La commune b\u00e9n\u00e9ficie d&rsquo;un r\u00e9seau de transport d\u00e9velopp\u00e9 avec les lignes 5, 8, 9, 29, F4 et T35 qui facilitent les d\u00e9placements depuis diff\u00e9rents quartiers de l&rsquo;agglom\u00e9ration.<\/p>\n<p class=\"mise_en_avant\">Notre conseil\u00a0: privil\u00e9giez la ligne T2 (TEOR) qui offre une desserte rapide et fr\u00e9quente vers D\u00e9ville-l\u00e8s-Rouen.<\/p>\n","protected":false},"excerpt":{"rendered":"La chanteuse folk-soul Awa Ly se produira en concert au Centre Culturel Voltaire de D\u00e9ville-l\u00e8s-Rouen le vendredi 5&hellip;\n","protected":false},"author":2,"featured_media":667035,"comment_status":"","ping_status":"","sticky":false,"template":"","format":"standard","meta":{"footnotes":""},"categories":[9587],"tags":[1111,11,1777,674,1011,27,12,5161,25,9590],"class_list":{"0":"post-667034","1":"post","2":"type-post","3":"status-publish","4":"format-standard","5":"has-post-thumbnail","7":"category-rouen","8":"tag-actu","9":"tag-actualites","10":"tag-eu","11":"tag-europe","12":"tag-fr","13":"tag-france","14":"tag-news","15":"tag-normandie","16":"tag-republique-francaise","17":"tag-rouen"},"share_on_mastodon":{"url":"https:\/\/pubeurope.com\/@fr\/115903239457747661","error":""},"_links":{"self":[{"href":"https:\/\/www.europesays.com\/fr\/wp-json\/wp\/v2\/posts\/667034","targetHints":{"allow":["GET"]}}],"collection":[{"href":"https:\/\/www.europesays.com\/fr\/wp-json\/wp\/v2\/posts"}],"about":[{"href":"https:\/\/www.europesays.com\/fr\/wp-json\/wp\/v2\/types\/post"}],"author":[{"embeddable":true,"href":"https:\/\/www.europesays.com\/fr\/wp-json\/wp\/v2\/users\/2"}],"replies":[{"embeddable":true,"href":"https:\/\/www.europesays.com\/fr\/wp-json\/wp\/v2\/comments?post=667034"}],"version-history":[{"count":0,"href":"https:\/\/www.europesays.com\/fr\/wp-json\/wp\/v2\/posts\/667034\/revisions"}],"wp:featuredmedia":[{"embeddable":true,"href":"https:\/\/www.europesays.com\/fr\/wp-json\/wp\/v2\/media\/667035"}],"wp:attachment":[{"href":"https:\/\/www.europesays.com\/fr\/wp-json\/wp\/v2\/media?parent=667034"}],"wp:term":[{"taxonomy":"category","embeddable":true,"href":"https:\/\/www.europesays.com\/fr\/wp-json\/wp\/v2\/categories?post=667034"},{"taxonomy":"post_tag","embeddable":true,"href":"https:\/\/www.europesays.com\/fr\/wp-json\/wp\/v2\/tags?post=667034"}],"curies":[{"name":"wp","href":"https:\/\/api.w.org\/{rel}","templated":true}]}}