{"id":667036,"date":"2026-01-16T05:58:03","date_gmt":"2026-01-16T05:58:03","guid":{"rendered":"https:\/\/www.europesays.com\/fr\/667036\/"},"modified":"2026-01-16T05:58:03","modified_gmt":"2026-01-16T05:58:03","slug":"grenoble-alain-carignon-sassocie-a-la-mobilisation-citoyenne-pour-la-securite-du-syndicat-alliance-police","status":"publish","type":"post","link":"https:\/\/www.europesays.com\/fr\/667036\/","title":{"rendered":"Grenoble. Alain Carignon \u201cs\u2019associe \u00e0 la mobilisation citoyenne pour la s\u00e9curit\u00e9\u201d du syndicat Alliance police"},"content":{"rendered":"<p>Le 31\u00a0janvier prochain, le syndicat Alliance police nationale organise des rassemblements ou marches dans tout le pays \u201cface \u00e0 l\u2019incertitude politique, aux renoncements r\u00e9p\u00e9t\u00e9s et \u00e0 des budgets chaque ann\u00e9e insuffisants pour rivaliser avec la criminalit\u00e9\u201d.<\/p>\n<p>\u00c0 Grenoble, le candidat\u00a0<a href=\"https:\/\/www.ledauphine.com\/p\/alain-carignon\" target=\"_blank\" rel=\"noopener\">Alain Carignon<\/a> et son collectif \u201cR\u00e9concilier Grenoble\u201d s\u2019associent \u00e0 cette mobilisation citoyenne et appellent les Grenoblois \u00e0 soutenir pacifiquement les forces de l\u2019ordre, lors du rassemblement grenoblois pr\u00e9vu samedi 31\u00a0janvier \u00e0 11h, devant l\u2019h\u00f4tel de police. \u201cNotre groupe a pris les engagements les plus pr\u00e9cis et les plus ambitieux afin de r\u00e9tablir la s\u00e9curit\u00e9 \u00e0 Grenoble, devenue la premi\u00e8re ville de France pour les agressions pour 1\u00a0000 habitants, \u00e9crit le collectif en <a href=\"https:\/\/www.ledauphine.com\/d\/elections-municipales-a-grenoble-qui-pour-diriger-la-capitale-des-alpes-b680a716-7cd1-44d5-beea-9e6d1132b539\" target=\"_blank\" rel=\"noopener\"> lice aux municipales<\/a>.\u00a0Notre plan, le seul financ\u00e9 int\u00e9gralement, pr\u00e9voit notamment\u00a0: le d\u00e9veloppement d\u2019un r\u00e9seau de vid\u00e9oprotection qui passera de 100 \u00e0 350 cam\u00e9ras et sera op\u00e9rationnel 24h\/24\u00a0; le recrutement, la formation et l\u2019armement de <a href=\"https:\/\/www.ledauphine.com\/elections\/2025\/11\/20\/isere-municipales-2026-le-candidat-carignon-promet-150-policiers-municipaux-de-plus-a-grenoble\" target=\"_blank\" rel=\"noopener\">150 policiers municipaux<\/a> \u00a0; l\u2019expulsion des dealers condamn\u00e9s des logements sociaux. L\u2019objectif \u00e9tant de mettre sur pied une police municipale de proximit\u00e9 et une action qui a \u00e9t\u00e9 supprim\u00e9e par la municipalit\u00e9 sortante en compl\u00e9ment de la police nationale\u201d.<\/p>\n","protected":false},"excerpt":{"rendered":"Le 31\u00a0janvier prochain, le syndicat Alliance police nationale organise des rassemblements ou marches dans tout le pays \u201cface&hellip;\n","protected":false},"author":2,"featured_media":667037,"comment_status":"","ping_status":"","sticky":false,"template":"","format":"standard","meta":{"footnotes":""},"categories":[9566],"tags":[1111,11,2430,112,4188,1777,674,1011,27,2731,2732,108,12,316,25],"class_list":{"0":"post-667036","1":"post","2":"type-post","3":"status-publish","4":"format-standard","5":"has-post-thumbnail","7":"category-grenoble","8":"tag-actu","9":"tag-actualites","10":"tag-auvergne-rhone-alpes","11":"tag-edition-grenoble-agglomeration","12":"tag-elections-municipales","13":"tag-eu","14":"tag-europe","15":"tag-fr","16":"tag-france","17":"tag-grenoble","18":"tag-grenoble-bassin","19":"tag-isere","20":"tag-news","21":"tag-politique","22":"tag-republique-francaise"},"share_on_mastodon":{"url":"https:\/\/pubeurope.com\/@fr\/115903247457607522","error":""},"_links":{"self":[{"href":"https:\/\/www.europesays.com\/fr\/wp-json\/wp\/v2\/posts\/667036","targetHints":{"allow":["GET"]}}],"collection":[{"href":"https:\/\/www.europesays.com\/fr\/wp-json\/wp\/v2\/posts"}],"about":[{"href":"https:\/\/www.europesays.com\/fr\/wp-json\/wp\/v2\/types\/post"}],"author":[{"embeddable":true,"href":"https:\/\/www.europesays.com\/fr\/wp-json\/wp\/v2\/users\/2"}],"replies":[{"embeddable":true,"href":"https:\/\/www.europesays.com\/fr\/wp-json\/wp\/v2\/comments?post=667036"}],"version-history":[{"count":0,"href":"https:\/\/www.europesays.com\/fr\/wp-json\/wp\/v2\/posts\/667036\/revisions"}],"wp:featuredmedia":[{"embeddable":true,"href":"https:\/\/www.europesays.com\/fr\/wp-json\/wp\/v2\/media\/667037"}],"wp:attachment":[{"href":"https:\/\/www.europesays.com\/fr\/wp-json\/wp\/v2\/media?parent=667036"}],"wp:term":[{"taxonomy":"category","embeddable":true,"href":"https:\/\/www.europesays.com\/fr\/wp-json\/wp\/v2\/categories?post=667036"},{"taxonomy":"post_tag","embeddable":true,"href":"https:\/\/www.europesays.com\/fr\/wp-json\/wp\/v2\/tags?post=667036"}],"curies":[{"name":"wp","href":"https:\/\/api.w.org\/{rel}","templated":true}]}}