{"id":667038,"date":"2026-01-16T05:59:38","date_gmt":"2026-01-16T05:59:38","guid":{"rendered":"https:\/\/www.europesays.com\/fr\/667038\/"},"modified":"2026-01-16T05:59:38","modified_gmt":"2026-01-16T05:59:38","slug":"pronostic-grenoble-foot-red-star-ligue-2","status":"publish","type":"post","link":"https:\/\/www.europesays.com\/fr\/667038\/","title":{"rendered":"Pronostic Grenoble Foot Red Star &#8211; Ligue 2"},"content":{"rendered":"<p class=\"text-xs leading-5 text-gray-400 mb-2\">\n                        Publi\u00e9 le 15\/01\/2026 07:00<br \/>\n                        \u00a0par<br \/>\n                                                            <a href=\"https:\/\/www.sportytrader.com\/auteur\/steeven-occhipinti-1\/\" target=\"_blank\" rel=\"noopener\">Steeven Occhipinti<\/a><\/p>\n<p>                                                                            dans<br \/>\n                            <a data-trans=\"tips.published.competition %competition%\" href=\"https:\/\/www.sportytrader.com\/pronostics\/football\/france\/ligue-2-124\/\" target=\"_blank\" rel=\"noopener\"><br \/>\n                                Pronostic Ligue 2<br \/>\n                            <\/a>\n                                            <\/p>\n<p style=\"text-align: justify;\">Ce samedi \u00e0 14h00, l&rsquo;une des 2 affiches de la 19e journ\u00e9e de la Ligue 2 oppose le Grenoble Foot 38 au Red Star du c\u00f4t\u00e9 du Stade des Alpes. Pour les locaux, l&rsquo;objectif va \u00eatre d&rsquo;assurer le maintien tr\u00e8s rapidement dans cette \u00e9dition de la deuxi\u00e8me division tricolore. Le club grenoblois est install\u00e9 \u00e0 la 13e place du classement, avec 5 longueurs d&rsquo;avance sur la zone rouge. Venant de voir le d\u00e9part de\u00a0Th\u00e9o Valls dans son entrejeu, le GF38 n&rsquo;a pas r\u00e9ussi \u00e0 l&#8217;emporter lors de ses 2 pr\u00e9c\u00e9dentes journ\u00e9es, tout en ayant pris la porte en 32es de finale de Coupe de France. Son prochain match ne s&rsquo;annonce pas plus simple ce week-end.<\/p>\n<p style=\"text-align: justify;\">Le Red Star a bien d&rsquo;autres ambitions dans cette seconde partie de saison. Faisant partie des belles surprises de cette \u00e9dition de la Ligue 2, le club francilien compte bien lutter jusqu&rsquo;au bout pour la mont\u00e9e dans l&rsquo;\u00e9lite du football tricolore. Il est \u00e0 la 3e position du classement, mais compte le m\u00eame nombre de points que le Stade de Reims (2e) qui affrontera le leader troyen dans le m\u00eame temps. Les hommes de Gr\u00e9gory Poirier ne sont tomb\u00e9s qu&rsquo;une seule fois lors de leurs 6 derni\u00e8res journ\u00e9es et c&rsquo;\u00e9tait sur la pelouse de l&rsquo;ES Troyes AC (1-0). Ils auront donc de quoi viser un excellent r\u00e9sultat de ce d\u00e9placement du c\u00f4t\u00e9 de Grenoble.<\/p>\n","protected":false},"excerpt":{"rendered":"Publi\u00e9 le 15\/01\/2026 07:00 \u00a0par Steeven Occhipinti dans Pronostic Ligue 2 Ce samedi \u00e0 14h00, l&rsquo;une des 2&hellip;\n","protected":false},"author":2,"featured_media":667039,"comment_status":"","ping_status":"","sticky":false,"template":"","format":"standard","meta":{"footnotes":""},"categories":[9566],"tags":[1111,11,2430,1777,674,1011,27,2731,11705,446,12,1817,1821,5416,25],"class_list":{"0":"post-667038","1":"post","2":"type-post","3":"status-publish","4":"format-standard","5":"has-post-thumbnail","7":"category-grenoble","8":"tag-actu","9":"tag-actualites","10":"tag-auvergne-rhone-alpes","11":"tag-eu","12":"tag-europe","13":"tag-fr","14":"tag-france","15":"tag-grenoble","16":"tag-grenoble-foot","17":"tag-ligue-2","18":"tag-news","19":"tag-pronostic","20":"tag-pronostics","21":"tag-red-star","22":"tag-republique-francaise"},"share_on_mastodon":{"url":"https:\/\/pubeurope.com\/@fr\/115903251379246934","error":""},"_links":{"self":[{"href":"https:\/\/www.europesays.com\/fr\/wp-json\/wp\/v2\/posts\/667038","targetHints":{"allow":["GET"]}}],"collection":[{"href":"https:\/\/www.europesays.com\/fr\/wp-json\/wp\/v2\/posts"}],"about":[{"href":"https:\/\/www.europesays.com\/fr\/wp-json\/wp\/v2\/types\/post"}],"author":[{"embeddable":true,"href":"https:\/\/www.europesays.com\/fr\/wp-json\/wp\/v2\/users\/2"}],"replies":[{"embeddable":true,"href":"https:\/\/www.europesays.com\/fr\/wp-json\/wp\/v2\/comments?post=667038"}],"version-history":[{"count":0,"href":"https:\/\/www.europesays.com\/fr\/wp-json\/wp\/v2\/posts\/667038\/revisions"}],"wp:featuredmedia":[{"embeddable":true,"href":"https:\/\/www.europesays.com\/fr\/wp-json\/wp\/v2\/media\/667039"}],"wp:attachment":[{"href":"https:\/\/www.europesays.com\/fr\/wp-json\/wp\/v2\/media?parent=667038"}],"wp:term":[{"taxonomy":"category","embeddable":true,"href":"https:\/\/www.europesays.com\/fr\/wp-json\/wp\/v2\/categories?post=667038"},{"taxonomy":"post_tag","embeddable":true,"href":"https:\/\/www.europesays.com\/fr\/wp-json\/wp\/v2\/tags?post=667038"}],"curies":[{"name":"wp","href":"https:\/\/api.w.org\/{rel}","templated":true}]}}