{"id":667040,"date":"2026-01-16T06:00:11","date_gmt":"2026-01-16T06:00:11","guid":{"rendered":"https:\/\/www.europesays.com\/fr\/667040\/"},"modified":"2026-01-16T06:00:11","modified_gmt":"2026-01-16T06:00:11","slug":"que-faire-a-rennes-ce-week-end-du-17-janvier-au-18-janvier-2026","status":"publish","type":"post","link":"https:\/\/www.europesays.com\/fr\/667040\/","title":{"rendered":"Que faire \u00e0 Rennes ce week-end du 17 janvier au 18 janvier 2026 ?"},"content":{"rendered":"<p>\n        Pour plonger dans le quotidien des Bretilliennes, du XIXe si\u00e8cle \u00e0 nos jours. \u00ab Elles. Leurs droits, notre histoire. Les Bretilliennes s\u2019\u00e9mancipent (XIX-XXe si\u00e8cles) \u00bb retrace l\u2019histoire de l\u2019\u00e9mancipation f\u00e9minine et l\u2019impact que la conqu\u00eate des droits a eu sur le quotidien des femmes d\u2019Ille-et-Vilaine. Fermeture le premier lundi de chaque mois et jours f\u00e9ri\u00e9s. Ouverture exceptionnelle : dimanche 26 octobre, dimanche 30 novembre, dimanches 1er f\u00e9vrier et 8 mars 2026 de 14 h 30 \u00e0 18 h.\n        <\/p>\n<p><a href=\"https:\/\/www.letelegramme.fr\/api\/gotourl\/bevt\/3101178\/\" target=\"_blank\" rel=\"noopener\"><br \/>\n        Spectacle\u00a0: Olivia Moore &#8211; Oui, je sais<br \/>\n        <\/a><\/p>\n<p>\n        \u00ab J\u2019\u00e9cris pour les gens qui ont d\u00e9j\u00e0 pleur\u00e9 au rayon yaourt. Ou derri\u00e8re un camion poubelle. Parce qu\u2019un jour, c\u2019est l\u00e0 que tout d\u00e9borde : les injonctions, la charge mentale, les fant\u00f4mes familiaux, les attentes absurdes. Oui, je sais est un spectacle pour celles et ceux qui jonglent entre lucidit\u00e9 et survie, qui rient pour ne pas hurler, qui aimeraient juste qu\u2019on les prenne au s\u00e9rieux sans qu\u2019ils aient \u00e0 faire une r\u00e9union Zoom pour \u00e7a. C\u2019est du stand-up, oui &#8211; frontal, introspectif, absurde \u00bb.\n        <\/p>\n<p><a href=\"https:\/\/www.letelegramme.fr\/api\/gotourl\/bevt\/3113116\/\" target=\"_blank\" rel=\"noopener\"><br \/>\n        Exposition \u00ab\u00a0Quand la Terre tremble\u00a0\u00bb<br \/>\n        <\/a><\/p>\n<p>\n        Tout public, d\u00e8s 8 ans. Exposition autour des questions suivantes : Pourquoi y a-t-il des tremblements de terre ? O\u00f9 se produisent-ils ? Peut-on les pr\u00e9dire ?\n        <\/p>\n<p>L&rsquo;agenda des loisirs<\/p>\n<p class=\"moveInBrittany__text\" style=\"color:#fff\">\n            Festivals, expositions, visites, conf\u00e9rences, &#8230;\n          <\/p>\n<p>Sortir \u00e0 Rennes le dimanche 18 janvier<a href=\"https:\/\/www.letelegramme.fr\/api\/gotourl\/bevt\/3114491\/\" target=\"_blank\" rel=\"noopener\"><br \/>\n        Festival International Vive la Magie\u00a0: spectacle \u00ab\u00a0Destination magie\u00a0\u00bb<br \/>\n        <\/a><\/p>\n<p>\n        Tout public, \u00e0 partir de 6 ans. \u00c0 l\u2019affiche : Den Den (Japon), ma\u00eetre de l\u2019origami magique et de l\u2019ombrelle japonaise ; Jordan K (France), \u00e9nergie explosive et cr\u00e9ativit\u00e9 sans limite ; Javier Botia (Espagne), mentalisme comique et th\u00e9\u00e2tralit\u00e9 ib\u00e9rique ; Rebecca &amp; Taylor Morgan (Royaume-Uni), \u00e9l\u00e9gance a\u00e9rienne du cabaret britannique ; Ga\u00ebtan Bloom (France), r\u00e9f\u00e9rence nationale et invention hilarante. Billetterie en ligne.\n        <\/p>\n<p><a href=\"https:\/\/www.letelegramme.fr\/api\/gotourl\/bevt\/3120862\/\" target=\"_blank\" rel=\"noopener\"><br \/>\n        Journ\u00e9e autour de la vie des sols<br \/>\n        <\/a><\/p>\n<p>\n        Tout public. Plong\u00e9e au c\u0153ur de la vie des sols. Exploration artistique et participative avec une fresque \u00e0 dessiner, coller, graver, \u00e9crire ainsi qu\u2019une broderie g\u00e9ante et des lectures cont\u00e9es.\n        <\/p>\n<p><\/p>\n","protected":false},"excerpt":{"rendered":"Pour plonger dans le quotidien des Bretilliennes, du XIXe si\u00e8cle \u00e0 nos jours. \u00ab Elles. Leurs droits, notre&hellip;\n","protected":false},"author":2,"featured_media":6963,"comment_status":"","ping_status":"","sticky":false,"template":"","format":"standard","meta":{"footnotes":""},"categories":[2821],"tags":[1111,11,829,1777,674,1011,27,12,3907,584,25],"class_list":{"0":"post-667040","1":"post","2":"type-post","3":"status-publish","4":"format-standard","5":"has-post-thumbnail","7":"category-rennes","8":"tag-actu","9":"tag-actualites","10":"tag-bretagne","11":"tag-eu","12":"tag-europe","13":"tag-fr","14":"tag-france","15":"tag-news","16":"tag-que-faire","17":"tag-rennes","18":"tag-republique-francaise"},"share_on_mastodon":{"url":"https:\/\/pubeurope.com\/@fr\/115903255372195662","error":""},"_links":{"self":[{"href":"https:\/\/www.europesays.com\/fr\/wp-json\/wp\/v2\/posts\/667040","targetHints":{"allow":["GET"]}}],"collection":[{"href":"https:\/\/www.europesays.com\/fr\/wp-json\/wp\/v2\/posts"}],"about":[{"href":"https:\/\/www.europesays.com\/fr\/wp-json\/wp\/v2\/types\/post"}],"author":[{"embeddable":true,"href":"https:\/\/www.europesays.com\/fr\/wp-json\/wp\/v2\/users\/2"}],"replies":[{"embeddable":true,"href":"https:\/\/www.europesays.com\/fr\/wp-json\/wp\/v2\/comments?post=667040"}],"version-history":[{"count":0,"href":"https:\/\/www.europesays.com\/fr\/wp-json\/wp\/v2\/posts\/667040\/revisions"}],"wp:featuredmedia":[{"embeddable":true,"href":"https:\/\/www.europesays.com\/fr\/wp-json\/wp\/v2\/media\/6963"}],"wp:attachment":[{"href":"https:\/\/www.europesays.com\/fr\/wp-json\/wp\/v2\/media?parent=667040"}],"wp:term":[{"taxonomy":"category","embeddable":true,"href":"https:\/\/www.europesays.com\/fr\/wp-json\/wp\/v2\/categories?post=667040"},{"taxonomy":"post_tag","embeddable":true,"href":"https:\/\/www.europesays.com\/fr\/wp-json\/wp\/v2\/tags?post=667040"}],"curies":[{"name":"wp","href":"https:\/\/api.w.org\/{rel}","templated":true}]}}