{"id":667041,"date":"2026-01-16T06:01:12","date_gmt":"2026-01-16T06:01:12","guid":{"rendered":"https:\/\/www.europesays.com\/fr\/667041\/"},"modified":"2026-01-16T06:01:12","modified_gmt":"2026-01-16T06:01:12","slug":"corse-geneve-manchester-des-vols-a-gagner-lors-de-ce-salon-organise-a-laeroport-de-rennes","status":"publish","type":"post","link":"https:\/\/www.europesays.com\/fr\/667041\/","title":{"rendered":"Corse, Gen\u00e8ve, Manchester&#8230; Des vols \u00e0 gagner lors de ce salon organis\u00e9 \u00e0 l&rsquo;a\u00e9roport de Rennes"},"content":{"rendered":"<p>                    Par<br \/>\n        <strong><br \/>\n            <a href=\"https:\/\/actu.fr\/auteur\/brian-legoff\" title=\"Consulter tous les articles de Brian Le Goff\" target=\"_blank\" rel=\"noopener\">Brian Le Goff<\/a><br \/>\n                    <\/strong><\/p>\n<p>        Publi\u00e9 le<\/p>\n<p>            16 janv. 2026 \u00e0 6h32        <\/p>\n<p>Et si vous partiez en voyage depuis l\u2019<a href=\"https:\/\/actu.fr\/tag\/aeroport-de-rennes\" target=\"_blank\" rel=\"noopener\">a\u00e9roport de Rennes<\/a>\u2009? C\u2019est en tout cas l\u2019objectif du salon des voyages organis\u00e9 vendredi\u00a016, samedi\u00a017 et dimanche 18\u00a0janvier 2026 au sein m\u00eame de l\u2019infrastructure bretonne.\u00a0<strong>Agences de voyages, compagnies a\u00e9riennes, offices de tourisme, experts et passionn\u00e9s<\/strong> se r\u00e9unissent pour inspirer des id\u00e9es de s\u00e9jours aux voyageurs.<\/p>\n<p class=\" wall-content\">L\u2019occasion aussi pour tous les acteurs de proposer le meilleur service aux clients et \u00e0 ces derniers de <strong>d\u00e9couvrir la facilit\u00e9 d\u2019acc\u00e8s et la simplicit\u00e9 des services de l\u2019a\u00e9roport<\/strong>, explique la direction dans un communiqu\u00e9.<\/p>\n<p>Des conf\u00e9rences en nombre et des animations avec des lots \u00e0 gagner<\/p>\n<p class=\" wall-content\">Ce salon des voyages proposera de nombreuses conf\u00e9rences (<a href=\"https:\/\/www.rennes.aeroport.fr\/fr\/salon-voyages-rennes\" target=\"_blank\" rel=\"noopener\">retrouvez le d\u00e9tail sur le site de l\u2019a\u00e9roport<\/a>) avec des conseils, t\u00e9moignages, retours d\u2019exp\u00e9riences et id\u00e9es d\u2019itin\u00e9raires.<\/p>\n<p class=\" wall-content\">En plus des stands et conf\u00e9rences, diverses animations sont pr\u00e9vues et permettront aux visiteurs de remporter de <strong>nombreux lots <\/strong>parmi lesquels, comme l\u2019an pass\u00e9, des <strong>vols<\/strong> au d\u00e9part de l\u2019a\u00e9roport <strong>pour la Corse<\/strong>, offert par Air Corsica et <strong>pour Gen\u00e8ve et Manchester,<\/strong> offert par Easyjet.<\/p>\n<p class=\" wall-content\">Il y aura \u00e9galement une<strong> offre de restaurations sur place avec la pr\u00e9sence d\u2019un food-truck,<\/strong> en plus du point de vente de l\u2019a\u00e9roport, Trib\u2019s.<\/p>\n<p>Horaires d\u2019ouverture\u2009: vendredi, de 13h \u00e0 17h\u2009; samedi, de 10h \u00e0 17h et dimanche, de 10h \u00e0 15h30. Entr\u00e9e et parking gratuit sur <a href=\"https:\/\/my.weezevent.com\/rennes-voyages-2eme-edition-du-salon-des-voyages-de-laeroport-rennes-bretagne?_gl=1*ab5gw4*_gcl_au*MTg5NTkxODU3MS4xNzY0ODQ3NzMzLjEzMzQ4NDUwMTkuMTc2NDg0NzczNC4xNzY0ODQ3NzM1*_ga*MTU0NDUyNzM3OS4xNzY0ODQ3NzMz*_ga_39H9VBFX7G*czE3NjUyNzA2MjAkbzQkZzEkdDE3NjUyNzA3MzgkajkkbDAkaDc4OTE4OTcyOA..\" target=\"_blank\" rel=\"noopener\">pr\u00e9sentation du billet \u00e0 t\u00e9l\u00e9charger ici<\/a>.<\/p>\n<p class=\" wall-content\">Personnalisez votre actualit\u00e9 en ajoutant vos villes et m\u00e9dias en favori avec <a href=\"https:\/\/moncompte.actu.fr\" title=\"D\u00e9couvez Mon Actu\" rel=\"nofollow noopener\" data-trk=\"{&quot;cta&quot;:{&quot;action&quot;:&quot;https:\\\/\\\/moncompte.actu.fr&quot;,&quot;category&quot;:&quot;mon compte&quot;,&quot;from&quot;:&quot;article footer&quot;,&quot;name&quot;:&quot;Mon actu&quot;,&quot;type&quot;:&quot;cta&quot;}}\" target=\"_blank\">Mon Actu<\/a>.<\/p>\n","protected":false},"excerpt":{"rendered":"Par Brian Le Goff Publi\u00e9 le 16 janv. 2026 \u00e0 6h32 Et si vous partiez en voyage depuis&hellip;\n","protected":false},"author":2,"featured_media":301971,"comment_status":"","ping_status":"","sticky":false,"template":"","format":"standard","meta":{"footnotes":""},"categories":[2821],"tags":[1111,11,21542,829,1777,674,1011,27,1652,12,584,25,586],"class_list":{"0":"post-667041","1":"post","2":"type-post","3":"status-publish","4":"format-standard","5":"has-post-thumbnail","7":"category-rennes","8":"tag-actu","9":"tag-actualites","10":"tag-aeroport-de-rennes","11":"tag-bretagne","12":"tag-eu","13":"tag-europe","14":"tag-fr","15":"tag-france","16":"tag-loisirs-culture","17":"tag-news","18":"tag-rennes","19":"tag-republique-francaise","20":"tag-voyage"},"share_on_mastodon":{"url":"https:\/\/pubeurope.com\/@fr\/115903259157136191","error":""},"_links":{"self":[{"href":"https:\/\/www.europesays.com\/fr\/wp-json\/wp\/v2\/posts\/667041","targetHints":{"allow":["GET"]}}],"collection":[{"href":"https:\/\/www.europesays.com\/fr\/wp-json\/wp\/v2\/posts"}],"about":[{"href":"https:\/\/www.europesays.com\/fr\/wp-json\/wp\/v2\/types\/post"}],"author":[{"embeddable":true,"href":"https:\/\/www.europesays.com\/fr\/wp-json\/wp\/v2\/users\/2"}],"replies":[{"embeddable":true,"href":"https:\/\/www.europesays.com\/fr\/wp-json\/wp\/v2\/comments?post=667041"}],"version-history":[{"count":0,"href":"https:\/\/www.europesays.com\/fr\/wp-json\/wp\/v2\/posts\/667041\/revisions"}],"wp:featuredmedia":[{"embeddable":true,"href":"https:\/\/www.europesays.com\/fr\/wp-json\/wp\/v2\/media\/301971"}],"wp:attachment":[{"href":"https:\/\/www.europesays.com\/fr\/wp-json\/wp\/v2\/media?parent=667041"}],"wp:term":[{"taxonomy":"category","embeddable":true,"href":"https:\/\/www.europesays.com\/fr\/wp-json\/wp\/v2\/categories?post=667041"},{"taxonomy":"post_tag","embeddable":true,"href":"https:\/\/www.europesays.com\/fr\/wp-json\/wp\/v2\/tags?post=667041"}],"curies":[{"name":"wp","href":"https:\/\/api.w.org\/{rel}","templated":true}]}}