{"id":667044,"date":"2026-01-16T06:03:19","date_gmt":"2026-01-16T06:03:19","guid":{"rendered":"https:\/\/www.europesays.com\/fr\/667044\/"},"modified":"2026-01-16T06:03:19","modified_gmt":"2026-01-16T06:03:19","slug":"cellules-surpeuplees-et-insalubres-cafards-absence-deau-chaude-la-france-epinglee-par-la-cour-europeenne-des-droits-de-lhomme-pour-les-conditions-de-detention-a-la-prison-de-strasbourg","status":"publish","type":"post","link":"https:\/\/www.europesays.com\/fr\/667044\/","title":{"rendered":"Cellules surpeupl\u00e9es et insalubres, cafards, absence d&rsquo;eau chaude&#8230; La France \u00e9pingl\u00e9e par la Cour europ\u00e9enne des droits de l&rsquo;homme pour les conditions de d\u00e9tention \u00e0 la prison de Strasbourg"},"content":{"rendered":"\n<p class=\"c-chapo \">\n  Les juges europ\u00e9ens ont donn\u00e9 raison \u00e0 un homme emprisonn\u00e9 entre avril et juillet 2016.\n<\/p>\n<p>      lire plus tard<\/p>\n<p id=\"dialog__title\" class=\"dialog__title\">Pour sauvegarder cet article, connectez-vous ou cr\u00e9ez un compte franceinfo<\/p>\n<p class=\"dialog__description\">Sans paiement. Sans abonnement.<\/p>\n<p>        Fermer la fen\u00eatre d\u2019activation des notifications France Info<\/p>\n<p>      cr\u00e9er votre compte<\/p>\n<p>      se connecter<\/p>\n<p>      :<\/p>\n<p>        Fermer la fen\u00eatre de pr\u00e9sentation<\/p>\n<p>    <img loading=\"lazy\" decoding=\"async\" class=\"signature__image lazyload\" width=\"100\" height=\"100\" data- alt=\"\" src=\"https:\/\/www.europesays.com\/fr\/wp-content\/uploads\/2025\/05\/64a68815cd1a7_placeholder-36b69ec8.png\"\/><\/p>\n<p>    Publi\u00e9 le 15\/01\/2026 21:24<\/p>\n<p>        Temps de lecture : 2min<\/p>\n<p>    <img decoding=\"async\"  alt=\"Une vue de la prison de Strasbourg (Bas-Rhin), le 8 mars 2017. (PATRICK HERTZOG \/ AFP)\" width=\"432\" height=\"243\" src=\"https:\/\/www.europesays.com\/fr\/wp-content\/uploads\/2026\/01\/000-mh5at-69694affb81c4902097847.jpg\" fetchpriority=\"high\"\/><\/p>\n<p>      Une vue de la prison de Strasbourg (Bas-Rhin), le 8 mars 2017. (PATRICK HERTZOG \/ AFP)<\/p>\n<p>Cellules surpeupl\u00e9es et insalubres, cafards et souris, absence d&rsquo;eau chaude et d&rsquo;intimit\u00e9 aux toilettes : un homme de 42 ans a fait condamner jeudi 15 janvier la France par la Cour europ\u00e9enne des droits de l&rsquo;homme pour ses conditions de d\u00e9tention \u00e0 la maison d&rsquo;arr\u00eat de Strasbourg. Cette prison, \u00ab\u00a0en situation de surpopulation\u00a0\u00bb et \u00ab\u00a0propice \u00e0 la prolif\u00e9ration des animaux nuisibles\u00a0\u00bb, n&rsquo;offrait pas, \u00ab\u00a0\u00e0 l&rsquo;\u00e9poque de la d\u00e9tention du requ\u00e9rant\u00a0\u00bb, des conditions de d\u00e9tention \u00ab\u00a0d\u00e9centes\u00a0\u00bb, ce qui \u00e9tait assimilable \u00e0 un \u00ab\u00a0traitement inhumain et d\u00e9gradant\u00a0\u00bb, a tranch\u00e9 la CEDH. Les autorit\u00e9s fran\u00e7aises devront verser 7 400 euros au d\u00e9tenu \u00e0 titre de d\u00e9dommagement moral.<\/p>\n<p>C&rsquo;est la neuvi\u00e8me fois depuis 2013 que la France <a href=\"https:\/\/www.franceinfo.fr\/societe\/prisons\/la-cour-europeenne-des-droits-de-l-homme-condamne-la-france-jeudi-a-verser-2-000-euros-aux-deux-detenus-pour-prejudice-moral_6494051.html\" target=\"_blank\" rel=\"noopener\">est condamn\u00e9e par la CEDH<\/a> pour les conditions de vie dans ses prisons, a pr\u00e9cis\u00e9 \u00e0 l&rsquo;AFP Patrice Spinosi, l&rsquo;avocat qui a port\u00e9 ces dossiers avec l&rsquo;Observatoire international des prisons (OIP). Au total, ces arr\u00eats concernaient 42 d\u00e9tenus, mais \u00ab\u00a0ce n&rsquo;est que la partie \u00e9merg\u00e9e de l&rsquo;iceberg\u00a0\u00bb car seule une minorit\u00e9 des personnes concern\u00e9es ont \u00ab\u00a0l&rsquo;\u00e9nergie et le temps\u00a0\u00bb pour saisir la justice, jusqu&rsquo;au Conseil d&rsquo;Etat et \u00e0 la CEDH, afin de d\u00e9noncer leurs conditions de d\u00e9tention, a soulign\u00e9 l&rsquo;avocat.<\/p>\n<p>Dans le cas de la maison d&rsquo;arr\u00eat de Strasbourg, les juges europ\u00e9ens ont donn\u00e9 raison au requ\u00e9rant pour la p\u00e9riode allant d&rsquo;avril \u00e0 juillet 2016. Pendant ces 87 jours, le d\u00e9tenu n&rsquo;a pu \u00eatre seul en cellule que pendant quatre jours. Le reste du temps, il devait partager les 9 m2 de son espace de vie avec au moins un autre prisonnier et m\u00eame, pendant six jours, avec deux cod\u00e9tenus, selon le comptage pr\u00e9cis fourni par les autorit\u00e9s fran\u00e7aises.<\/p>\n<p>En s&rsquo;appuyant notamment sur plusieurs rapports du Contr\u00f4leur g\u00e9n\u00e9ral des lieux de privation de libert\u00e9 (CGLPL), la Cour a soulign\u00e9 la v\u00e9tust\u00e9 de la prison, la pr\u00e9sence de rongeurs et cafards ou les douches \u00ab\u00a0parfois glaciales\u00a0\u00bb. Surtout, les toilettes, au sein des cellules, sont install\u00e9es \u00ab\u00a0\u00e0 proximit\u00e9 imm\u00e9diate des lits et des lieux de repas\u00a0\u00bb et ne sont pas s\u00e9par\u00e9es par une cloison ferm\u00e9e, si bien que les d\u00e9tenus n&rsquo;y disposent d&rsquo;aucune intimit\u00e9, ont relev\u00e9 les juges europ\u00e9ens.<\/p>\n","protected":false},"excerpt":{"rendered":"Les juges europ\u00e9ens ont donn\u00e9 raison \u00e0 un homme emprisonn\u00e9 entre avril et juillet 2016. lire plus tard&hellip;\n","protected":false},"author":2,"featured_media":667045,"comment_status":"","ping_status":"","sticky":false,"template":"","format":"standard","meta":{"footnotes":""},"categories":[2820],"tags":[1111,11,1777,674,1011,27,775,12,25,640],"class_list":{"0":"post-667044","1":"post","2":"type-post","3":"status-publish","4":"format-standard","5":"has-post-thumbnail","7":"category-strasbourg","8":"tag-actu","9":"tag-actualites","10":"tag-eu","11":"tag-europe","12":"tag-fr","13":"tag-france","14":"tag-grand-est","15":"tag-news","16":"tag-republique-francaise","17":"tag-strasbourg"},"share_on_mastodon":{"url":"https:\/\/pubeurope.com\/@fr\/115903267123952506","error":""},"_links":{"self":[{"href":"https:\/\/www.europesays.com\/fr\/wp-json\/wp\/v2\/posts\/667044","targetHints":{"allow":["GET"]}}],"collection":[{"href":"https:\/\/www.europesays.com\/fr\/wp-json\/wp\/v2\/posts"}],"about":[{"href":"https:\/\/www.europesays.com\/fr\/wp-json\/wp\/v2\/types\/post"}],"author":[{"embeddable":true,"href":"https:\/\/www.europesays.com\/fr\/wp-json\/wp\/v2\/users\/2"}],"replies":[{"embeddable":true,"href":"https:\/\/www.europesays.com\/fr\/wp-json\/wp\/v2\/comments?post=667044"}],"version-history":[{"count":0,"href":"https:\/\/www.europesays.com\/fr\/wp-json\/wp\/v2\/posts\/667044\/revisions"}],"wp:featuredmedia":[{"embeddable":true,"href":"https:\/\/www.europesays.com\/fr\/wp-json\/wp\/v2\/media\/667045"}],"wp:attachment":[{"href":"https:\/\/www.europesays.com\/fr\/wp-json\/wp\/v2\/media?parent=667044"}],"wp:term":[{"taxonomy":"category","embeddable":true,"href":"https:\/\/www.europesays.com\/fr\/wp-json\/wp\/v2\/categories?post=667044"},{"taxonomy":"post_tag","embeddable":true,"href":"https:\/\/www.europesays.com\/fr\/wp-json\/wp\/v2\/tags?post=667044"}],"curies":[{"name":"wp","href":"https:\/\/api.w.org\/{rel}","templated":true}]}}