{"id":667046,"date":"2026-01-16T06:04:10","date_gmt":"2026-01-16T06:04:10","guid":{"rendered":"https:\/\/www.europesays.com\/fr\/667046\/"},"modified":"2026-01-16T06:04:10","modified_gmt":"2026-01-16T06:04:10","slug":"grand-peur-et-misere-du-iiie-reich-pour-decortiquer-la-peur","status":"publish","type":"post","link":"https:\/\/www.europesays.com\/fr\/667046\/","title":{"rendered":"\u00ab\u00a0Grand-Peur et mis\u00e8re du IIIe Reich\u00a0\u00bb pour d\u00e9cortiquer la peur"},"content":{"rendered":"<p>\t\t\t\t\t\t<b>Grand-Peur <\/b><b>et mis\u00e8re du IIIe Reich<\/b><br \/>\nth\u00e9\u00e2tre \/ drame \/ histoire<\/p>\n<p>\u00a0<\/p>\n<p><b>Grand-Peur et mis\u00e8re du IIIe Reich : \u00c9tat des lieux<\/b><\/p>\n<p>\u00a0<\/p>\n<p>D\u00e9but mars, le Th\u00e9\u00e2tre National de Nice accueille <b>Grand-Peur et mis\u00e8re du IIIe Reich<\/b>, l\u2019une des \u0153uvres les plus marquantes <b>de Bertolt Brecht, dans une mise en sc\u00e8ne contemporaine sign\u00e9e Julie Duclos<\/b>. Un rendez-vous fort de la saison culturelle ni\u00e7oise, accessible \u00e0 tous les publics : amateurs de th\u00e9\u00e2tre autant que simples curieux\u2026<\/p>\n<p>\u00c9crite dans les ann\u00e9es 1930, la pi\u00e8ce se compose d\u2019une <b>succession de 24 sc\u00e8nes courtes qui d\u00e9voilent comment la terreur s\u2019enracine<\/b>, peu \u00e0 peu, dans la vie quotidienne d\u2019une soci\u00e9t\u00e9 soumise \u00e0 la dictature. Famille, travail, voisinage : insensiblement et insidieusement, <b>la m\u00e9fiance s\u2019installe et contamine tous les espaces\u2026<\/b> Et c\u2019est \u00e0 travers des situations simples, presque ordinaires, que Bertolt Brecht \u2013 avec une grande finesse \u2013 expose la mani\u00e8re dont un r\u00e9gime autoritaire r\u00e9ussit \u00e0 bouleverser les comportements. Auteur allemand majeur du XX\u00e8me si\u00e8cle,<b> il imagine ce drame pendant son exil, au moment de la mont\u00e9e du nazisme<\/b>, avec la conviction que le th\u00e9\u00e2tre peut et doit parler \u00e0 tous, en \u00e9clairant les m\u00e9canismes du pouvoir et de la peur.<\/p>\n<p>\u00a0<\/p>\n<\/p>\n<p>\u00a0<\/p>\n<p>Parmi les visages familiers, on retrouve <b>Daniel Delabesse<\/b>, personnalit\u00e9 tr\u00e8s pr\u00e9sente sur les sc\u00e8nes nationales, appr\u00e9ci\u00e9 pour la pr\u00e9cision et l\u2019intensit\u00e9 de son interpr\u00e9tation, ainsi que <b>Philippe Duclos<\/b>, acteur fid\u00e8le aux grands textes du r\u00e9pertoire tant contemporain que classique.<\/p>\n<p>\u00c0 Nice, cette version resserr\u00e9e et rythm\u00e9e met l\u2019accent sur la clart\u00e9 du r\u00e9cit et la force du jeu des com\u00e9diens. Grand-Peur et mis\u00e8re du IIIe Reich r\u00e9sonne consid\u00e9rablement avec notre \u00e9poque et <b>invite donc le public \u00e0 r\u00e9fl\u00e9chir, sans moralisme, \u00e0 la pression sociale et \u00e0 la responsabilit\u00e9 individuelle<\/b>. Une partition exigeante, mais accessible, port\u00e9e par une sc\u00e9nographie actuelle.<\/p>\n<p>\u00a0<\/p>\n<p style=\"text-align: right;\"><b>\u00a0\u00a0<\/b>\u00a9 Alice Masson pour Le Mensuel \/ Photo Simon Gosselin<\/p>\n<p>\u00a0<\/p>\n<p><a href=\"https:\/\/www.le-mensuel.com\/category\/coups-de-coeur\/theatre\/\" target=\"_blank\" rel=\"noopener\">\u21b5\u00a0Retour vers la rubrique \u00ab\u00a0th\u00e9\u00e2tre\u00a0\u00bb<\/a><\/p>\n<p>\u00a0<\/p>\n<p>\u00a0<\/p>\n","protected":false},"excerpt":{"rendered":"Grand-Peur et mis\u00e8re du IIIe Reich th\u00e9\u00e2tre \/ drame \/ histoire \u00a0 Grand-Peur et mis\u00e8re du IIIe Reich&hellip;\n","protected":false},"author":2,"featured_media":667047,"comment_status":"","ping_status":"","sticky":false,"template":"","format":"standard","meta":{"footnotes":""},"categories":[2819],"tags":[1111,11,1777,674,1011,27,12,2401,882,25],"class_list":{"0":"post-667046","1":"post","2":"type-post","3":"status-publish","4":"format-standard","5":"has-post-thumbnail","7":"category-nice","8":"tag-actu","9":"tag-actualites","10":"tag-eu","11":"tag-europe","12":"tag-fr","13":"tag-france","14":"tag-news","15":"tag-nice","16":"tag-provence-alpes-cote-dazur","17":"tag-republique-francaise"},"share_on_mastodon":{"url":"https:\/\/pubeurope.com\/@fr\/115903271007927824","error":""},"_links":{"self":[{"href":"https:\/\/www.europesays.com\/fr\/wp-json\/wp\/v2\/posts\/667046","targetHints":{"allow":["GET"]}}],"collection":[{"href":"https:\/\/www.europesays.com\/fr\/wp-json\/wp\/v2\/posts"}],"about":[{"href":"https:\/\/www.europesays.com\/fr\/wp-json\/wp\/v2\/types\/post"}],"author":[{"embeddable":true,"href":"https:\/\/www.europesays.com\/fr\/wp-json\/wp\/v2\/users\/2"}],"replies":[{"embeddable":true,"href":"https:\/\/www.europesays.com\/fr\/wp-json\/wp\/v2\/comments?post=667046"}],"version-history":[{"count":0,"href":"https:\/\/www.europesays.com\/fr\/wp-json\/wp\/v2\/posts\/667046\/revisions"}],"wp:featuredmedia":[{"embeddable":true,"href":"https:\/\/www.europesays.com\/fr\/wp-json\/wp\/v2\/media\/667047"}],"wp:attachment":[{"href":"https:\/\/www.europesays.com\/fr\/wp-json\/wp\/v2\/media?parent=667046"}],"wp:term":[{"taxonomy":"category","embeddable":true,"href":"https:\/\/www.europesays.com\/fr\/wp-json\/wp\/v2\/categories?post=667046"},{"taxonomy":"post_tag","embeddable":true,"href":"https:\/\/www.europesays.com\/fr\/wp-json\/wp\/v2\/tags?post=667046"}],"curies":[{"name":"wp","href":"https:\/\/api.w.org\/{rel}","templated":true}]}}