{"id":667050,"date":"2026-01-16T06:07:20","date_gmt":"2026-01-16T06:07:20","guid":{"rendered":"https:\/\/www.europesays.com\/fr\/667050\/"},"modified":"2026-01-16T06:07:20","modified_gmt":"2026-01-16T06:07:20","slug":"residentes-dun-ehpad-a-nantes-elles-se-font-une-beaute-pour-le-concours-de-miss-grand-mere","status":"publish","type":"post","link":"https:\/\/www.europesays.com\/fr\/667050\/","title":{"rendered":"R\u00e9sidentes d&rsquo;un Ehpad \u00e0 Nantes, elles se font une beaut\u00e9 pour le concours de Miss Grand-M\u00e8re"},"content":{"rendered":"<p>Cinq dames \u00e2g\u00e9es vivant \u00e0 la maison de retraite nantaise La Ch\u00e9zali\u00e8re ont particip\u00e9 aux s\u00e9lections du concours Miss Grand-M\u00e8re ce jeudi. Elles se sont fait coiffer par de jeunes apprenties-coiffeuses de l&rsquo;\u00e9cole Terrade \u00e0 Nantes. Un joli moment pour les r\u00e9sidentes.<\/p>\n<p>Cinq r\u00e9sidentes de la maison de retraite La Ch\u00e9zali\u00e8re de Nantes ont v\u00e9cu un moment pr\u00e9cieux jeudi 15 janvier. Elles se sont rendues \u00e0 l&rsquo;\u00e9cole de coiffure Terrade, sur l&rsquo;\u00eele de Nantes,\u00a0pour participer au concours de Miss Grand-M\u00e8re. Ce concours, cr\u00e9\u00e9 il y a 3 ans par une infirmi\u00e8re en maison de retraite,\u00a0propose \u00e0 des retrait\u00e9es d&rsquo;Ehpad de toute la France de <strong>se faire coiffer par des apprentis-coiffeurs<\/strong> en vue de d\u00e9crocher la couronne,\u00a0au terme d&rsquo;un vote sur Internet.<\/p>\n<p>\u00ab\u00a0C&rsquo;est une belle occasion de prendre soin d&rsquo;elles, de valoriser leur image d&rsquo;elles-m\u00eames et leur estime d&rsquo;elles-m\u00eames\u00a0\u00bb, souligne M\u00e9lanie Ricolleau, coordinatrice de la vie sociale et culturelle de la maison de retraite La Ch\u00e9zali\u00e8re \u00e0 Nantes. Cet Ehpad nantais participe au concours depuis ses d\u00e9buts.<\/p>\n<p>Un vote sur Internet<\/p>\n<p>Apr\u00e8s les s\u00e9lections locales dans les Ehpad, le public pourra <strong>participer au vote<\/strong> pour les \u00e9lections d\u00e9partementale, r\u00e9gionale\u00a0puis nationale \u00e0 partir de la mi-mars sur\u00a0<a target=\"_blank\" rel=\"nofollow noopener noreferrer\" class=\"IciLink ici-link IciArticleLink g-ici-body-regular-1 underline brand svelte-1chfe2s\" href=\"https:\/\/www.missgrandmere.fr\/\">le site du concours<\/a>\u00a0Miss Grand-M\u00e8re.<\/p>\n<p>L&rsquo;an dernier, <strong>pr\u00e8s de 900 retrait\u00e9es<\/strong> ont particip\u00e9 dans 130 Ehpad de toute la France, et une centaine d&rsquo;\u00e9coles de coiffure \u00e9taient partenaires.<\/p>\n<p>\u00c0 lire aussi   <img decoding=\"async\" src=\"https:\/\/www.europesays.com\/fr\/wp-content\/uploads\/2026\/01\/1768543640_387_400x400.jpeg\" alt=\"\" style=\"--_image-preview:url('data:image\/jpeg;base64,\/9j\/2wBDACgcHiMeGSgjISMtKygwPGRBPDc3PHtYXUlkkYCZlo+AjIqgtObDoKrarYqMyP\/L2u71\/\/\/\/m8H\/\/\/\/6\/+b9\/\/j\/2wBDASstLTw1PHZBQXb4pYyl+Pj4+Pj4+Pj4+Pj4+Pj4+Pj4+Pj4+Pj4+Pj4+Pj4+Pj4+Pj4+Pj4+Pj4+Pj4+Pj4+Pj\/wAARCAAXACoDASIAAhEBAxEB\/8QAFgABAQEAAAAAAAAAAAAAAAAAAAEC\/8QAFhABAQEAAAAAAAAAAAAAAAAAAAER\/8QAFwEBAQEBAAAAAAAAAAAAAAAAAQACBP\/EABYRAQEBAAAAAAAAAAAAAAAAAAABEf\/aAAwDAQACEQMRAD8A3GokVh0VRBDRAR0AKomgmE00AX\/\/2Q==');\" loading=\"lazy\" fetchpriority=\"low\" aria-hidden=\"true\" class=\"svelte-1cksh76 rounded\" onload=\"this.__e=event\" onerror=\"this.__e=event\"\/><\/p>\n","protected":false},"excerpt":{"rendered":"Cinq dames \u00e2g\u00e9es vivant \u00e0 la maison de retraite nantaise La Ch\u00e9zali\u00e8re ont particip\u00e9 aux s\u00e9lections du concours&hellip;\n","protected":false},"author":2,"featured_media":667051,"comment_status":"","ping_status":"","sticky":false,"template":"","format":"standard","meta":{"footnotes":""},"categories":[2818],"tags":[1111,11,1777,674,1011,27,766,12,2636,25],"class_list":{"0":"post-667050","1":"post","2":"type-post","3":"status-publish","4":"format-standard","5":"has-post-thumbnail","7":"category-nantes","8":"tag-actu","9":"tag-actualites","10":"tag-eu","11":"tag-europe","12":"tag-fr","13":"tag-france","14":"tag-nantes","15":"tag-news","16":"tag-pays-de-la-loire","17":"tag-republique-francaise"},"share_on_mastodon":{"url":"https:\/\/pubeurope.com\/@fr\/115903282771542993","error":""},"_links":{"self":[{"href":"https:\/\/www.europesays.com\/fr\/wp-json\/wp\/v2\/posts\/667050","targetHints":{"allow":["GET"]}}],"collection":[{"href":"https:\/\/www.europesays.com\/fr\/wp-json\/wp\/v2\/posts"}],"about":[{"href":"https:\/\/www.europesays.com\/fr\/wp-json\/wp\/v2\/types\/post"}],"author":[{"embeddable":true,"href":"https:\/\/www.europesays.com\/fr\/wp-json\/wp\/v2\/users\/2"}],"replies":[{"embeddable":true,"href":"https:\/\/www.europesays.com\/fr\/wp-json\/wp\/v2\/comments?post=667050"}],"version-history":[{"count":0,"href":"https:\/\/www.europesays.com\/fr\/wp-json\/wp\/v2\/posts\/667050\/revisions"}],"wp:featuredmedia":[{"embeddable":true,"href":"https:\/\/www.europesays.com\/fr\/wp-json\/wp\/v2\/media\/667051"}],"wp:attachment":[{"href":"https:\/\/www.europesays.com\/fr\/wp-json\/wp\/v2\/media?parent=667050"}],"wp:term":[{"taxonomy":"category","embeddable":true,"href":"https:\/\/www.europesays.com\/fr\/wp-json\/wp\/v2\/categories?post=667050"},{"taxonomy":"post_tag","embeddable":true,"href":"https:\/\/www.europesays.com\/fr\/wp-json\/wp\/v2\/tags?post=667050"}],"curies":[{"name":"wp","href":"https:\/\/api.w.org\/{rel}","templated":true}]}}