{"id":667056,"date":"2026-01-16T06:10:09","date_gmt":"2026-01-16T06:10:09","guid":{"rendered":"https:\/\/www.europesays.com\/fr\/667056\/"},"modified":"2026-01-16T06:10:09","modified_gmt":"2026-01-16T06:10:09","slug":"pres-de-toulouse-ce-couple-ouvre-le-premier-centre-de-photobiomodulation-du-sud-ouest","status":"publish","type":"post","link":"https:\/\/www.europesays.com\/fr\/667056\/","title":{"rendered":"Pr\u00e8s de Toulouse, ce couple ouvre le premier centre de photobiomodulation du Sud-Ouest"},"content":{"rendered":"<p>                    Par<br \/>\n        <strong><br \/>\n            <a href=\"https:\/\/actu.fr\/auteur\/anaelle-petit\" title=\"Consulter tous les articles de Ana\u00eblle Petit\" target=\"_blank\" rel=\"noopener\">Ana\u00eblle Petit<\/a><br \/>\n                    <\/strong><\/p>\n<p>        Publi\u00e9 le<\/p>\n<p>            16 janv. 2026 \u00e0 6h46        <\/p>\n<p>Solia Toulouse, <strong>un centre de photobiomodulation<\/strong> a ouvert le 12\u00a0janvier 2026 dans le nouveau<a href=\"https:\/\/actu.fr\/occitanie\/rouffiac-tolosan_31462\/pres-de-toulouse-un-nouveau-pole-de-sante-sort-de-terre-dans-cette-commune-ce-que-l-on-va-y-trouver_62352766.html\" target=\"_blank\" rel=\"noopener\"> <strong>p\u00f4le sant\u00e9 du Tolosan<\/strong> <\/a>\u00e0 Rouffiac-Tolosan. Derri\u00e8re ce centre, <strong>un couple de Toulousains<\/strong> qui a d\u00e9cid\u00e9 de se lancer dans ce projet en partant d\u2019une exp\u00e9rience personnelle.<\/p>\n<p>Une id\u00e9e qui na\u00eet en plein cong\u00e9 maternit\u00e9<\/p>\n<p class=\" wall-content\">L\u2019id\u00e9e de <strong>Solia<\/strong> na\u00eet en mai\u00a02025 alors qu\u2019Alyz\u00e9e James, cog\u00e9rante de l\u2019institut, est en plein cong\u00e9 maternit\u00e9. Durant sa grossesse, elle est confront\u00e9e \u00e0 <strong>une acn\u00e9 hormonale.<\/strong><\/p>\n<p class=\" wall-content\">\u00c0 la recherche d\u2019une <strong>solution douce et non invasive<\/strong>, elle d\u00e9couvre la photobiomodulation (PBM) sous conseil de Paul Guillet, son compagnon, qui en avait fait usage dans une salle de sport. Il s\u2019agit d\u2019une technologie utilisant la lumi\u00e8re LED pour <strong>stimuler les cellules<\/strong>.<\/p>\n<p class=\" wall-content\">Rapidement, les r\u00e9sultats sont au rendez-vous. \u00ab\u2009Au bout de six s\u00e9ances, j\u2019ai vraiment vu une nette am\u00e9lioration\u2009\u00bb explique-t-elle. Une exp\u00e9rience concluante qui a fait na\u00eetre la curiosit\u00e9 et l\u2019envie chez ses proches.<\/p>\n<p>Aucune offre dans la r\u00e9gion toulousaine<\/p>\n<p class=\" wall-content\">Tous les deux dipl\u00f4m\u00e9s d\u2019un Master d\u2019Ing\u00e9nieur d\u2019affaires, ils r\u00e9alisent qu\u2019au-del\u00e0 du cas d\u2019Alyz\u00e9e, il existe un v\u00e9ritable besoin et <strong>aucune offre<\/strong> dans la r\u00e9gion toulousaine.<\/p>\n<p>Vid\u00e9os : en ce moment sur Actu<\/p>\n<p class=\" wall-content\">C\u2019est alors qu\u2019ils d\u00e9cident de cr\u00e9er <strong>Solia Toulouse<\/strong>. En huit mois, le projet voit le jour et les premiers clients sont accueillis depuis <strong>ce lundi 12\u00a0janvier 2026.<\/strong> Aux c\u00f4t\u00e9s du couple cog\u00e9rant, deux associ\u00e9s\u2009: Tarek Ala Eddine, chirurgien orthop\u00e9diste et Thierry Barre, entrepreneur.<\/p>\n<p class=\" wall-content\">\u00ab\u2009On \u00e9tait m\u00eame en train de faire nos recherches de locaux et de monter nos business plans \u00e0 la maternit\u00e9\u2009\u00bb raconte la jeune femme.<\/p>\n<p>Votre r\u00e9gion, votre actu !<\/p>\n<p>Recevez chaque jour les infos qui comptent pour vous.<\/p>\n<p>\t<a href=\"https:\/\/actu.fr\/newsletter\" class=\"ac-btn ac-btn--corner ac-btn--medium ac-btn--blue800\" target=\"_blank\" rel=\"noopener\">S&rsquo;incrire<\/a><br \/>\n\u00ab\u2009On recharge les cellules en \u00e9nergie\u2009\u00bb<\/p>\n<p class=\" wall-content\">La PBM utilise les <strong>lumi\u00e8res LED<\/strong> pour p\u00e9n\u00e9trer dans les cellules. En utilisant tout le<strong> spectre de couleurs<\/strong>, les objectifs de soins diff\u00e8rent et peuvent aller de la lumi\u00e8re bleue, qui p\u00e9n\u00e8tre peu et agit sur la peau, \u00e0 la rouge qui va travailler plus en profondeur, pour des tensions musculaires par exemple.<\/p>\n<p class=\" wall-content\">\u00ab\u2009Avec la photobiomodulation, on recharge les cellules en \u00e9nergie\u2009\u00bb, explique Paul Guillet.<\/p>\n<p class=\" wall-content\">Apr\u00e8s un premier bilan de l\u2019\u00e9tat de sant\u00e9, les s\u00e9ances durent <strong>entre 12 et 18\u00a0minutes<\/strong>. Le suivi s\u2019effectue ensuite<strong> 2 \u00e0 3\u00a0fois par semaine<\/strong> pour apaiser les tensions, sur une dizaine de s\u00e9ances au total. Le tarif se situe aux alentours de <strong>48\u20ac<\/strong> par s\u00e9ance.<\/p>\n<p>Le sport, le bien-\u00eatre et la peau<\/p>\n<p class=\" wall-content\">Solia repose sur trois axes principaux.<strong> Le sport<\/strong>, avec un accompagnement de la r\u00e9cup\u00e9ration musculaire, la diminution des tensions et l\u2019optimisation de la performance. <strong>Le bien-\u00eatre<\/strong>, pour agir sur la fatigue, le stress, le sommeil et favoriser un mieux-\u00eatre g\u00e9n\u00e9ral. Et enfin<strong> la peau<\/strong>, pour am\u00e9liorer son \u00e9tat g\u00e9n\u00e9ral, booster le collag\u00e8ne\u2026<\/p>\n<p class=\" wall-content\">\u00ab\u2009On accueille tout type de profils, <strong>tout le monde est concern\u00e9<\/strong>. On a plein de cas diff\u00e9rents pour qui la photobiomodulation peut-\u00eatre b\u00e9n\u00e9fique\u2009\u00bb. pr\u00e9cise Paul Guillet qui ajoute que l\u2019objectif est toujours de \u00ab\u2009pouvoir am\u00e9liorer<strong> la qualit\u00e9 et le confort de vie<\/strong> du client\u2009\u00bb.<\/p>\n<p>En compl\u00e9ment d\u2019autres pratiques m\u00e9dicales<\/p>\n<p class=\" wall-content\">L\u2019approche de la PBM est <strong>naturelle, indolore et non invasive<\/strong>. Elle est tr\u00e8s d\u00e9mocratis\u00e9e dans le monde du sport de haut niveau, mais \u00e9galement aupr\u00e8s des personnes en qu\u00eate de solutions alternatives. Le dispositif peut aussi intervenir en compl\u00e9ment d\u2019autres pratiques m\u00e9dicales.<\/p>\n<p class=\" wall-content\">\u00ab\u2009Nous sommes en collaboration avec des kin\u00e9s, ost\u00e9opathes, chirurgiens, m\u00e9decins de la douleur et m\u00e9decins du sommeil. On offre une solution diff\u00e9rente, mais qui est <strong>compl\u00e9mentaire<\/strong>\u2009\u00bb affirme Alyz\u00e9e James.<\/p>\n<p>Le p\u00f4le sant\u00e9 du Tolosan<\/p>\n<p class=\" wall-content\">Le couple ne s\u2019est d\u2019ailleurs pas install\u00e9 ici par hasard. Le<strong> p\u00f4le sant\u00e9 du Tolosan<\/strong> est un nouveau lieu qui devrait regrouper une dizaine de praticiens de diff\u00e9rents domaines. Solia est le premier ouvert, mais le p\u00f4le doit ouvrir officiellement le<strong> 2\u00a0f\u00e9vrier 2026.<\/strong><\/p>\n<p class=\" wall-content\">\u00ab\u2009On a vu du potentiel ici pour collaborer avec les autres corps de m\u00e9tier, mais surtout, on est situ\u00e9 entre la<strong> clinique de l\u2019Union<\/strong> et la<strong> clinique Croix du Sud<\/strong>\u2009\u00bb, pr\u00e9cise la jeune femme.<\/p>\n<p>Devenir une franchise dans toute la France<\/p>\n<p class=\" wall-content\">Alyz\u00e9e et Paul, \u00e2g\u00e9s de <strong>25 et 30\u00a0ans<\/strong>, ne sont pas sans ambitions. Apr\u00e8s une ouverture r\u00e9ussie \u00e0 Rouffiac-Tolosan, le couple esp\u00e8re ouvrir un deuxi\u00e8me centre dans le centre de la Ville Rose avant, pourquoi pas, de <strong>devenir une franchise<\/strong> dans toute la France.<\/p>\n<p>Solia Toulouse\u2009: <a href=\"https:\/\/solia-toulouse.fr\/\" target=\"_blank\" rel=\"noopener\">site internet<\/a><br \/>\n29 Avenue de la Viste, 31180 Rouffiac-Tolosan<\/p>\n<p class=\" wall-content\">Personnalisez votre actualit\u00e9 en ajoutant vos villes et m\u00e9dias en favori avec <a href=\"https:\/\/moncompte.actu.fr\" title=\"D\u00e9couvez Mon Actu\" rel=\"nofollow noopener\" data-trk=\"{&quot;cta&quot;:{&quot;action&quot;:&quot;https:\\\/\\\/moncompte.actu.fr&quot;,&quot;category&quot;:&quot;mon compte&quot;,&quot;from&quot;:&quot;article footer&quot;,&quot;name&quot;:&quot;Mon actu&quot;,&quot;type&quot;:&quot;cta&quot;}}\" target=\"_blank\">Mon Actu<\/a>.<\/p>\n","protected":false},"excerpt":{"rendered":"Par Ana\u00eblle Petit Publi\u00e9 le 16 janv. 2026 \u00e0 6h46 Solia Toulouse, un centre de photobiomodulation a ouvert&hellip;\n","protected":false},"author":2,"featured_media":667057,"comment_status":"","ping_status":"","sticky":false,"template":"","format":"standard","meta":{"footnotes":""},"categories":[2816],"tags":[1111,11,4983,1777,674,1011,27,5701,2673,12,2680,25,104,2312],"class_list":{"0":"post-667056","1":"post","2":"type-post","3":"status-publish","4":"format-standard","5":"has-post-thumbnail","7":"category-toulouse","8":"tag-actu","9":"tag-actualites","10":"tag-bien-etre","11":"tag-eu","12":"tag-europe","13":"tag-fr","14":"tag-france","15":"tag-innovation","16":"tag-medecins","17":"tag-news","18":"tag-occitanie","19":"tag-republique-francaise","20":"tag-societe","21":"tag-toulouse"},"share_on_mastodon":{"url":"https:\/\/pubeurope.com\/@fr\/115903294561751325","error":""},"_links":{"self":[{"href":"https:\/\/www.europesays.com\/fr\/wp-json\/wp\/v2\/posts\/667056","targetHints":{"allow":["GET"]}}],"collection":[{"href":"https:\/\/www.europesays.com\/fr\/wp-json\/wp\/v2\/posts"}],"about":[{"href":"https:\/\/www.europesays.com\/fr\/wp-json\/wp\/v2\/types\/post"}],"author":[{"embeddable":true,"href":"https:\/\/www.europesays.com\/fr\/wp-json\/wp\/v2\/users\/2"}],"replies":[{"embeddable":true,"href":"https:\/\/www.europesays.com\/fr\/wp-json\/wp\/v2\/comments?post=667056"}],"version-history":[{"count":0,"href":"https:\/\/www.europesays.com\/fr\/wp-json\/wp\/v2\/posts\/667056\/revisions"}],"wp:featuredmedia":[{"embeddable":true,"href":"https:\/\/www.europesays.com\/fr\/wp-json\/wp\/v2\/media\/667057"}],"wp:attachment":[{"href":"https:\/\/www.europesays.com\/fr\/wp-json\/wp\/v2\/media?parent=667056"}],"wp:term":[{"taxonomy":"category","embeddable":true,"href":"https:\/\/www.europesays.com\/fr\/wp-json\/wp\/v2\/categories?post=667056"},{"taxonomy":"post_tag","embeddable":true,"href":"https:\/\/www.europesays.com\/fr\/wp-json\/wp\/v2\/tags?post=667056"}],"curies":[{"name":"wp","href":"https:\/\/api.w.org\/{rel}","templated":true}]}}