{"id":667058,"date":"2026-01-16T06:11:13","date_gmt":"2026-01-16T06:11:13","guid":{"rendered":"https:\/\/www.europesays.com\/fr\/667058\/"},"modified":"2026-01-16T06:11:13","modified_gmt":"2026-01-16T06:11:13","slug":"soit-on-continue-la-reussite-toulousaine-soit-on-la-met-en-danger-a-toulouse-le-maire-jean-luc-moudenc-attaque-ses-opposants-sur-leconomie","status":"publish","type":"post","link":"https:\/\/www.europesays.com\/fr\/667058\/","title":{"rendered":"\u00ab\u00a0Soit on continue la r\u00e9ussite toulousaine, soit on la met en danger\u00a0\u00bb, \u00e0 Toulouse le maire Jean-Luc Moudenc attaque ses opposants sur l\u2019\u00e9conomie"},"content":{"rendered":"<p>\n                                                                    l&rsquo;essentiel<br \/>\n                                                                En pla\u00e7ant l\u2019a\u00e9ronautique et le spatial au c\u0153ur de son projet \u00e9conomique, Jean-Luc Moudenc a livr\u00e9, lors de sa deuxi\u00e8me conf\u00e9rence de presse de campagne, une charge appuy\u00e9e contre ses opposants.\n                            <\/p>\n<p>\u00ab\u00a0L\u2019\u00e9conomie, c\u2019est l\u2019emploi. Et \u00e0 Toulouse, l\u2019emploi repose d\u2019abord sur l\u2019a\u00e9ronautique et le spatial.\u00a0\u00bb\u00a0Le ton est donn\u00e9 d\u2019embl\u00e9e par Jean-Luc Moudenc, entour\u00e9 de deux colistiers entrepreneurs, Michel Lacroix et Julie Servat, \u00ab\u00a0pas l\u00e0 par hasard\u00a0\u00bb.<\/p>\n<p>Le candidat revendique une \u00e9quipe \u00ab\u00a0spontan\u00e9ment d\u2019accord\u00a0\u00bb\u00a0l\u00e0 o\u00f9 \u00ab\u00a0d\u2019autres listes sont incapables de s\u2019entendre\u00a0\u00bb.<\/p>\n<p>\u00ab\u00a0Sans l\u2019a\u00e9ronautique, Toulouse ne serait pas ce qu\u2019elle est\u00a0\u00bb<\/p>\n<p>Rappelant que Toulouse est devenue la troisi\u00e8me ville de France gr\u00e2ce \u00e0 ce moteur \u00e9conomique, le maire sortant d\u00e9fend un secteur qui irrigue toute la m\u00e9tropole.<\/p>\n<p>86\u00a0000 emplois, des grandes \u00e9coles, des laboratoires de recherche et un \u00e9cosyst\u00e8me industriel structur\u00e9 autour d\u2019Airbus, du spatial et du New Space. \u00ab\u00a0Sans ce secteur, Toulouse ne serait pas ce qu\u2019elle est\u00a0\u00bb, mart\u00e8le-t-il.<\/p>\n<p>\u00ab\u00a0Notre m\u00e9moire ne sera pas effac\u00e9e\u00a0\u00bb<\/p>\n<p>Face \u00e0 ceux qui voudraient \u00ab\u00a0tourner la page\u00a0\u00bb, Jean-Luc Moudenc assume la valorisation de l\u2019histoire a\u00e9ronautique\u00a0: L\u2019Envol des pionniers, Aeroscopia, la Piste des G\u00e9ants. \u00ab\u00a0Notre m\u00e9moire ne sera pas effac\u00e9e\u00a0\u00bb, insiste-t-il.<\/p>\n<p>        <img decoding=\"async\" class=\"std-img__img responsive-img\" src=\"https:\/\/www.europesays.com\/fr\/wp-content\/uploads\/2026\/01\/1768543873_104_image.png\" alt=\"Jean-Luc Moudenc au centre, avec deux colistiers, Michel Lacroix entrepreneur et fr\u00e8re du pr\u00e9sident du Stade, et Julie Servat, cheffe d\u2019entreprise et femme de William Servat, ancien joueur du Stade.\"\/><\/p>\n<p>                Jean-Luc Moudenc au centre, avec deux colistiers, Michel Lacroix entrepreneur et fr\u00e8re du pr\u00e9sident du Stade, et Julie Servat, cheffe d\u2019entreprise et femme de William Servat, ancien joueur du Stade.<br \/>\n                                    DDM &#8211; R\u00e9my Gabalda<\/p>\n<p>Mais l\u2019enjeu est aussi strat\u00e9gique\u00a0: spatial, d\u00e9fense, g\u00e9opolitique. Le maire sortant pointe les contradictions de la gauche radicale, rappelant que des d\u00e9put\u00e9s Insoumis ont r\u00e9cemment pr\u00e9conis\u00e9 la fermeture du centre d\u2019excellence de l\u2019Otan \u00e0 Toulouse.<\/p>\n<p>\u00ab\u00a0Soit on est une \u00e9quipe facilitatrice, soit on est une \u00e9quipe r\u00e9ticente par id\u00e9ologie\u00a0\u00bb, tranche Michel Lacroix. Un message adress\u00e9 directement \u00e0 ceux qui refusent, selon lui, d\u2019assumer les enjeux de souverainet\u00e9 industrielle.<\/p>\n<p>\u00ab\u00a0Dire que l\u2019aviation n\u2019a pas d\u2019avenir, c\u2019est dire aux salari\u00e9s qu\u2019ils n\u2019en ont pas non plus\u00a0\u00bb<\/p>\n<p>La charge contre les \u00e9cologistes est frontale. \u00ab\u00a0\u00catre pro-avion ne veut pas dire \u00eatre pro-k\u00e9ros\u00e8ne\u00a0\u00bb, r\u00e9pond Jean-Luc Moudenc aux critiques sur l\u2019a\u00e9ronautique.<\/p>\n<p>Il d\u00e9fend une fili\u00e8re engag\u00e9e dans la d\u00e9carbonation, citant les mobilit\u00e9s propres \u00e0 Francazal et les projets industriels comme Aura Aero.<\/p>\n<p>\u00ab\u00a0Dire que l\u2019aviation n\u2019a pas d\u2019avenir, c\u2019est dire aux salari\u00e9s qu\u2019ils n\u2019en ont pas non plus\u00a0\u00bb, attaque-t-il, \u00e9voquant les propos nationaux d\u2019\u00e9lus \u00e9cologistes.<\/p>\n<p>M\u00eame ligne sur le ZAN\u00a0: \u00ab\u00a0Il ne doit pas devenir un outil pour bloquer la souverainet\u00e9 industrielle\u00a0\u00bb, pr\u00e9vient-il, annon\u00e7ant des demandes de d\u00e9rogation pour les extensions d\u2019Airbus et de Safran.<\/p>\n<p>Des engagements\u00a0: pas de hausse d\u2019imp\u00f4ts, un soutien actif aux entreprises<\/p>\n<p>\u00ab\u00a0D\u2019un c\u00f4t\u00e9, ceux qui programment la d\u00e9croissance, refusent les grandes infrastructures, veulent augmenter la fiscalit\u00e9 des entreprises. De l\u2019autre, une \u00e9quipe qui assume l\u2019ambition\u00a0\u00bb, r\u00e9sume Jean-Luc Moudenc.<\/p>\n<p>Son engagement est r\u00e9affirm\u00e9\u00a0: pas de hausse d\u2019imp\u00f4ts, soutien actif aux entreprises, am\u00e9lioration des transports avec la future\u00a0ligne C, \u00ab\u00a0ligne de l\u2019emploi\u00a0\u00bb, et la cr\u00e9ation d\u2019un grand conseil \u00e9conomique m\u00e9tropolitain.<\/p>\n<p>\u00ab\u00a0Toulouse ne peut pas se permettre l\u2019exp\u00e9rimentation id\u00e9ologique\u00a0\u00bb, conclut-il. \u00ab\u00a0Soit on continue la r\u00e9ussite toulousaine, soit on la met en danger.\u00a0\u00bb<\/p>\n","protected":false},"excerpt":{"rendered":"l&rsquo;essentiel En pla\u00e7ant l\u2019a\u00e9ronautique et le spatial au c\u0153ur de son projet \u00e9conomique, Jean-Luc Moudenc a livr\u00e9, lors&hellip;\n","protected":false},"author":2,"featured_media":667059,"comment_status":"","ping_status":"","sticky":false,"template":"","format":"standard","meta":{"footnotes":""},"categories":[2816],"tags":[1111,11,76737,1777,674,1011,27,329,2722,76736,3434,12,2680,316,25,2312,37919],"class_list":{"0":"post-667058","1":"post","2":"type-post","3":"status-publish","4":"format-standard","5":"has-post-thumbnail","7":"category-toulouse","8":"tag-actu","9":"tag-actualites","10":"tag-economie-thu00e8me-de-la-campagne-des-u00e9lections-municipales-2026","11":"tag-eu","12":"tag-europe","13":"tag-fr","14":"tag-france","15":"tag-france-monde","16":"tag-haute-garonne","17":"tag-les-thu00e8mes-de-la-campagne-municipales-2026","18":"tag-municipales-2026","19":"tag-news","20":"tag-occitanie","21":"tag-politique","22":"tag-republique-francaise","23":"tag-toulouse","24":"tag-u00c9lections"},"share_on_mastodon":{"url":"https:\/\/pubeurope.com\/@fr\/115903298692496263","error":""},"_links":{"self":[{"href":"https:\/\/www.europesays.com\/fr\/wp-json\/wp\/v2\/posts\/667058","targetHints":{"allow":["GET"]}}],"collection":[{"href":"https:\/\/www.europesays.com\/fr\/wp-json\/wp\/v2\/posts"}],"about":[{"href":"https:\/\/www.europesays.com\/fr\/wp-json\/wp\/v2\/types\/post"}],"author":[{"embeddable":true,"href":"https:\/\/www.europesays.com\/fr\/wp-json\/wp\/v2\/users\/2"}],"replies":[{"embeddable":true,"href":"https:\/\/www.europesays.com\/fr\/wp-json\/wp\/v2\/comments?post=667058"}],"version-history":[{"count":0,"href":"https:\/\/www.europesays.com\/fr\/wp-json\/wp\/v2\/posts\/667058\/revisions"}],"wp:featuredmedia":[{"embeddable":true,"href":"https:\/\/www.europesays.com\/fr\/wp-json\/wp\/v2\/media\/667059"}],"wp:attachment":[{"href":"https:\/\/www.europesays.com\/fr\/wp-json\/wp\/v2\/media?parent=667058"}],"wp:term":[{"taxonomy":"category","embeddable":true,"href":"https:\/\/www.europesays.com\/fr\/wp-json\/wp\/v2\/categories?post=667058"},{"taxonomy":"post_tag","embeddable":true,"href":"https:\/\/www.europesays.com\/fr\/wp-json\/wp\/v2\/tags?post=667058"}],"curies":[{"name":"wp","href":"https:\/\/api.w.org\/{rel}","templated":true}]}}