{"id":667060,"date":"2026-01-16T06:12:13","date_gmt":"2026-01-16T06:12:13","guid":{"rendered":"https:\/\/www.europesays.com\/fr\/667060\/"},"modified":"2026-01-16T06:12:13","modified_gmt":"2026-01-16T06:12:13","slug":"roubaix-un-nouveau-magasin-avec-des-vetements-neufs-des-collections-passees-de-kiabi-a-petits-prix","status":"publish","type":"post","link":"https:\/\/www.europesays.com\/fr\/667060\/","title":{"rendered":"Roubaix. Un nouveau magasin avec des v\u00eatements neufs des collections pass\u00e9es de Kiabi, \u00e0 petits prix"},"content":{"rendered":"<p>                    Par<br \/>\n        <strong><br \/>\n            <a href=\"https:\/\/actu.fr\/auteur\/annesophie-2\" title=\"Consulter tous les articles de Anne-Sophie Hourdeaux\" target=\"_blank\" rel=\"noopener\">Anne-Sophie Hourdeaux<\/a><br \/>\n                    <\/strong><\/p>\n<p>        Publi\u00e9 le<\/p>\n<p>            16 janv. 2026 \u00e0 6h36        <\/p>\n<p><b>\u00c0 <a href=\"https:\/\/actu.fr\/hauts-de-france\/roubaix_59512\" target=\"_blank\" rel=\"noopener\">Roubaix<\/a> (Nord), c\u00f4t\u00e9 commerces<\/b>, il n\u2019y a pas que l\u2019Usine ou McArthurGlen. Un <b>nouveau concept de magasin<\/b> a ouvert, baptis\u00e9 \u00ab\u2009Le Petit Magasin\u2009\u00bb, entre Intermarch\u00e9 et le coll\u00e8ge Saint-Michel. L\u2019id\u00e9e\u2009: <b>vendre des v\u00eatements neufs<\/b> des collections pass\u00e9es <b>de la marque Kiabi, \u00e0 petits prix<\/b>, tout en donnant de <b>l\u2019emploi<\/b>. On vous explique le concept, r\u00e9sultat d\u2019un partenariat qui prend de l\u2019ampleur entre Kiabi et Vitamine T\u2009: c\u2019est le<b> 14e magasin de ce genre<\/b>, et le premier de la m\u00e9tropole lilloise.<\/p>\n<p>    <img   decoding=\"async\" loading=\"lazy\" class=\"size-large\" src=\"https:\/\/www.europesays.com\/fr\/wp-content\/uploads\/2026\/01\/e7f723c9e8696ddf723c9e869d1082v-960x640.jpg\" alt=\"le petit magasin roubaix kiabi\" width=\"960\" height=\"640\"\/><br \/>\n    Le Petit Magasin \u00e0 Roubaix est n\u00e9 du partenariat entre Kiabi et Vitamine T. L\u2019initiative lanc\u00e9e voil\u00e0 2\u00a0ans compte d\u00e9j\u00e0 14 Petits Magasins en France, le premier de la m\u00e9tropole lilloise est \u00e0 Roubaix. \u00a9Anne-Sophie Hourdeaux\/Croix du NordLe mariage de Kiabi et Vitamine T<\/p>\n<p class=\" wall-content\">D\u2019un c\u00f4t\u00e9, on a Kiabi, grand groupe nordiste de pr\u00eat-\u00e0-porter\u2009; de l\u2019autre, l\u2019entreprise d\u2019insertion Vitamine T, qui aide les personnes \u00e9loign\u00e9es de l\u2019emploi \u00e0 trouver du travail. Les deux parties ont choisi de s\u2019unir et forment KIVI, contraction de leurs deux noms. KIVI propose un nouveau concept de boutique\u2009: les Petits Magasins. <a href=\"https:\/\/actu.fr\/hauts-de-france\/lens_62498\/lens-le-petit-magasin-un-nouveau-commerce-innovant-et-solidaire-en-centre-ville_62105803.html\" target=\"_blank\" rel=\"noopener\">Le premier est n\u00e9 \u00e0 Lens en d\u00e9cembre\u00a02024<\/a>.<\/p>\n<p class=\" wall-content\">Le premier Petit Magasin de la m\u00e9tropole lilloise a ouvert le 13\u00a0novembre 2025 \u00e0 Roubaix, et a f\u00eat\u00e9 son inauguration ce 15\u00a0janvier 2026. \u00c0 son bord, sa dynamique responsable, Malika, et deux salari\u00e9es, Rania et Fanny. La particularit\u00e9, c\u2019est que celles-ci sont en insertion, \u00ab\u2009pour un contrat de 6\u00a0mois d\u2019abord, renouvelable une fois\u2009\u00bb, signale Laura Delpierre, responsable r\u00e9gionale de KIVI pour le secteur Nord-Est.<\/p>\n<p>    <img   decoding=\"async\" loading=\"lazy\" class=\"size-large\" src=\"https:\/\/www.europesays.com\/fr\/wp-content\/uploads\/2026\/01\/71f123c9e869665f123c9e86949f12v-960x640.jpg\" alt=\"le petit magasin roubaix kiabi\" width=\"960\" height=\"640\"\/><br \/>\n    Les produits Kiabi sont vendus 60\u2009% moins cher, de la collection pr\u00e9c\u00e9dente. \u00a9Anne-Sophie Hourdeaux\u00a0V\u00eatements neufs pour tous \u00e0 \u2013 60\u2009%<\/p>\n<p class=\" wall-content\">Le Petit Magasin a tout d\u2019une grande boutique, sur 150\u00a0m2\u2009: cabines d\u2019essayage, conseils des vendeuses, portants maternit\u00e9 et grandes tailles, v\u00eatements pour hommes, femmes et enfants, et m\u00eame chaussures. \u00ab\u2009C\u2019est la marque Kiabi qui y est pr\u00e9sent\u00e9e, avec les collections de l\u2019ann\u00e9e pr\u00e9c\u00e9dente. Ce sont des produits neufs, et surtout, regardez les prix\u2009! Les v\u00eatements sont \u00e0 \u2013 60\u2009% par rapport aux boutiques classiques Kiabi, avec des tee-shirts \u00e0 1\u00a0\u20ac, des manteaux \u00e0 29\u00a0\u20ac, ce qui est le montant le plus \u00e9lev\u00e9 chez nous\u2009!\u2009\u00bb pr\u00e9sente Malika, heureuse d\u2019avoir rejoint cette dynamique.<\/p>\n<p class=\" wall-content\">\u00ab\u2009J\u2019ai une grosse exp\u00e9rience dans la vente, j\u2019ai choisi de rejoindre ce projet pour son c\u00f4t\u00e9 solidaire et social. Il y a un esprit de bienveillance avec les salari\u00e9es ici, on veut qu\u2019elles soient \u00e0 l\u2019aise, pour les pr\u00e9parer \u00e0 partir ailleurs\u2009\u00bb ajoute la responsable de la boutique.<\/p>\n<p>Votre r\u00e9gion, votre actu !<\/p>\n<p>Recevez chaque jour les infos qui comptent pour vous.<\/p>\n<p>\t<a href=\"https:\/\/actu.fr\/newsletter\" class=\"ac-btn ac-btn--corner ac-btn--medium ac-btn--blue800\" target=\"_blank\" rel=\"noopener\">S&rsquo;incrire<\/a><\/p>\n<p>    <img   decoding=\"async\" loading=\"lazy\" class=\"size-large\" src=\"https:\/\/www.europesays.com\/fr\/wp-content\/uploads\/2026\/01\/624323c9e8696864323c9e869ca432v-960x640.jpg\" alt=\"le petit magasin roubaix kiabi\" width=\"960\" height=\"640\"\/><br \/>\n    Manteau \u00e0 29\u00a0\u20ac, tee-shirt \u00e0 1\u00a0\u20ac\u2026 les prix des produits Kiabi, neufs, sont tr\u00e8s int\u00e9ressants pour toute la famille, sans condition de revenu. \u00a9Anne-Sophie Hourdeaux\/Croix du NordFormer \u00e0 l\u2019emploi<\/p>\n<p class=\" wall-content\">En effet, ce sont deux personnes en insertion qui ont \u00e9t\u00e9 recrut\u00e9es, une de 19\u00a0ans et une de 48\u00a0ans. \u00ab\u2009Ce sont deux profils diff\u00e9rents, avec des parcours diff\u00e9rents. Notre but est de les former \u00e0 une posture professionnelle pour qu\u2019elles trouvent leur voie. Pour cela, elles ont un accompagnement sp\u00e9cifique, et elles feront des immersions dans d\u2019autres entreprises selon leur projet professionnel\u2009\u00bb.<\/p>\n<p class=\" wall-content\">Pour les clients, c\u2019est une belle aubaine, et c\u2019est ouvert \u00e0 tous. \u00ab\u2009Pour ceux qui ont les moyens, c\u2019est une fa\u00e7on de nous soutenir que d\u2019acheter chez nous, pour les autres, ils repartent avec des v\u00eatements neufs pour toute la famille\u2009\u00bb, signale encore Laura.<\/p>\n<blockquote class=\"ac-article-quote wall-content\">\n<p>Le v\u00eatement, c\u2019est la confiance en soi. Des gens n\u2019ont pas fait de shopping depuis des ann\u00e9es. Ici, on apporte une dignit\u00e9. Sans oublier l\u2019accueil, c\u2019est un lieu de parole aussi, on prend son temps\u2009!<\/p>\n<p>Laura Delpierre de KIVI<\/p><\/blockquote>\n<p class=\" wall-content\">La situation g\u00e9ographique de la boutique est int\u00e9ressante\u2009: elle est implant\u00e9e tout pr\u00e8s de l\u2019Usine, \u00e0 quelques m\u00e8tres d\u2019Intermarch\u00e9. \u00ab\u2009Nos Petits Magasins privil\u00e9gient les quartiers prioritaires, pour \u00eatre proches des besoins des gens\u2009\u00bb, ajoute la responsable r\u00e9gionale.<\/p>\n<p>Au 82 rue Louis Braille \u00e0 Roubaix, pr\u00e8s de l\u2019Usine. Ouvert du mardi au samedi de 10\u2009h \u00e0 18\u2009h. <a href=\"https:\/\/www.facebook.com\/profile.php?id=61583319797992\" target=\"_blank\" rel=\"noopener\">Suivre les actus du lieu sur facebook ici.<\/a><\/p>\n<p class=\" wall-content\">Personnalisez votre actualit\u00e9 en ajoutant vos villes et m\u00e9dias en favori avec <a href=\"https:\/\/moncompte.actu.fr\" title=\"D\u00e9couvez Mon Actu\" rel=\"nofollow noopener\" data-trk=\"{&quot;cta&quot;:{&quot;action&quot;:&quot;https:\\\/\\\/moncompte.actu.fr&quot;,&quot;category&quot;:&quot;mon compte&quot;,&quot;from&quot;:&quot;article footer&quot;,&quot;name&quot;:&quot;Mon actu&quot;,&quot;type&quot;:&quot;cta&quot;}}\" target=\"_blank\">Mon Actu<\/a>.<\/p>\n","protected":false},"excerpt":{"rendered":"Par Anne-Sophie Hourdeaux Publi\u00e9 le 16 janv. 2026 \u00e0 6h36 \u00c0 Roubaix (Nord), c\u00f4t\u00e9 commerces, il n\u2019y a&hellip;\n","protected":false},"author":2,"featured_media":667061,"comment_status":"","ping_status":"","sticky":false,"template":"","format":"standard","meta":{"footnotes":""},"categories":[2815],"tags":[1111,11,33,1777,674,1011,27,811,1307,12,3147,25,3400],"class_list":{"0":"post-667060","1":"post","2":"type-post","3":"status-publish","4":"format-standard","5":"has-post-thumbnail","7":"category-lille","8":"tag-actu","9":"tag-actualites","10":"tag-economie","11":"tag-eu","12":"tag-europe","13":"tag-fr","14":"tag-france","15":"tag-hauts-de-france","16":"tag-lille","17":"tag-news","18":"tag-nouveaux-commerces","19":"tag-republique-francaise","20":"tag-solidarite"},"share_on_mastodon":{"url":"https:\/\/pubeurope.com\/@fr\/115903302589778031","error":""},"_links":{"self":[{"href":"https:\/\/www.europesays.com\/fr\/wp-json\/wp\/v2\/posts\/667060","targetHints":{"allow":["GET"]}}],"collection":[{"href":"https:\/\/www.europesays.com\/fr\/wp-json\/wp\/v2\/posts"}],"about":[{"href":"https:\/\/www.europesays.com\/fr\/wp-json\/wp\/v2\/types\/post"}],"author":[{"embeddable":true,"href":"https:\/\/www.europesays.com\/fr\/wp-json\/wp\/v2\/users\/2"}],"replies":[{"embeddable":true,"href":"https:\/\/www.europesays.com\/fr\/wp-json\/wp\/v2\/comments?post=667060"}],"version-history":[{"count":0,"href":"https:\/\/www.europesays.com\/fr\/wp-json\/wp\/v2\/posts\/667060\/revisions"}],"wp:featuredmedia":[{"embeddable":true,"href":"https:\/\/www.europesays.com\/fr\/wp-json\/wp\/v2\/media\/667061"}],"wp:attachment":[{"href":"https:\/\/www.europesays.com\/fr\/wp-json\/wp\/v2\/media?parent=667060"}],"wp:term":[{"taxonomy":"category","embeddable":true,"href":"https:\/\/www.europesays.com\/fr\/wp-json\/wp\/v2\/categories?post=667060"},{"taxonomy":"post_tag","embeddable":true,"href":"https:\/\/www.europesays.com\/fr\/wp-json\/wp\/v2\/tags?post=667060"}],"curies":[{"name":"wp","href":"https:\/\/api.w.org\/{rel}","templated":true}]}}