{"id":667072,"date":"2026-01-16T06:19:10","date_gmt":"2026-01-16T06:19:10","guid":{"rendered":"https:\/\/www.europesays.com\/fr\/667072\/"},"modified":"2026-01-16T06:19:10","modified_gmt":"2026-01-16T06:19:10","slug":"ile-de-france-une-cour-decole-jugee-trop-bruyante-va-pouvoir-rouvrir","status":"publish","type":"post","link":"https:\/\/www.europesays.com\/fr\/667072\/","title":{"rendered":"Ile-de-France : une cour d&rsquo;\u00e9cole jug\u00e9e trop bruyante va pouvoir rouvrir"},"content":{"rendered":"\n<p>La cour d\u2019appel de Versailles avait ordonn\u00e9 d\u00e9but octobre une m\u00e9diation pour r\u00e9soudre le litige opposant l\u2019\u00e9cole Montessori \u201cLes Rayons de Soleil\u201d, qui regroupe une centaine d\u2019enfants de la maternelle au CM2, aux habitants du quartier.<\/p>\n<p>Ces derniers s\u2019\u00e9taient plaints de \u201cnuisances sonores\u201d li\u00e9es aux cris des \u00e9l\u00e8ves pendant leurs temps de r\u00e9cr\u00e9ation.<\/p>\n<p>En mai, le tribunal judiciaire de Versailles avait donn\u00e9 deux mois \u00e0 l\u2019\u00e9cole pour faire cesser l\u2019utilisation de cette parcelle de 500 m2, une mesure ayant pris effet \u00e0 la rentr\u00e9e de septembre mais contest\u00e9e devant la cour d\u2019appel.<\/p>\n<p>\u201cDans le cadre du processus de m\u00e9diation, les parties sont parvenus \u00e0 un accord selon lequel les \u00e9l\u00e8ves (\u2026) pourront \u00e0 nouveau utiliser leur cour de r\u00e9cr\u00e9ation, dans des conditions strictes et selon des modalit\u00e9s d\u2019usage pr\u00e9d\u00e9finies, de mani\u00e8re \u00e0 garantir une relative tranquillit\u00e9 du voisinage\u201d, indique l\u2019\u00e9cole dans un communiqu\u00e9.<\/p>\n<p>Interrog\u00e9 sur les horaires d\u2019utilisation de la cour, le pr\u00e9sident de l\u2019\u00e9cole Tristan Micol n\u2019a pas fourni de d\u00e9tails, invoquant la confidentialit\u00e9 du protocole sign\u00e9 mardi entre les parties.<\/p>\n<p>Il n\u2019a pas non plus pr\u00e9cis\u00e9 si des d\u00e9dommagements financiers avaient \u00e9t\u00e9 propos\u00e9s aux cinq copropri\u00e9taires, qui s\u2019\u00e9taient plaints \u201cde la perte de valeur v\u00e9nale\u201d de leurs biens immobiliers, un crit\u00e8re qui n\u2019avait toutefois pas \u00e9t\u00e9 retenu par le tribunal de Versailles.<\/p>\n<p>\u201cOn a tous fait preuve de p\u00e9dagogie en se mettant autour de la table et en trouvant des solutions qui respectent la vie priv\u00e9e des voisins et l\u2019int\u00e9r\u00eat des enfants\u201d, s\u2019est r\u00e9joui M. Micol.<\/p>\n<p>L\u2019interdiction d\u2019acc\u00e8s par la justice avait suscit\u00e9 l\u2019incompr\u00e9hension de plusieurs personnalit\u00e9s publiques.<\/p>\n<p>\u201cComment peut-on, en 2025, consid\u00e9rer que les bruits joyeux de la r\u00e9cr\u00e9ation sont une nuisance \u00e0 bannir?\u201d, s\u2019\u00e9tait notamment interrog\u00e9e la haute commissaire \u00e0 l\u2019Enfance Sarah El Ha\u00efry.<\/p>\n<p>\u201c\u00c0 force de c\u00e9der \u00e0 la logique du -No Kids-, on construit une soci\u00e9t\u00e9 qui veut des enfants silencieux, invisibles, aseptis\u00e9s\u201d, avait-elle ajout\u00e9.<\/p>\n","protected":false},"excerpt":{"rendered":"La cour d\u2019appel de Versailles avait ordonn\u00e9 d\u00e9but octobre une m\u00e9diation pour r\u00e9soudre le litige opposant l\u2019\u00e9cole Montessori&hellip;\n","protected":false},"author":2,"featured_media":667073,"comment_status":"","ping_status":"","sticky":false,"template":"","format":"standard","meta":{"footnotes":""},"categories":[1592],"tags":[1111,11,1719,1777,674,1011,27,662,303,15374,12,2901,14570,626,13979,25,27700,76738,20423,1938],"class_list":{"0":"post-667072","1":"post","2":"type-post","3":"status-publish","4":"format-standard","5":"has-post-thumbnail","7":"category-ile-de-france","8":"tag-actu","9":"tag-actualites","10":"tag-enfants","11":"tag-eu","12":"tag-europe","13":"tag-fr","14":"tag-france","15":"tag-ile-de-france","16":"tag-justice","17":"tag-maisons-laffitte","18":"tag-news","19":"tag-nuisances-sonores","20":"tag-ouverture","21":"tag-paris","22":"tag-reouverture","23":"tag-republique-francaise","24":"tag-sarah-el-hairy","25":"tag-tribunal-judiciaire-de-versailles","26":"tag-versailles","27":"tag-yvelines"},"share_on_mastodon":{"url":"https:\/\/pubeurope.com\/@fr\/115903330047288707","error":""},"_links":{"self":[{"href":"https:\/\/www.europesays.com\/fr\/wp-json\/wp\/v2\/posts\/667072","targetHints":{"allow":["GET"]}}],"collection":[{"href":"https:\/\/www.europesays.com\/fr\/wp-json\/wp\/v2\/posts"}],"about":[{"href":"https:\/\/www.europesays.com\/fr\/wp-json\/wp\/v2\/types\/post"}],"author":[{"embeddable":true,"href":"https:\/\/www.europesays.com\/fr\/wp-json\/wp\/v2\/users\/2"}],"replies":[{"embeddable":true,"href":"https:\/\/www.europesays.com\/fr\/wp-json\/wp\/v2\/comments?post=667072"}],"version-history":[{"count":0,"href":"https:\/\/www.europesays.com\/fr\/wp-json\/wp\/v2\/posts\/667072\/revisions"}],"wp:featuredmedia":[{"embeddable":true,"href":"https:\/\/www.europesays.com\/fr\/wp-json\/wp\/v2\/media\/667073"}],"wp:attachment":[{"href":"https:\/\/www.europesays.com\/fr\/wp-json\/wp\/v2\/media?parent=667072"}],"wp:term":[{"taxonomy":"category","embeddable":true,"href":"https:\/\/www.europesays.com\/fr\/wp-json\/wp\/v2\/categories?post=667072"},{"taxonomy":"post_tag","embeddable":true,"href":"https:\/\/www.europesays.com\/fr\/wp-json\/wp\/v2\/tags?post=667072"}],"curies":[{"name":"wp","href":"https:\/\/api.w.org\/{rel}","templated":true}]}}