{"id":667074,"date":"2026-01-16T06:20:13","date_gmt":"2026-01-16T06:20:13","guid":{"rendered":"https:\/\/www.europesays.com\/fr\/667074\/"},"modified":"2026-01-16T06:20:13","modified_gmt":"2026-01-16T06:20:13","slug":"une-page-se-tourne-pour-lhistorique-siege-de-lap-hp-au-coeur-de-paris","status":"publish","type":"post","link":"https:\/\/www.europesays.com\/fr\/667074\/","title":{"rendered":"une page se tourne pour l&rsquo;historique si\u00e8ge de l&rsquo;AP-HP au coeur de Paris"},"content":{"rendered":"<p>                    Par<br \/>\n        <strong><br \/>\n            <a href=\"https:\/\/actu.fr\/auteur\/marie-amelie-marchal\" title=\"Consulter tous les articles de Marie Amelie Marchal\" target=\"_blank\" rel=\"noopener\">Marie Amelie Marchal<\/a><br \/>\n                    <\/strong><\/p>\n<p>        Publi\u00e9 le<\/p>\n<p>            16 janv. 2026 \u00e0 6h46        <\/p>\n<p>\u00ab\u2009Un lieu \u00e0 temps plein, occup\u00e9 \u00e0 toute heure du jour ou de la nuit\u2009\u00bb, tant\u00f4t rythm\u00e9 par des temps \u00ab\u2009calmes, domestiques, ordinaires\u2009\u00bb, tant\u00f4t par des moments \u00ab\u2009festifs et extraordinaires\u2009\u00bb, annon\u00e7ait Jean-Jacques Hubert de h2o architectures, cabinet \u00e0 l\u2019\u0153uvre dans la renaissance de l\u2019ancien si\u00e8ge de l\u2019AP-HP aux c\u00f4t\u00e9s de <a href=\"https:\/\/actu.fr\/ile-de-france\/paris_75056\/en-images-ancienne-poste-du-louvre-a-paris-decouvrez-les-coulisses-de-sa-renaissance_48027292.html\" target=\"_blank\" rel=\"noopener\">Dominique Perrault<\/a> (BNF, gare de <a href=\"https:\/\/actu.fr\/ile-de-france\/villejuif_94076\/une-gare-de-plein-air-a-50-m-sous-terre-la-station-villejuif-gustave-roussy-des-lignes-14-et-15-se-devoile_62024550.html\" target=\"_blank\" rel=\"noopener\">Villejuif-Gustave Roussy<\/a>). Une mani\u00e8re po\u00e9tique de d\u00e9crire la naissance d\u2019un \u00ab\u2009immeuble \u00e0 mission\u2009\u00bb, comprenez un b\u00e2timent qui fourmillera d\u2019activit\u00e9s et qui verra diff\u00e9rents publics se croiser au quotidien.<\/p>\n<p class=\" wall-content\">Logements sociaux pour les soignants, Maison des femmes, salle de sport, bureaux\u2026 Mercredi 14\u00a0janvier 2026, le groupement compos\u00e9 par BNP Paribas Real Estate, Apsys et RATP Solutions Ville a d\u00e9taill\u00e9 les contours du projet \u00ab\u2009C\u0153ur Paris\u2009\u00bb, anciennement \u00ab\u2009Hospitalit\u00e9s Citoyennes\u2009\u00bb.<\/p>\n<p>\u00ab\u2009Parmi les plus beaux bureaux de Paris\u2009\u00bb<\/p>\n<p class=\" wall-content\">Apr\u00e8s une phase d\u2019<a href=\"https:\/\/actu.fr\/ile-de-france\/paris_75056\/arches-citoyennes-le-nouveau-tiers-lieu-niche-dans-le-siege-historique-de-l-ap-hp-a-paris_59789129.html\" target=\"_blank\" rel=\"noopener\">occupation transitoire<\/a> de f\u00e9vrier\u00a02023 \u00e0 d\u00e9cembre\u00a02025 avec <a href=\"https:\/\/actu.fr\/ile-de-france\/paris_75056\/reportage-le-siege-historique-de-l-ap-hp-abrite-le-plus-grand-tiers-lieu-de-paris_60193445.html\" target=\"_blank\" rel=\"noopener\">Les Arches citoyennes<\/a>, les travaux ont d\u00e9but\u00e9 en janvier dans l\u2019ancien si\u00e8ge de l\u2019AP-HP. Dans les grandes lignes, on <a href=\"https:\/\/actu.fr\/ile-de-france\/paris_75056\/que-va-devenir-le-siege-historique-de-l-ap-hp-a-paris-les-projets-le-calendrier_56650948.html\" target=\"_blank\" rel=\"noopener\">savait d\u00e9j\u00e0<\/a> ce qu\u2019abriterait le b\u00e2timent avenue Victoria d\u00e9tenu depuis 1858 par l\u2019Assistance publique\u2009: Maison des femmes, halte solidaire, restaurants et commerces, salle de sport, bureaux\u2026 Mais ce mercredi, le groupement a pr\u00e9cis\u00e9 les d\u00e9tails de ce chantier \u00e0 <strong>450\u00a0millions d\u2019euros<\/strong>.<\/p>\n<p>    <img   decoding=\"async\" loading=\"lazy\" src=\"https:\/\/www.europesays.com\/fr\/wp-content\/uploads\/2026\/01\/design-sans-titre-58-960x640.jpg\" alt=\"Un belv\u00e9d\u00e8re sera \u00e9rig\u00e9 au centre de l'\u00eelot Victoria. Il offrira une vue \u00e0 360\u00b0 sur tout Paris. \" width=\"960\" height=\"640\"\/><br \/>\n    Un belv\u00e9d\u00e8re sera \u00e9rig\u00e9 au centre de l\u2019\u00eelot Victoria. Il offrira une vue \u00e0 360\u00b0 sur tout Paris. (\u00a9L\u2019Autre Image \/ Projet de Dominique Perrault)<\/p>\n<p class=\" wall-content\">Quarante-huit <a href=\"https:\/\/actu.fr\/ile-de-france\/paris_75056\/enrayer-l-hemorragie-comment-les-hopitaux-de-paris-se-sont-reconstruits-apres-la-crise-du-covid-19_61665984.html\" target=\"_blank\" rel=\"noopener\">logements<\/a> destin\u00e9s aux familles de soignants de l\u2019AP-HP, une Maison des femmes pour accueillir une cinquantaine de victimes de violences, une r\u00e9sidence pour jeunes travailleurs comptant une cinquantaine de logements \u00e9galement\u2026<\/p>\n<p class=\" wall-content\">Mais \u00e9galement <strong>16\u2009000 m\u00b2 de bureaux<\/strong>, d\u00e9j\u00e0 commercialis\u00e9s \u00e0 50\u2009% selon Thierry Laroue-Pont de BNP Paribas Real Estate. \u00ab\u2009On peut dire que ces bureaux seront parmi les plus beaux de Paris, avec une architecture respectueuse de l\u2019ancien, une sorte d\u2019haussmannien augment\u00e9\u2009\u00bb, s\u2019enorgueilli-t-il. Et de pr\u00e9ciser que certains plateaux pourront aller jusqu\u2019\u00e0 2\u2009000 m\u00b2 de surface.<\/p>\n<p class=\" wall-content\">\n    <img   decoding=\"async\" loading=\"lazy\" src=\"https:\/\/www.europesays.com\/fr\/wp-content\/uploads\/2026\/01\/design-sans-titre-59-960x640.jpg\" alt=\"Un escalier \u00e0 double r\u00e9volution prendra place \u00e0 l'\u00eelot Saint-Martin. Con\u00e7u par Dominique Perrault, il sera fabriqu\u00e9 par les Compagnons du devoir.\" width=\"960\" height=\"640\"\/><br \/>\n    Un escalier \u00e0 double r\u00e9volution prendra place \u00e0 l\u2019\u00eelot Saint-Martin. Con\u00e7u par Dominique Perrault, il sera fabriqu\u00e9 par les <a href=\"https:\/\/actu.fr\/ile-de-france\/paris_75056\/reportage-entre-exigence-et-savoir-faire-rencontre-avec-les-compagnons-du-devoir-a-paris_57514552.html\" target=\"_blank\" rel=\"noopener\">Compagnons du devoir <\/a>dont la Maison et le si\u00e8ge r\u00e9gional se trouve \u00e0 quelques m\u00e8tres du chantier \u00e0 venir. (\u00a9Dominique Perrault Architecture)<br \/>\n    <img   decoding=\"async\" loading=\"lazy\" src=\"https:\/\/www.europesays.com\/fr\/wp-content\/uploads\/2026\/01\/design-sans-titre-61-960x640.jpg\" alt=\"Perspective d\u2019une vue int\u00e9rieure des bureaux sur l\u2019\u00eele de la Cit\u00e9 et Notre-Dame.\" width=\"960\" height=\"640\"\/><br \/>\n    Perspective d\u2019une vue int\u00e9rieure des bureaux sur l\u2019\u00eele de la Cit\u00e9 et Notre-Dame. (\u00a9Gamma )<\/p>\n<p>\u00ab\u2009L\u2019immeuble du futur\u2009\u00bb<\/p>\n<p class=\" wall-content\">Qu\u2019il s\u2019agisse de l\u2019\u00eelot Victoria ou de l\u2019\u00eelot Saint-Martin (acquis en 1907 par l\u2019AP-HP), les am\u00e9nagements modernes ont effac\u00e9 au fil du temps les t\u00e9moignages d\u2019une <a href=\"https:\/\/actu.fr\/ile-de-france\/paris_75056\/a-paris-pourquoi-les-immeubles-haussmanniens-ont-ils-un-balcon-aux-2eme-et-5eme-etages_38467123.html\" target=\"_blank\" rel=\"noopener\">architecture haussmannienne<\/a>. Les travaux engag\u00e9s aujourd\u2019hui s\u2019\u00e9chineront \u00e0 faire <strong>ressurgir cette empreinte historique<\/strong> et embl\u00e9matique.<\/p>\n<p class=\" wall-content\">Destin\u00e9 \u00e0 \u00eatre \u00ab\u2009l\u2019immeuble du futur\u2009\u00bb, il sera <strong>r\u00e9versible<\/strong> \u00e0 l\u2019instar des milliers de m\u00b2 de <a href=\"https:\/\/actu.fr\/ile-de-france\/clichy_92024\/reinventer-l-habitat-en-ile-de-france-comment-les-bureaux-vides-pourraient-palier-la-crise-du-logement_62231241.html\" target=\"_blank\" rel=\"noopener\">bureaux transform\u00e9s en logements<\/a> en \u00cele-de-France. \u00ab\u2009C\u2019est un travail sur une vie longue. Dans 100\u00a0ans, ces b\u00e2timents abriteront peut-\u00eatre des commerces, puis se transformeront en bureaux\u2026 Il faut pouvoir imaginer une dur\u00e9e de vie qui nous d\u00e9passe\u2009\u00bb, projette Lamia El Aaraje, charg\u00e9e de l\u2019urbanisme, de l\u2019architecture, du Grand Paris, de l\u2019accessibilit\u00e9 universelle et des personnes en situation de handicap.<\/p>\n<p>Votre r\u00e9gion, votre actu !<\/p>\n<p>Recevez chaque jour les infos qui comptent pour vous.<\/p>\n<p>\t<a href=\"https:\/\/actu.fr\/newsletter\" class=\"ac-btn ac-btn--corner ac-btn--medium ac-btn--blue800\" target=\"_blank\" rel=\"noopener\">S&rsquo;incrire<\/a><\/p>\n<p class=\" wall-content\">En attendant ce futur aux 1\u2009000 possibilit\u00e9s, les \u00e9difices sont<strong> en cours de curetage et de d\u00e9samiantage<\/strong> depuis d\u00e9but janvier.<\/p>\n<p class=\" wall-content\">\u00ab\u2009Les commerces seront int\u00e9gr\u00e9s au quartier. Ils s\u2019adresseront \u00e0 la fois aux habitants mais aussi aux travailleurs\u2009\u00bb, promet Maurice Bansay d\u2019Apsys, en charge des commerces de Coeur Paris et d\u00e9j\u00e0 aux manettes de <a href=\"https:\/\/actu.fr\/ile-de-france\/paris_75056\/street-food-mini-golf-et-zero-commerce-vill-up-a-paris-se-reinvente-et-devient-boom-boom-villette_54094037.html\" target=\"_blank\" rel=\"noopener\">Boom Boom Villette<\/a> notamment.<\/p>\n<p class=\" wall-content\">La livraison du chantier est pr\u00e9vu au<strong> deuxi\u00e8me semestre 2028<\/strong>.<\/p>\n<p class=\" wall-content\">Personnalisez votre actualit\u00e9 en ajoutant vos villes et m\u00e9dias en favori avec <a href=\"https:\/\/moncompte.actu.fr\" title=\"D\u00e9couvez Mon Actu\" rel=\"nofollow noopener\" data-trk=\"{&quot;cta&quot;:{&quot;action&quot;:&quot;https:\\\/\\\/moncompte.actu.fr&quot;,&quot;category&quot;:&quot;mon compte&quot;,&quot;from&quot;:&quot;article footer&quot;,&quot;name&quot;:&quot;Mon actu&quot;,&quot;type&quot;:&quot;cta&quot;}}\" target=\"_blank\">Mon Actu<\/a>.<\/p>\n","protected":false},"excerpt":{"rendered":"Par Marie Amelie Marchal Publi\u00e9 le 16 janv. 2026 \u00e0 6h46 \u00ab\u2009Un lieu \u00e0 temps plein, occup\u00e9 \u00e0&hellip;\n","protected":false},"author":2,"featured_media":667075,"comment_status":"","ping_status":"","sticky":false,"template":"","format":"standard","meta":{"footnotes":""},"categories":[1888],"tags":[1111,1928,11,1927,15182,1777,674,1011,27,12,1926,626,1925,625,25,104,2086],"class_list":{"0":"post-667074","1":"post","2":"type-post","3":"status-publish","4":"format-standard","5":"has-post-thumbnail","7":"category-paris","8":"tag-actu","9":"tag-actu-paris","10":"tag-actualites","11":"tag-actualites-paris","12":"tag-aphp","13":"tag-eu","14":"tag-europe","15":"tag-fr","16":"tag-france","17":"tag-news","18":"tag-news-paris","19":"tag-paris","20":"tag-paris-news","21":"tag-ratp","22":"tag-republique-francaise","23":"tag-societe","24":"tag-travaux"},"share_on_mastodon":{"url":"https:\/\/pubeurope.com\/@fr\/115903334034608830","error":""},"_links":{"self":[{"href":"https:\/\/www.europesays.com\/fr\/wp-json\/wp\/v2\/posts\/667074","targetHints":{"allow":["GET"]}}],"collection":[{"href":"https:\/\/www.europesays.com\/fr\/wp-json\/wp\/v2\/posts"}],"about":[{"href":"https:\/\/www.europesays.com\/fr\/wp-json\/wp\/v2\/types\/post"}],"author":[{"embeddable":true,"href":"https:\/\/www.europesays.com\/fr\/wp-json\/wp\/v2\/users\/2"}],"replies":[{"embeddable":true,"href":"https:\/\/www.europesays.com\/fr\/wp-json\/wp\/v2\/comments?post=667074"}],"version-history":[{"count":0,"href":"https:\/\/www.europesays.com\/fr\/wp-json\/wp\/v2\/posts\/667074\/revisions"}],"wp:featuredmedia":[{"embeddable":true,"href":"https:\/\/www.europesays.com\/fr\/wp-json\/wp\/v2\/media\/667075"}],"wp:attachment":[{"href":"https:\/\/www.europesays.com\/fr\/wp-json\/wp\/v2\/media?parent=667074"}],"wp:term":[{"taxonomy":"category","embeddable":true,"href":"https:\/\/www.europesays.com\/fr\/wp-json\/wp\/v2\/categories?post=667074"},{"taxonomy":"post_tag","embeddable":true,"href":"https:\/\/www.europesays.com\/fr\/wp-json\/wp\/v2\/tags?post=667074"}],"curies":[{"name":"wp","href":"https:\/\/api.w.org\/{rel}","templated":true}]}}