{"id":667102,"date":"2026-01-16T06:36:10","date_gmt":"2026-01-16T06:36:10","guid":{"rendered":"https:\/\/www.europesays.com\/fr\/667102\/"},"modified":"2026-01-16T06:36:10","modified_gmt":"2026-01-16T06:36:10","slug":"stade-toulousain-mauvaise-nouvelle-confirmee","status":"publish","type":"post","link":"https:\/\/www.europesays.com\/fr\/667102\/","title":{"rendered":"Stade Toulousain, mauvaise nouvelle confirm\u00e9e"},"content":{"rendered":"<p><strong>Ugo Mola n\u2019est pas le seul \u00e0<br \/>\nconsid\u00e9rer au vu du d\u00e9but de saison des champions de France, que le<br \/>\nStade Toulousain est devenu une \u00e9quipe\u00a0\u00ab\u00a0un peu ordinaire<br \/>\n\u00bb\u00a0.<\/strong><\/p>\n<p>Leader du Top 14, le Stade Toulousain est en revanche mal<br \/>\nembarqu\u00e9 en Champions Cup. La faute aux deux revers conc\u00e9d\u00e9s \u00e0 la<br \/>\nsuite \u00e0 Glasgow puis chez les Saracens le week-end dernier. Apr\u00e8s<br \/>\nune bonne entame de match, les Toulousains ont connu un trou d\u2019air<br \/>\npeu avant la pause, encaissant pas moins de trois essais en dix<br \/>\nminutes.<\/p>\n<p>C\u2019en \u00e9tait trop malgr\u00e9 la domination toulousaine en seconde<br \/>\np\u00e9riode. \u00ab\u00a0On a commis beaucoup de petites erreurs, de<br \/>\nfautes de mains\u2026 Certes, le jeu appelle \u00e0 la faute, mais on n\u2019a pas<br \/>\nencore \u00e9t\u00e9 assez pr\u00e9cis dans tout ce qu\u2019on a voulu<br \/>\nentreprendre\u00a0\u00bb, a confi\u00e9 Anthony Jelonch dans une<br \/>\ninterview accord\u00e9e \u00e0 Midi Olympique.<\/p>\n<p>A l\u2019issue de la rencontre, Ugo Mola avait livr\u00e9 une analyse sans<br \/>\nconcession. \u00ab\u00a0On est rentr\u00e9 un peu dans le rang et tr\u00e8s<br \/>\ncertainement devenu un peu ordinaires. Et l\u2019ordinaire ne suffit pas<br \/>\npour se qualifier dans les premi\u00e8res places de la Champions<br \/>\nCup\u00a0\u00bb, avait-il expliqu\u00e9. Des propos auxquels souscrit<br \/>\nl\u2019ancien Castrais.<\/p>\n<p>\u00ab\u00a0On est trop en dents de scie depuis le d\u00e9but de la<br \/>\nsaison\u00a0\u00bb<\/p>\n<p>\u00ab\u00a0Je trouve qu\u2019on est trop en dents de scie depuis le<br \/>\nd\u00e9but de la saison. A domicile, \u00e7a va. Mais \u00e0 l\u2019ext\u00e9rieur, un coup<br \/>\nc\u2019est bien, un coup \u00e7a ne va pas, a-t-il regrett\u00e9. Oui on<br \/>\na l\u2019impression d\u2019\u00eatre une \u00e9quipe ordinaire, surtout en Champions<br \/>\nCup cette ann\u00e9e. Ces d\u00e9faites sont derri\u00e8re nous, on ne peut plus<br \/>\nrien y faire. Mais, m\u00eame si on s\u2019est compliqu\u00e9 la<br \/>\nt\u00e2che.\u00a0\u00bb<\/p>\n<p>Et pour le troisi\u00e8me ligne haut-garonnais, le probl\u00e8me est sans<br \/>\ndoute \u00e9galement strat\u00e9gique. \u00ab\u00a0On a peut-\u00eatre besoin de se<br \/>\nregrouper dans ces moments, de se calmer et surtout de faire des<br \/>\nchoses simples. Parfois, peut-\u00eatre qu\u2019on ne peut pas continuer \u00e0<br \/>\njouer comme on le faisait. Il nous faut trouver les cl\u00e9s pour ne<br \/>\nplus prendre vingt points en dix minutes. \u00bb<\/p>\n","protected":false},"excerpt":{"rendered":"Ugo Mola n\u2019est pas le seul \u00e0 consid\u00e9rer au vu du d\u00e9but de saison des champions de France,&hellip;\n","protected":false},"author":2,"featured_media":657823,"comment_status":"","ping_status":"","sticky":false,"template":"","format":"standard","meta":{"footnotes":""},"categories":[1416],"tags":[1011,27,479,1468,60],"class_list":{"0":"post-667102","1":"post","2":"type-post","3":"status-publish","4":"format-standard","5":"has-post-thumbnail","7":"category-rugby","8":"tag-fr","9":"tag-france","10":"tag-rugby","11":"tag-rugby-football","12":"tag-sports"},"share_on_mastodon":{"url":"https:\/\/pubeurope.com\/@fr\/115903396834004412","error":""},"_links":{"self":[{"href":"https:\/\/www.europesays.com\/fr\/wp-json\/wp\/v2\/posts\/667102","targetHints":{"allow":["GET"]}}],"collection":[{"href":"https:\/\/www.europesays.com\/fr\/wp-json\/wp\/v2\/posts"}],"about":[{"href":"https:\/\/www.europesays.com\/fr\/wp-json\/wp\/v2\/types\/post"}],"author":[{"embeddable":true,"href":"https:\/\/www.europesays.com\/fr\/wp-json\/wp\/v2\/users\/2"}],"replies":[{"embeddable":true,"href":"https:\/\/www.europesays.com\/fr\/wp-json\/wp\/v2\/comments?post=667102"}],"version-history":[{"count":0,"href":"https:\/\/www.europesays.com\/fr\/wp-json\/wp\/v2\/posts\/667102\/revisions"}],"wp:featuredmedia":[{"embeddable":true,"href":"https:\/\/www.europesays.com\/fr\/wp-json\/wp\/v2\/media\/657823"}],"wp:attachment":[{"href":"https:\/\/www.europesays.com\/fr\/wp-json\/wp\/v2\/media?parent=667102"}],"wp:term":[{"taxonomy":"category","embeddable":true,"href":"https:\/\/www.europesays.com\/fr\/wp-json\/wp\/v2\/categories?post=667102"},{"taxonomy":"post_tag","embeddable":true,"href":"https:\/\/www.europesays.com\/fr\/wp-json\/wp\/v2\/tags?post=667102"}],"curies":[{"name":"wp","href":"https:\/\/api.w.org\/{rel}","templated":true}]}}