{"id":667104,"date":"2026-01-16T06:41:13","date_gmt":"2026-01-16T06:41:13","guid":{"rendered":"https:\/\/www.europesays.com\/fr\/667104\/"},"modified":"2026-01-16T06:41:13","modified_gmt":"2026-01-16T06:41:13","slug":"festival-du-voyage-a-velo-a-angers-en-fevrier-2026-a-quoi-sattendre","status":"publish","type":"post","link":"https:\/\/www.europesays.com\/fr\/667104\/","title":{"rendered":"Festival du voyage \u00e0 v\u00e9lo \u00e0 Angers en f\u00e9vrier 2026 : \u00e0 quoi s\u2019attendre?"},"content":{"rendered":"<p>Pour sa 39\u1d49 \u00e9dition, le Festival international du voyage \u00e0 v\u00e9lo pose ses sacoches \u00e0 Angers les 21 et 22 f\u00e9vrier 2026. Deux jours de films, d\u2019ateliers, de rencontres et de r\u00e9cits pour celles et ceux qui voyagent \u00e0 v\u00e9lo, r\u00eavent de partir ou cherchent simplement des id\u00e9es concr\u00e8tes pour passer \u00e0 l\u2019action. Un week-end largement ouvert au public, dont on vous d\u00e9taille la programmation ci-dessous.<\/p>\n<p>Festival du voyage \u00e0 v\u00e9lo \u00e0 Angers : une 39\u1d49 \u00e9dition qui change de d\u00e9cor<\/p>\n<p>La capitale de l&rsquo;Anjou est d\u00e9finitivement une terre de v\u00e9los. Apr\u00e8s le passage du Tour de France Femmes fin juillet dernier, cette ann\u00e9e 2026 va donc voir le retour <a href=\"https:\/\/weelz.ouest-france.fr\/festival-nature-is-bike-2026-du-gravel-pour-tous-les-mollets-et-les-inscriptions-sont-ouvertes\/\" target=\"_blank\" rel=\"noopener\">du festival Gravel Nature is Bike<\/a>, plus un nouveau rendez-vous pour les amateurs d&rsquo;itin\u00e9rances cyclables.<\/p>\n<p><a href=\"https:\/\/weelz.ouest-france.fr\/wp-content\/uploads\/2021\/06\/weelz-photo-velo-cycliste-urbain-angers-2021-9602.jpg\" target=\"_blank\" rel=\"noopener\"><img loading=\"lazy\" decoding=\"async\" width=\"1248\" height=\"701\" src=\"data:image\/gif;base64,R0lGODlhAQABAIAAAAAAAP\/\/\/yH5BAEAAAAALAAAAAABAAEAAAIBRAA7\" data-lazy-type=\"image\" data-lazy-src=\"https:\/\/www.europesays.com\/fr\/wp-content\/uploads\/2026\/01\/weelz-photo-velo-cycliste-urbain-angers-2021-9602-1248x701.jpg\" alt=\"\" class=\"lazy lazy-hidden wp-image-30848\" data-lazy- data-lazy-\/><\/a>Angers, terre de v\u00e9los<\/p>\n<p>Apr\u00e8s deux \u00e9ditions organis\u00e9es au Mans, le Festival international du voyage \u00e0 v\u00e9lo <a href=\"https:\/\/fliz.ly\/qM4ZQ_w\" target=\"_blank\" rel=\"noopener\">s\u2019installe cette fois \u00e0 Angers<\/a>. Un changement de lieu assum\u00e9 par les organisateurs, qui y voient l\u2019opportunit\u00e9 de gagner en espace, en confort et en lisibilit\u00e9 pour le public.<\/p>\n<p>Port\u00e9 par l\u2019association Cyclo-Camping International, le festival reste fid\u00e8le \u00e0 son ADN : montrer que le voyage \u00e0 v\u00e9lo n\u2019est pas r\u00e9serv\u00e9 \u00e0 une poign\u00e9e d\u2019aventuriers au long cours. Ici, on parle aussi bien de <a href=\"https:\/\/weelz.ouest-france.fr\/la-micro-aventure-a-velo-voyager-loin-en-partant-tout-pres\/\" target=\"_blank\" rel=\"noopener\">micro-aventure<\/a> de quelques jours que de travers\u00e9es de continents.<\/p>\n<p>Films de voyage \u00e0 v\u00e9lo : r\u00e9cits, images et retours d\u2019exp\u00e9rience<\/p>\n<p>Quelques chiffres : environ 120 b\u00e9n\u00e9voles mobilis\u00e9s, plus de 80 exposants annonc\u00e9s, une trentaine d\u2019animations et une dizaine de s\u00e9ances de films r\u00e9parties sur le week-end. La partie salon est enti\u00e8rement accessible et gratuite ; les projections sont payantes.<\/p>\n<p><a href=\"https:\/\/www.europesays.com\/fr\/wp-content\/uploads\/2026\/01\/ecran-16-9-definitif-1200x674-1.webp.webp\"><img loading=\"lazy\" decoding=\"async\" width=\"1200\" height=\"674\" src=\"data:image\/gif;base64,R0lGODlhAQABAIAAAAAAAP\/\/\/yH5BAEAAAAALAAAAAABAAEAAAIBRAA7\" data-lazy-type=\"image\" data-lazy-src=\"https:\/\/www.europesays.com\/fr\/wp-content\/uploads\/2026\/01\/ecran-16-9-definitif-1200x674-1.webp.webp\" alt=\"Festival du voyage \u00e0 v\u00e9lo \u00e0 Angers : une 39\u1d49 \u00e9dition qui change de d\u00e9cor\" class=\"lazy lazy-hidden wp-image-71326\" data-lazy- data-lazy-\/><\/a><\/p>\n<p>Ces projections restent l\u2019un des piliers du festival. Au programme, des films de voyage \u00e0 v\u00e9lo aux formats et aux horizons vari\u00e9s, souvent suivis d\u2019\u00e9changes avec les r\u00e9alisateurs ou les voyageurs. Un moment d&rsquo;\u00e9change, o\u00f9 vous pourrez poser des questions pratiques \u00e0 des personnes d&rsquo;exp\u00e9rience.<\/p>\n<p>Budget, mat\u00e9riel, gestion du temps, s\u00e9curit\u00e9, ou simplement motivation au long cours. Les projections sont les seules animations payantes du festival, avec un tarif annonc\u00e9 \u00e0 6 euros la s\u00e9ance (tarif r\u00e9duit \u00e9tudiant ou demandeur d&#8217;emploi, gratuit pour les moins de 12 ans).<\/p>\n<p>Ateliers pratiques et rencontres<\/p>\n<p>Au-del\u00e0 des films, le Festival du voyage \u00e0 v\u00e9lo d\u2019Angers mise aussi sur les ateliers et les \u00e9changes. On y trouve une programmation orient\u00e9e pratique, pens\u00e9e pour r\u00e9pondre aux questions que se posent les futurs cyclotouristes.<\/p>\n<p><a href=\"https:\/\/www.europesays.com\/fr\/wp-content\/uploads\/2026\/01\/train-ter-gare-velo-voyage-cyclotourisme-1-jpg.webp.webp\"><img loading=\"lazy\" decoding=\"async\" width=\"1718\" height=\"1289\" src=\"data:image\/gif;base64,R0lGODlhAQABAIAAAAAAAP\/\/\/yH5BAEAAAAALAAAAAABAAEAAAIBRAA7\" data-lazy-type=\"image\" data-lazy-src=\"https:\/\/www.europesays.com\/fr\/wp-content\/uploads\/2026\/01\/train-ter-gare-velo-voyage-cyclotourisme-1-jpg.webp.webp\" alt=\"\" class=\"lazy lazy-hidden wp-image-55259\" data-lazy- data-lazy-\/><\/a><\/p>\n<p>Parmi les th\u00e8mes abord\u00e9s : comment pr\u00e9parer son premier voyage \u00e0 v\u00e9lo, quels outils num\u00e9riques utiliser pour tracer un itin\u00e9raire ou s\u2019orienter, <a href=\"https:\/\/weelz.ouest-france.fr\/bien-transporter-son-velo-dans-le-train-une-selection-de-housses-pour-satisfaire-les-exigences-de-la-sncf\/\" target=\"_blank\" rel=\"noopener\">comment transporter son v\u00e9lo dans le train<\/a>, lire une carte papier, ou encore g\u00e9rer les questions de visas, de fronti\u00e8res et de g\u00e9opolitique (coucou <a href=\"https:\/\/weelz.ouest-france.fr\/le-cycliste-sofiane-sehili-libere-apres-deux-mois-demprisonnement-en-russie\/\" target=\"_blank\" rel=\"noopener\">Sofiane<\/a>) quand on sort des itin\u00e9raires balis\u00e9s.<\/p>\n<p>Les rencontres dites \u201ccyclo-pays\u201d permettent \u00e9galement de faire le tour d\u2019une destination \u00e0 v\u00e9lo, qu\u2019il s\u2019agisse de pays europ\u00e9ens proches ou de r\u00e9gions plus lointaines. Le festival pr\u00e9voit aussi des animations d\u00e9di\u00e9es aux enfants et aux familles.<\/p>\n<p>Exposants, associations : le v\u00e9lo \u00ab\u00a0at large\u00a0\u00bb<br \/>\n<a href=\"https:\/\/www.europesays.com\/fr\/wp-content\/uploads\/2026\/01\/weelz-ulster-irlande-du-nord-gravel-bikepacking-origine-theoreme-gr-2025-434.webp.webp\"><img loading=\"lazy\" decoding=\"async\" width=\"2048\" height=\"1152\" src=\"data:image\/gif;base64,R0lGODlhAQABAIAAAAAAAP\/\/\/yH5BAEAAAAALAAAAAABAAEAAAIBRAA7\" data-lazy-type=\"image\" data-lazy-src=\"https:\/\/www.europesays.com\/fr\/wp-content\/uploads\/2026\/01\/weelz-ulster-irlande-du-nord-gravel-bikepacking-origine-theoreme-gr-2025-434.webp.webp\" alt=\"\" class=\"lazy lazy-hidden wp-image-69408\" data-lazy- data-lazy-\/><\/a><\/p>\n<p>C\u00f4t\u00e9 exposants, le festival rassemble un large \u00e9ventail d\u2019acteurs : \u00e9diteurs de cartes et de guides, fabricants de mat\u00e9riel, artisans, v\u00e9locistes, mais aussi associations engag\u00e9es dans le voyage \u00e0 v\u00e9lo et la mobilit\u00e9 du quotidien.<\/p>\n<p>Pour le visiteur, c\u2019est l\u2019occasion de comparer, de poser des questions techniques, parfois de toucher le mat\u00e9riel, mais aussi de d\u00e9couvrir des projets associatifs ou des initiatives locales. <\/p>\n<p>Ce qu\u2019il faut savoir avant de venir<\/p>\n<p>Le Festival du voyage \u00e0 v\u00e9lo se tiendra <strong>les samedi 21 et dimanche 22 f\u00e9vrier 2026 au Centre de Congr\u00e8s d\u2019Angers<\/strong>, facilement accessible \u00e0 pied depuis la gare. La majorit\u00e9 des animations, ateliers et espaces exposants sont en acc\u00e8s libre.<\/p>\n<p>Pour les projections, <a href=\"https:\/\/fliz.ly\/qM4ZQ_w\" target=\"_blank\" rel=\"noopener\">la billetterie est d\u2019ores et d\u00e9j\u00e0 ouverte en ligne<\/a>. D\u00e9butant, confirm\u00e9 ou simple curieux, voici donc un week-end \u00e0 cocher pour pr\u00e9parer concr\u00e8tement un voyage \u00e0 v\u00e9lo.<\/p>\n<p><img decoding=\"async\" src=\"data:image\/gif;base64,R0lGODlhAQABAIAAAAAAAP\/\/\/yH5BAEAAAAALAAAAAABAAEAAAIBRAA7\" class=\"lazy lazy-hidden\" data-lazy-type=\"iframe\" data-lazy-src=\"&lt;iframe loading=&quot;lazy&quot; title=&quot;Retour sur le  38e Festival du Voyage \u00e0 V\u00e9lo&quot; width=&quot;500&quot; height=&quot;281&quot; src=&quot;https:\/\/www.youtube.com\/embed\/PbTihPR4StQ?feature=oembed&quot; frameborder=&quot;0&quot; allow=&quot;accelerometer; autoplay; clipboard-write; encrypted-media; gyroscope; picture-in-picture; web-share&quot; referrerpolicy=&quot;strict-origin-when-cross-origin&quot; allowfullscreen&gt;&lt;\/iframe&gt;\" alt=\"\"\/><br \/>\nRevivez le festival 2025 en vid\u00e9o<br \/>\nFestival du voyage \u00e0 v\u00e9lo \u00e0 Angers : demandez le programme des projections<\/p>\n<p>Ci-dessous, le tableau r\u00e9capitule l\u2019ensemble des projections programm\u00e9es lors du Festival du voyage \u00e0 v\u00e9lo 2026 \u00e0 Angers. On y retrouve, jour par jour et par salle, les horaires des s\u00e9ances, les films diffus\u00e9s et les principaux intervenants.<\/p>\n<tr>Jour \/ LieuCr\u00e9neauFilms \/ intervenants<\/tr>\n<tr>\n<td class=\"has-text-align-left\" data-align=\"left\">\nLundi 16 f\u00e9vrier<br \/>(Cin\u00e9ma Les 400 Coups)\n<\/td>\n<td class=\"has-text-align-center\" data-align=\"center\">20h00<\/td>\n<td class=\"has-text-align-left\" data-align=\"left\">\nWomen Don\u2019t Cycle \u2014 Manon Brulard<br \/>\u00c9changes avec des cyclo-voyageurs (CCI)\n<\/td>\n<\/tr>\n<tr>\n<td class=\"has-text-align-left\" data-align=\"left\">\nSamedi 21 f\u00e9vrier<br \/>(Auditorium)\n<\/td>\n<td class=\"has-text-align-center\" data-align=\"center\">10h15 \u2013 12h00<\/td>\n<td class=\"has-text-align-left\" data-align=\"left\">\nOuverture du festival \u2014 Fran\u00e7ois Coponet<br \/>Bikepacking Islande \u2014 Joffrey Maluski<br \/>Une route \u00e0 soi(e) \u2014 Elayis Bandini\n<\/td>\n<\/tr>\n<tr>\n<td class=\"has-text-align-left\" data-align=\"left\">\nSamedi 21 f\u00e9vrier<br \/>(Auditorium)\n<\/td>\n<td class=\"has-text-align-center\" data-align=\"center\">12h30 \u2013 14h00<\/td>\n<td class=\"has-text-align-left\" data-align=\"left\">\nLettre \u00e0 V\u00e9locio \u2014 Claude Marthaler<br \/>\u00c0 la rencontre du Monde \u00e0 V\u00e9lo \u2014 Bernard C.\n<\/td>\n<\/tr>\n<tr>\n<td class=\"has-text-align-left\" data-align=\"left\">\nSamedi 21 f\u00e9vrier<br \/>(Auditorium)\n<\/td>\n<td class=\"has-text-align-center\" data-align=\"center\">14h45 \u2013 16h30<\/td>\n<td class=\"has-text-align-left\" data-align=\"left\">\nCoastal Ride \u2014 Kari Toftesund &amp; Jonathan Labarre (VO sous-titr\u00e9e)<br \/>Colmar \u2013 Montpellier \u2014 Betty Fleck &amp; Jean-Pierre Jacquin<br \/>La Grande Bleue \u00e0 V\u00e9lo \u2014 Les haricots en selle\n<\/td>\n<\/tr>\n<tr>\n<td class=\"has-text-align-left\" data-align=\"left\">\nSamedi 21 f\u00e9vrier<br \/>(Auditorium)\n<\/td>\n<td class=\"has-text-align-center\" data-align=\"center\">17h00 \u2013 18h45<\/td>\n<td class=\"has-text-align-left\" data-align=\"left\">\nRemise de la bourse CCI<br \/>Lac Ba\u00efkal \u2014 Ga\u00eblle Bojko<br \/>Granite, on est libres \u2014 Victor Baer\n<\/td>\n<\/tr>\n<tr>\n<td class=\"has-text-align-left\" data-align=\"left\">\nSamedi 21 f\u00e9vrier<br \/>(Auditorium)\n<\/td>\n<td class=\"has-text-align-center\" data-align=\"center\">20h00 \u2013 21h45<\/td>\n<td class=\"has-text-align-left\" data-align=\"left\">\nRide the line \u2014 Ilhor Volochii (VO sous-titr\u00e9e)\n<\/td>\n<\/tr>\n<tr>\n<td class=\"has-text-align-left\" data-align=\"left\">\nSamedi 21 f\u00e9vrier<br \/>(Amphi Jardin)\n<\/td>\n<td class=\"has-text-align-center\" data-align=\"center\">15h15 \u2013 16h45<\/td>\n<td class=\"has-text-align-left\" data-align=\"left\">\nLes 100 toits \u00e0 v\u00e9lo en Am\u00e9rique latine \u2014 La Michto Bike Family<br \/>Sardaigne \u00e0 v\u00e9lo \u2014 Flavie Bris\n<\/td>\n<\/tr>\n<tr>\n<td class=\"has-text-align-left\" data-align=\"left\">\nDimanche 22 f\u00e9vrier<br \/>(Auditorium)\n<\/td>\n<td class=\"has-text-align-center\" data-align=\"center\">10h00 \u2013 11h40<\/td>\n<td class=\"has-text-align-left\" data-align=\"left\">\nAlicia et Ralph sur le canal \u2014 Alexandra Husta<br \/>Du Jura \u00e0 Casa \u2014 La marguerite \u00e0 v\u00e9lo\n<\/td>\n<\/tr>\n<tr>\n<td class=\"has-text-align-left\" data-align=\"left\">\nDimanche 22 f\u00e9vrier<br \/>(Auditorium)\n<\/td>\n<td class=\"has-text-align-center\" data-align=\"center\">12h10 \u2013 13h40<\/td>\n<td class=\"has-text-align-left\" data-align=\"left\">\nZoom Revue CCI<br \/>Aventure en roue libre \u2014 Agn\u00e8s Gedon<br \/>Viva Cuba \u2014 Les Cyclomigrateurs\n<\/td>\n<\/tr>\n<tr>\n<td class=\"has-text-align-left\" data-align=\"left\">\nDimanche 22 f\u00e9vrier<br \/>(Auditorium)\n<\/td>\n<td class=\"has-text-align-center\" data-align=\"center\">14h15 \u2013 16h00<\/td>\n<td class=\"has-text-align-left\" data-align=\"left\">\nLe challenge de Tourmagne \u2014 Thierry Mourlanne<br \/>Perdus dans les Carpates \u2014 Antoine Bussier<br \/>Sur les routes d\u2019Alsace \u2014 Ga\u00ebtan Couffignal\n<\/td>\n<\/tr>\n<tr>\n<td class=\"has-text-align-left\" data-align=\"left\">\nDimanche 22 f\u00e9vrier<br \/>(Auditorium)\n<\/td>\n<td class=\"has-text-align-center\" data-align=\"center\">16h30 \u2013 18h00<\/td>\n<td class=\"has-text-align-left\" data-align=\"left\">\nRemerciements aux b\u00e9n\u00e9voles<br \/>Cycling through Central France \u2014 Volodymyr Muliar (VO sous-titr\u00e9e)<br \/>2 v\u00e9los, 20 pays, l\u2019Europe en roue libre \u2014 Mireille Vanson &amp; Michel Lacouline\n<\/td>\n<\/tr>\n<tr>\n<td class=\"has-text-align-left\" data-align=\"left\">\nDimanche 22 f\u00e9vrier<br \/>(Amphi Jardin)\n<\/td>\n<td class=\"has-text-align-center\" data-align=\"center\">14h45 \u2013 16h20<\/td>\n<td class=\"has-text-align-left\" data-align=\"left\">\nQuatre ponchos dans le vent \u2014 Arthur Burigana\n<\/td>\n<\/tr>\n<p><strong>Vous avez aim\u00e9 cet article ?<\/strong> N&rsquo;h\u00e9sitez-pas \u00e0 <a href=\"https:\/\/weelz.ouest-france.fr\/newsletter-velo\/\" target=\"_blank\" rel=\"noopener\">vous abonner \u00e0 notre newsletter<\/a>. Vous pouvez aussi nous ajouter en favoris directement dans <a href=\"https:\/\/news.google.com\/publications\/CAAqBwgKMJ3Eugswqt_RAw?hl=fr&amp;gl=FR&amp;ceid=FR%3Afr\" rel=\"external noopener\" target=\"_blank\">Google News<\/a> ou via <a href=\"https:\/\/profile.google.com\/cp\/Cg0vZy8xMXpobF9jZmdj\" rel=\"external noopener\" target=\"_blank\">notre profil Google<\/a>. Une question, une remarque ? <a href=\"https:\/\/weelz.ouest-france.fr\/contacter-weelz\/\" target=\"_blank\" rel=\"noopener\">Contactez-nous<\/a>.<\/p>\n","protected":false},"excerpt":{"rendered":"Pour sa 39\u1d49 \u00e9dition, le Festival international du voyage \u00e0 v\u00e9lo pose ses sacoches \u00e0 Angers les 21&hellip;\n","protected":false},"author":2,"featured_media":667105,"comment_status":"","ping_status":"","sticky":false,"template":"","format":"standard","meta":{"footnotes":""},"categories":[1411],"tags":[1438,1154,207,2087,849,1011,27,60,20080],"class_list":{"0":"post-667104","1":"post","2":"type-post","3":"status-publish","4":"format-standard","5":"has-post-thumbnail","7":"category-cyclisme","8":"tag-angers","9":"tag-cycling","10":"tag-cyclisme","11":"tag-evenement","12":"tag-festival","13":"tag-fr","14":"tag-france","15":"tag-sports","16":"tag-voyage-a-velo"},"share_on_mastodon":{"url":"https:\/\/pubeurope.com\/@fr\/115903416503121275","error":""},"_links":{"self":[{"href":"https:\/\/www.europesays.com\/fr\/wp-json\/wp\/v2\/posts\/667104","targetHints":{"allow":["GET"]}}],"collection":[{"href":"https:\/\/www.europesays.com\/fr\/wp-json\/wp\/v2\/posts"}],"about":[{"href":"https:\/\/www.europesays.com\/fr\/wp-json\/wp\/v2\/types\/post"}],"author":[{"embeddable":true,"href":"https:\/\/www.europesays.com\/fr\/wp-json\/wp\/v2\/users\/2"}],"replies":[{"embeddable":true,"href":"https:\/\/www.europesays.com\/fr\/wp-json\/wp\/v2\/comments?post=667104"}],"version-history":[{"count":0,"href":"https:\/\/www.europesays.com\/fr\/wp-json\/wp\/v2\/posts\/667104\/revisions"}],"wp:featuredmedia":[{"embeddable":true,"href":"https:\/\/www.europesays.com\/fr\/wp-json\/wp\/v2\/media\/667105"}],"wp:attachment":[{"href":"https:\/\/www.europesays.com\/fr\/wp-json\/wp\/v2\/media?parent=667104"}],"wp:term":[{"taxonomy":"category","embeddable":true,"href":"https:\/\/www.europesays.com\/fr\/wp-json\/wp\/v2\/categories?post=667104"},{"taxonomy":"post_tag","embeddable":true,"href":"https:\/\/www.europesays.com\/fr\/wp-json\/wp\/v2\/tags?post=667104"}],"curies":[{"name":"wp","href":"https:\/\/api.w.org\/{rel}","templated":true}]}}