{"id":667106,"date":"2026-01-16T06:42:19","date_gmt":"2026-01-16T06:42:19","guid":{"rendered":"https:\/\/www.europesays.com\/fr\/667106\/"},"modified":"2026-01-16T06:42:19","modified_gmt":"2026-01-16T06:42:19","slug":"mbappe-lui-a-t-il-conseille-lol-et-la-france-endrick-repond","status":"publish","type":"post","link":"https:\/\/www.europesays.com\/fr\/667106\/","title":{"rendered":"Mbapp\u00e9 lui a-t-il conseill\u00e9 l&rsquo;OL et la France ? Endrick r\u00e9pond !"},"content":{"rendered":"<p>Endrick est d\u00e9j\u00e0 comme un poisson dans l&rsquo;eau \u00e0 <a href=\"https:\/\/www.onzemondial.com\/france\/ol.html\" target=\"_blank\" rel=\"noopener\">Lyon<\/a>. Alors qu&rsquo;il a donn\u00e9 la victoire \u00e0 sa nouvelle \u00e9quipe dimanche soir (2-1) contre Lille en seizi\u00e8me de finale de la Coupe de France, le jeune attaquant de 19 ans a dit tout le bien qu&rsquo;il pensait de la capitale des Gaules dans un entretien accord\u00e9 \u00e0 <a href=\"https:\/\/as.com\/futbol\/primera\/endrick-a-as-se-podria-escribir-un-libro-con-lo-que-aprendi-de-ancelotti-f202601-n\/\" target=\"_blank\" rel=\"noopener\">As<\/a> : \u00ab\u00a0C&rsquo;est magnifique. J&rsquo;ai d\u00e9j\u00e0 eu l&rsquo;occasion de manger chez Bocuse, un restaurant l\u00e9gendaire d&rsquo;ici. Et j&rsquo;ai fait un tour en ville pour visiter la boutique New Balance. J&rsquo;ai encore beaucoup \u00e0 d\u00e9couvrir, mais je souhaite aussi progresser dans mon entra\u00eenement.\u00a0\u00bb<\/p>\n<p>Il a ensuite poursuivi : \u00ab\u00a0C&rsquo;est un club tr\u00e8s respect\u00e9 en France, avec de nombreux titres nationaux \u00e0 son actif, et il repr\u00e9sente une grande partie du pays. La structure est fantastique, nous avons tout ce qu&rsquo;il faut, l&rsquo;\u00e9quipe compte des joueurs du monde entier\u2026 J&rsquo;ai \u00e9t\u00e9 tr\u00e8s chaleureusement accueilli, je suis vraiment impressionn\u00e9.\u00a0\u00bb<\/p>\n<p>\u00c0 lire aussiEndrick a surtout parl\u00e9 avec les anciens Br\u00e9siliens qui ont jou\u00e9 \u00e0 l&rsquo;OL<\/p>\n<p>Interrog\u00e9 ensuite pour savoir si les Fran\u00e7ais du <a href=\"https:\/\/www.onzemondial.com\/etranger\/real-madrid.html\" target=\"_blank\" rel=\"noopener\">Real Madrid<\/a> (Mbapp\u00e9, Tchouam\u00e9ni, Camavinga, Mendy) lui avait conseill\u00e9 la destination, il a r\u00e9pondu : \u00ab\u00a0Avant l&rsquo;annonce, j&rsquo;ai discut\u00e9 avec certains joueurs, notamment les Br\u00e9siliens qui avaient \u00e9volu\u00e9 \u00e0 Lyon ces derni\u00e8res ann\u00e9es. Apr\u00e8s l&rsquo;annonce, plusieurs autres sont venus me parler du club et du football fran\u00e7ais. J&rsquo;ai re\u00e7u beaucoup d&rsquo;affection et de soutien de nombreuses personnes, pas seulement fran\u00e7aises, et cela a \u00e9t\u00e9 une motivation suppl\u00e9mentaire.\u00a0\u00bb<\/p>\n<p>Et alors qu&rsquo;il est appel\u00e9 \u00e0 revenir chez les Merengue cet \u00e9t\u00e9, il n&rsquo;a pas voulu aller trop vite en besogne : \u00ab\u00a0Je viens tout juste d&rsquo;arriver (rires) ! Je n&rsquo;ai m\u00eame pas encore jou\u00e9 mon premier match ici (\u00e0 domicile). Ce n&rsquo;est pas le moment de penser au retour. Pour l&rsquo;instant, je ne pense qu&rsquo;\u00e0 un stade plein dimanche, \u00e0 revoir nos supporters. \u00c0 ce stade, je ne me soucie de rien d&rsquo;autre que de Lyon.\u00a0\u00bb<\/p>\n<p>Aucune ranc\u0153ur contre le Real Madrid<\/p>\n<p>Une chose est s\u00fbre, il n&rsquo;en veut \u00e0 personne \u00e0 la Maison Blanche : \u00ab\u00a0Ma relation avec le Real Madrid n&rsquo;a absolument pas chang\u00e9. Jusqu&rsquo;au jour de mon d\u00e9part pour Lyon, le club m&rsquo;a apport\u00e9 tout le soutien n\u00e9cessaire et m&rsquo;a aid\u00e9 dans ce transfert, en acceptant ma demande de pr\u00eat\u00a0\u00bb a-t-il confi\u00e9 avant d&rsquo;encenser Carlo Ancelotti : \u00ab\u00a0Je pourrais \u00e9crire un livre sur tout ce que j&rsquo;ai appris de lui. Il a jou\u00e9 au plus haut niveau dans de grands clubs et a tout gagn\u00e9 en tant qu&rsquo;entra\u00eeneur dans diff\u00e9rents pays. Il nous a beaucoup appris sur le jeu, mais aussi sur la vie dans le monde du football.\u00a0\u00bb<\/p>\n<p>Enfin, il a conclu en r\u00e9agissant au d\u00e9part de Xabi Alonso : \u00ab\u00a0J&rsquo;ai fait mes d\u00e9buts ici (contre Lille) lors de la finale (de Supercoupe d&rsquo;Espagne) qui se jouait en Arabie Saoudite. Je n&rsquo;ai pas pu assister au match. Je suis pleinement concentr\u00e9 sur Lyon, mais je soutiendrai tous ceux qui m&rsquo;ont aid\u00e9 \u00e0 Madrid, o\u00f9 qu&rsquo;ils soient. Xabi \u00e9tait un joueur exceptionnel, champion du monde, un entra\u00eeneur de renom en Allemagne, et il rejoindra bient\u00f4t un nouveau club ou une nouvelle s\u00e9lection nationale.\u00a0\u00bb<\/p>\n<p>\u00a0<\/p>\n<p>   Partagez cette info avec vos amis et vos proches en cliquant ici<br \/> Pour r\u00e9sumer<\/p>\n<p>D\u00e9j\u00e0 d\u00e9cisif avec l\u2019OL, Endrick s\u2019\u00e9panouit \u00e0 Lyon. Le Br\u00e9silien encense la ville, le club et son accueil, tout en affirmant \u00eatre pleinement concentr\u00e9 sur sa mission lyonnaise. Le pr\u00eat n\u2019alt\u00e8re en rien sa relation avec le Real Madrid.<\/p>\n<p>R\u00e9dacteur<\/p>\n<p><img decoding=\"async\" width=\"76\" height=\"76\" loading=\"lazy\" src=\"https:\/\/www.europesays.com\/fr\/wp-content\/uploads\/2025\/04\/avatar-onze.webp.webp\" alt=\"Nathan Bricout\"\/><\/p>\n","protected":false},"excerpt":{"rendered":"Endrick est d\u00e9j\u00e0 comme un poisson dans l&rsquo;eau \u00e0 Lyon. Alors qu&rsquo;il a donn\u00e9 la victoire \u00e0 sa&hellip;\n","protected":false},"author":2,"featured_media":667107,"comment_status":"","ping_status":"","sticky":false,"template":"","format":"standard","meta":{"footnotes":""},"categories":[1410],"tags":[59813,63,1011,27,66,241,4790,60],"class_list":{"0":"post-667106","1":"post","2":"type-post","3":"status-publish","4":"format-standard","5":"has-post-thumbnail","7":"category-football","8":"tag-espagne-liga","9":"tag-football","10":"tag-fr","11":"tag-france","12":"tag-ligue-1","13":"tag-ol","14":"tag-real-madrid","15":"tag-sports"},"share_on_mastodon":{"url":"https:\/\/pubeurope.com\/@fr\/115903420528099175","error":""},"_links":{"self":[{"href":"https:\/\/www.europesays.com\/fr\/wp-json\/wp\/v2\/posts\/667106","targetHints":{"allow":["GET"]}}],"collection":[{"href":"https:\/\/www.europesays.com\/fr\/wp-json\/wp\/v2\/posts"}],"about":[{"href":"https:\/\/www.europesays.com\/fr\/wp-json\/wp\/v2\/types\/post"}],"author":[{"embeddable":true,"href":"https:\/\/www.europesays.com\/fr\/wp-json\/wp\/v2\/users\/2"}],"replies":[{"embeddable":true,"href":"https:\/\/www.europesays.com\/fr\/wp-json\/wp\/v2\/comments?post=667106"}],"version-history":[{"count":0,"href":"https:\/\/www.europesays.com\/fr\/wp-json\/wp\/v2\/posts\/667106\/revisions"}],"wp:featuredmedia":[{"embeddable":true,"href":"https:\/\/www.europesays.com\/fr\/wp-json\/wp\/v2\/media\/667107"}],"wp:attachment":[{"href":"https:\/\/www.europesays.com\/fr\/wp-json\/wp\/v2\/media?parent=667106"}],"wp:term":[{"taxonomy":"category","embeddable":true,"href":"https:\/\/www.europesays.com\/fr\/wp-json\/wp\/v2\/categories?post=667106"},{"taxonomy":"post_tag","embeddable":true,"href":"https:\/\/www.europesays.com\/fr\/wp-json\/wp\/v2\/tags?post=667106"}],"curies":[{"name":"wp","href":"https:\/\/api.w.org\/{rel}","templated":true}]}}