{"id":667114,"date":"2026-01-16T06:47:12","date_gmt":"2026-01-16T06:47:12","guid":{"rendered":"https:\/\/www.europesays.com\/fr\/667114\/"},"modified":"2026-01-16T06:47:12","modified_gmt":"2026-01-16T06:47:12","slug":"pierre-perret-nous-taimerons-toujours-il-rend-un-hommage-poignant-a-sa-femme-tout-juste-disparue","status":"publish","type":"post","link":"https:\/\/www.europesays.com\/fr\/667114\/","title":{"rendered":"Pierre Perret : \u201cNous t&rsquo;aimerons toujours\u201d, il rend un hommage poignant \u00e0 sa femme tout juste disparue"},"content":{"rendered":"<p>La nouvelle est tomb\u00e9e le lundi 5 janvier 2026 et a plong\u00e9 le<br \/>\nmonde de la chanson dans une profonde tristesse : <strong><a href=\"https:\/\/www.closermag.fr\/people\/pierre-perret-sa-femme-rebecca-est-morte-ils-etaient-maries-depuis-six-decennies-3610220\" target=\"_blank\" rel=\"noopener\"><br \/>\nRebecca<\/a>, l\u2019\u00e9pouse de Pierre Perret, s\u2019est \u00e9teinte dans la nuit<br \/>\ndu 3 au 4 janvier<\/strong>. L\u2019annonce a \u00e9t\u00e9 faite par un proche du<br \/>\ncouple, Jean-Marc Dermesropian, \u00e0 travers un message publi\u00e9 sur<br \/>\nFacebook. Dans ce texte empreint d\u2019\u00e9motion, il adressait ses<br \/>\npens\u00e9es au chanteur : \u00ab\u00a0Il va t\u2019en falloir du courage, cher<br \/>\nPierre, pour surmonter une pareille \u00e9preuve. La maison de<br \/>\nNangis, en Seine-et-Marne, o\u00f9 vous nous avez si gentiment<br \/>\naccueillis, va te para\u00eetre bien grande\u00a0\u00bb.<\/p>\n<p>Un ami du couple a confi\u00e9 que la disparition serait plut\u00f4t<br \/>\n\u00a0li\u00e9e \u00e0 un accident domestique : \u201cC\u2019est Pierre qui m\u2019a<br \/>\nappel\u00e9 hier matin. Rebecca n\u2019\u00e9tait pas malade. <strong>Elle a<br \/>\nfait une mauvaise chute dans des escaliers<\/strong> il y a une<br \/>\ndizaine de jours\u2026 Elle \u00e9tait son pilier, sa muse, sa manageuse, sa<br \/>\ncomptable, sa chauffeuse, son \u00e9ditrice\u2026 L\u2019un n\u2019allait jamais sans<br \/>\nl\u2019autre, \u00e7a va \u00eatre dur pour Pierre. Il est fort, l\u2019\u00e9criture peut<br \/>\nle sauver.\u201d<\/p>\n<p>La disparition de Rebecca,<br \/>\nl\u2019ind\u00e9fectible compagne de Pierre Perret<\/p>\n<p data-start=\"278\" data-end=\"1756\">Mari\u00e9s depuis 63 ans, Pierre<br \/>\nPerret et Rebecca avaient c\u00e9l\u00e9br\u00e9 leur long parcours commun en<br \/>\n2025. Ce jeudi 15 janvier, l\u2019artiste a choisi de s\u2019exprimer \u00e0 son<br \/>\ntour sur Facebook, partageant un message poignant accompagn\u00e9 d\u2019une<br \/>\nphoto du couple face \u00e0 la mer. \u00ab\u00a0Mes loulous, mes amis, Rebecca<br \/>\nm&rsquo;a quitt\u00e9. Rebecca nous a quitt\u00e9s. C&rsquo;est la premi\u00e8re fois apr\u00e8s<br \/>\nsept d\u00e9cennies de joies, de gal\u00e8res, d&rsquo;amour. D&rsquo;aucuns ne la<br \/>\ntrouvaient pas commode\u2026 et elle ne l&rsquo;\u00e9tait pas effectivement<br \/>\nlorsqu&rsquo;on s&rsquo;en prenait \u00e0 son mari. &lsquo;Faire du Rebecca&rsquo; en cette<br \/>\nlangue argotique qui m&rsquo;a toujours \u00e9t\u00e9 famili\u00e8re, signifie faire un<br \/>\nsouk, renverser la table\u2026 en un mot &lsquo;foutre le bordel&rsquo; !<br \/>\n<strong>Et, elle l&rsquo;a foutu souvent pour tous ceux qui s&rsquo;en<br \/>\nprenaient \u00e0 moi, \u00e0 nous !<\/strong>\u00ab\u00a0.<\/p>\n<p data-start=\"278\" data-end=\"1756\">Le chanteur, <a href=\"https:\/\/www.closermag.fr\/people\/pierre-perret-la-triste-mise-au-point-mes-chansons-sont-encore-trop-3610239\" target=\"_blank\" rel=\"noopener\"><br \/>\nqui avait fait une triste mise au point<\/a>, \u00a0poursuit :<br \/>\n\u00ab\u00a0Avec la m\u00eame force qu&rsquo;elle d\u00e9ployait d&rsquo;ailleurs \u00e0 d\u00e9fendre<br \/>\nceux qu&rsquo;elle aimait. Elle n&rsquo;aimait pas, disait-elle, les &lsquo;cons<br \/>\nobstin\u00e9s&rsquo;. Ce pl\u00e9onasme r\u00e9jouissant ne r\u00e9sumait-il pas \u00e0 lui seul<br \/>\nla r\u00e9currente aversion qu&rsquo;elle avait eue toute sa vie pour tous les<br \/>\nracistes, les antis\u00e9mites, les cogneurs de femmes et autres machos<br \/>\nd\u00e9c\u00e9r\u00e9br\u00e9s que son mari avait combattus toute sa vie ?.C&rsquo;est<br \/>\npourquoi, nul n&rsquo;oubliera jamais sa lucidit\u00e9 si terrible, ses<br \/>\nmoqueries, ni cet immense amour qu&rsquo;elle diffusait autour d&rsquo;elle\u2026<br \/>\nNon ma femme, non ma Simone, ma Rebecca, personne jamais ne<br \/>\nt&rsquo;oubliera. Eh oui, <strong>nous t&rsquo;aimerons toujours<\/strong>.\u00a0\u00bb<\/p>\n<p>L\u2019\u00e9motion des internautes face \u00e0 cette perte<\/p>\n<p data-start=\"1833\" data-end=\"3752\" data-is-last-node=\"\" data-is-only-node=\"\">Dans les commentaires, les messages de soutien<br \/>\nse sont multipli\u00e9s : \u00ab\u00a0<strong>Paroles magnifiques et si<br \/>\njustes<\/strong>. Elle ne peut pas \u00eatre oubli\u00e9e et sera toujours<br \/>\ndans votre c\u0153ur et dans le n\u00f4tre. Toute mon affection et mes<br \/>\npens\u00e9es \u00e0 vous\u00a0\u00bb.<\/p>\n<p data-start=\"1833\" data-end=\"3752\" data-is-last-node=\"\" data-is-only-node=\"\">On pouvait lire aussi comme soutien <a href=\"https:\/\/www.closermag.fr\/people\/pierre-perret-a-quoi-ressemble-sa-magnifique-propriete-en-seine-et-marne-3492157\" target=\"_blank\" rel=\"noopener\"><br \/>\nau chanteur qui habite en Seine-et-Marne<\/a> : \u00ab\u00a0Je vous envoie<br \/>\ntout le bonheur que vous m&rsquo;avez cr\u00e9\u00e9 durant mon enfance afin<br \/>\n<strong>d&rsquo;att\u00e9nuer votre peine<\/strong>.<br \/>\nAffectueusement\u00a0\u00bb ou encore \u00ab\u00a0Je suis tellement \u00e9mue de<br \/>\nlire vos mots, Rebecca continuera a vivre en vous c&rsquo;est<br \/>\ncertain\u00a0\u00bb.<\/p>\n","protected":false},"excerpt":{"rendered":"La nouvelle est tomb\u00e9e le lundi 5 janvier 2026 et a plong\u00e9 le monde de la chanson dans&hellip;\n","protected":false},"author":2,"featured_media":642427,"comment_status":"","ping_status":"","sticky":false,"template":"","format":"standard","meta":{"footnotes":""},"categories":[1355],"tags":[21303,58,59,1011,27,70426,1361,873],"class_list":{"0":"post-667114","1":"post","2":"type-post","3":"status-publish","4":"format-standard","5":"has-post-thumbnail","7":"category-musique","8":"tag-buzz_nonli","9":"tag-divertissement","10":"tag-entertainment","11":"tag-fr","12":"tag-france","13":"tag-marfeel_news","14":"tag-music","15":"tag-musique"},"share_on_mastodon":{"url":"https:\/\/pubeurope.com\/@fr\/115903440150619878","error":""},"_links":{"self":[{"href":"https:\/\/www.europesays.com\/fr\/wp-json\/wp\/v2\/posts\/667114","targetHints":{"allow":["GET"]}}],"collection":[{"href":"https:\/\/www.europesays.com\/fr\/wp-json\/wp\/v2\/posts"}],"about":[{"href":"https:\/\/www.europesays.com\/fr\/wp-json\/wp\/v2\/types\/post"}],"author":[{"embeddable":true,"href":"https:\/\/www.europesays.com\/fr\/wp-json\/wp\/v2\/users\/2"}],"replies":[{"embeddable":true,"href":"https:\/\/www.europesays.com\/fr\/wp-json\/wp\/v2\/comments?post=667114"}],"version-history":[{"count":0,"href":"https:\/\/www.europesays.com\/fr\/wp-json\/wp\/v2\/posts\/667114\/revisions"}],"wp:featuredmedia":[{"embeddable":true,"href":"https:\/\/www.europesays.com\/fr\/wp-json\/wp\/v2\/media\/642427"}],"wp:attachment":[{"href":"https:\/\/www.europesays.com\/fr\/wp-json\/wp\/v2\/media?parent=667114"}],"wp:term":[{"taxonomy":"category","embeddable":true,"href":"https:\/\/www.europesays.com\/fr\/wp-json\/wp\/v2\/categories?post=667114"},{"taxonomy":"post_tag","embeddable":true,"href":"https:\/\/www.europesays.com\/fr\/wp-json\/wp\/v2\/tags?post=667114"}],"curies":[{"name":"wp","href":"https:\/\/api.w.org\/{rel}","templated":true}]}}