{"id":667117,"date":"2026-01-16T06:49:09","date_gmt":"2026-01-16T06:49:09","guid":{"rendered":"https:\/\/www.europesays.com\/fr\/667117\/"},"modified":"2026-01-16T06:49:09","modified_gmt":"2026-01-16T06:49:09","slug":"sostrene-grene-devoile-sa-nouvelle-collection-printemps","status":"publish","type":"post","link":"https:\/\/www.europesays.com\/fr\/667117\/","title":{"rendered":"S\u00f8strene Grene d\u00e9voile sa nouvelle collection printemps"},"content":{"rendered":"<p>Nous sommes encore en hiver, mais certains commencent d\u00e9j\u00e0 \u00e0<br \/>\nenvisager de red\u00e9corer leur int\u00e9rieur pour le printemps. S\u00f8strene<br \/>\nGrene, la c\u00e9l\u00e8bre enseigne de d\u00e9co, vient de sortir sa nouvelle<br \/>\ncollection aux accents po\u00e9tiques qui pourrait bien illuminer votre<br \/>\nmaison apr\u00e8s des mois froids et pluvieux.<\/p>\n<p>S\u00f8strene Grene d\u00e9voile sa collection pour le printemps<\/p>\n<p>Alors que l\u00a0\u00bbann\u00e9e 2026 n&rsquo;est commenc\u00e9e que depuis deux semaines,<br \/>\nS\u00f8strene Grene <strong>lance sa collection printemps<\/strong>.<br \/>\nCelle-ci se veut \u00eatre un appel \u00e0 l&rsquo;imagination. Gr\u00e2ce aux nombreux<br \/>\narticles propos\u00e9s, la marque danoise souhaite que chacun puisse<br \/>\npleinement <a href=\"https:\/\/www.lejournaldelamaison.fr\/le-journal-de-la-maison\/noel\/decoration-de-la-maison\/ce-que-votre-decoration-dinterieur-revele-sur-votre-personnalite-475848.html\" target=\"_blank\" rel=\"noopener\"><br \/>\nrefl\u00e9ter sa personnalit\u00e9<\/a> dans la d\u00e9coration de son int\u00e9rieur.<br \/>\nLe nom de cette collection, \u00ab\u00a0Every Home Has Its Own<br \/>\nPoetry\u00a0\u00bb que l&rsquo;on pourrait traduire par \u00ab\u00a0Chaque maison a sa<br \/>\npropre po\u00e9sie\u00a0\u00bb, <strong>est d&rsquo;ailleurs sans<br \/>\n\u00e9quivoque<\/strong>.<\/p>\n<p>Cette nouvelle collection <strong>s&rsquo;inspire des tendances<br \/>\nactuelles<\/strong> en mati\u00e8re de d\u00e9coration, mais reste fid\u00e8le \u00e0<br \/>\nl&rsquo;ADN de la marque : proposer des objets \u00e0 la fois design,<br \/>\nabordables et faciles \u00e0 int\u00e9grer chez soi. L&rsquo;objectif est de<br \/>\ntransformer l&rsquo;habitat en un espace plus vivant, loin <a href=\"https:\/\/www.lejournaldelamaison.fr\/non-classe\/non-le-minimalisme-nest-pas-fini-ces-pieces-a-acheter-pour-un-look-chic-chaleureux-et-intemporel-en-2025-531216.html\" target=\"_blank\" rel=\"noopener\"><br \/>\ndes int\u00e9rieurs trop minimalistes<\/a>. Ici, l&rsquo;art prend des formes<br \/>\ntr\u00e8s diff\u00e9rentes et <strong>ajoute \u00e9norm\u00e9ment de charme<\/strong><br \/>\naux pi\u00e8ces de la maison.<\/p>\n<p>Une d\u00e9coration artistique pour toute la maison<\/p>\n<p>La nouvelle collection <a href=\"https:\/\/www.lejournaldelamaison.fr\/le-journal-de-la-maison\/nouveautes\/tendances\/tendances-deco\/plus-belles-pieces-signees-sostrene-grene-table-dete-reussie-515978.html\" target=\"_blank\" rel=\"noopener\"><br \/>\nde S\u00f8strene Grene<\/a> <strong>propose des articles tr\u00e8s<br \/>\nvari\u00e9s<\/strong>, comme des vases, des miroirs ou encore des bougies<br \/>\naux lignes ondoyantes. Chaque objet est pens\u00e9 pour donner \u00e0 votre<br \/>\npi\u00e8ce un caract\u00e8re plus \u00ab\u00a0artistique\u00a0\u00bb. De m\u00eame, les tapis et les<br \/>\ntissus <strong>deviennent des \u00e9l\u00e9ments graphiques<\/strong>.<\/p>\n<p>L&rsquo;art est donc au centre de cette collection et se retrouve<br \/>\n<strong>dans chacun des \u00e9l\u00e9ments commercialis\u00e9s<\/strong> : dans une<br \/>\nlampe de table \u00e0 effet chrome, dans <a href=\"https:\/\/www.lejournaldelamaison.fr\/le-journal-de-la-maison\/nouveautes\/tendances\/tendances-deco\/vaisselle-vases-credence-la-ceramique-envahit-nos-interieurs-460740.html\" target=\"_blank\" rel=\"noopener\"><br \/>\nune vaisselle en c\u00e9ramique<\/a> aux motifs fantaisistes ou dans des<br \/>\nmeubles aux silhouettes sculpturales. On pourrait croire qu&rsquo;il<br \/>\ns&rsquo;agit d&rsquo;une gamme \u00ab\u00a0fourre-tout\u00a0\u00bb, mais en r\u00e9alit\u00e9, l&rsquo;ensemble est<br \/>\ntr\u00e8s coh\u00e9rent. Il est tout \u00e0 fait possible d&rsquo;associer ces<br \/>\naccessoires pour <strong>obtenir une ambiance<br \/>\nharmonieuse<\/strong>.<\/p>\n<blockquote class=\"instagram-media\" style=\"background: #ffffff;border: 0;margin: 1px;width: 100%;padding: 0;max-width: 500px;\" data-instgrm-permalink=\"https:\/\/www.instagram.com\/p\/DThjdZjja0p\/?img_index=1\" data-instgrm-version=\"14\"\/><p>\nS\u00f8strene Grene met en avant les<br \/>\ntendances fortes de 2026<\/p>\n<p><strong>Les formes organiques<\/strong> domineront au sein de<br \/>\ncette collection, avec des objets aux formes douces et des lignes<br \/>\ncourbes. Celles-ci apporteront de la chaleur \u00e0 votre int\u00e9rieur.<br \/>\n<a href=\"https:\/\/www.lejournaldelamaison.fr\/le-journal-de-la-maison\/cette-regle-des-3-motifs-que-les-designers-dinterieur-appliquent-pour-un-salon-canon-et-sans-conflit-visuel-530512.html\" target=\"_blank\" rel=\"noopener\"><br \/>\nLes motifs color\u00e9s<\/a>, comme les oiseaux ou les fruits, orneront<br \/>\nles mugs, les cuill\u00e8res ou encore les bols. <strong>Une touche de<br \/>\nfantaisie plus que bienvenue !<\/strong><\/p>\n<p><strong>Les murs de la maison<\/strong> ne sont pas oubli\u00e9s non<br \/>\nplus. Pour le printemps, S\u00f8strene Grene propose aussi <a href=\"https:\/\/www.lejournaldelamaison.fr\/maison\/si-votre-salon-est-couvert-de-cadres-voici-les-tapisseries-murales-que-les-designers-sarrachent-et-ou-les-trouver-531581.html\" target=\"_blank\" rel=\"noopener\"><br \/>\nde jolis cadres<\/a> et des associations permettant de composer des<br \/>\ngaleries pleines de caract\u00e8re. Bref, aucun d\u00e9tail n&rsquo;a \u00e9t\u00e9 laiss\u00e9 de<br \/>\nc\u00f4t\u00e9. Nous vous invitons \u00e0 vous rendre sur le site de l&rsquo;enseigne<br \/>\nafin de d\u00e9couvrir tout <strong>ce que cette collection peut<br \/>\noffrir<\/strong>.<\/p>\n<p><script async src=\"\/\/www.instagram.com\/embed.js\"><\/script><\/p>\n","protected":false},"excerpt":{"rendered":"Nous sommes encore en hiver, mais certains commencent d\u00e9j\u00e0 \u00e0 envisager de red\u00e9corer leur int\u00e9rieur pour le printemps.&hellip;\n","protected":false},"author":2,"featured_media":667118,"comment_status":"","ping_status":"","sticky":false,"template":"","format":"standard","meta":{"footnotes":""},"categories":[10],"tags":[13041,3010,4587,37139,10225,1805,851,3708,3026,12219,20101,1011,27,76745,72,3053,76743,2043,56429,4767,3583,10649,71,2407,76744,3107,4611,19392,24640,10125,70212],"class_list":{"0":"post-667117","1":"post","2":"type-post","3":"status-publish","4":"format-standard","5":"has-post-thumbnail","7":"category-sante","8":"tag-a","9":"tag-celebre","10":"tag-ceramique","11":"tag-chrome","12":"tag-collection","13":"tag-de","14":"tag-devoile","15":"tag-effet","16":"tag-en","17":"tag-et","18":"tag-formes","19":"tag-fr","20":"tag-france","21":"tag-grene","22":"tag-health","23":"tag-lart","24":"tag-lampe","25":"tag-nouvelle","26":"tag-poetiques","27":"tag-printemps","28":"tag-qui","29":"tag-sa","30":"tag-sante","31":"tag-ses","32":"tag-sostrene","33":"tag-sous","34":"tag-table","35":"tag-tapis","36":"tag-textiles","37":"tag-toutes","38":"tag-vaisselle"},"share_on_mastodon":{"url":"https:\/\/pubeurope.com\/@fr\/115903447932041078","error":""},"_links":{"self":[{"href":"https:\/\/www.europesays.com\/fr\/wp-json\/wp\/v2\/posts\/667117","targetHints":{"allow":["GET"]}}],"collection":[{"href":"https:\/\/www.europesays.com\/fr\/wp-json\/wp\/v2\/posts"}],"about":[{"href":"https:\/\/www.europesays.com\/fr\/wp-json\/wp\/v2\/types\/post"}],"author":[{"embeddable":true,"href":"https:\/\/www.europesays.com\/fr\/wp-json\/wp\/v2\/users\/2"}],"replies":[{"embeddable":true,"href":"https:\/\/www.europesays.com\/fr\/wp-json\/wp\/v2\/comments?post=667117"}],"version-history":[{"count":0,"href":"https:\/\/www.europesays.com\/fr\/wp-json\/wp\/v2\/posts\/667117\/revisions"}],"wp:featuredmedia":[{"embeddable":true,"href":"https:\/\/www.europesays.com\/fr\/wp-json\/wp\/v2\/media\/667118"}],"wp:attachment":[{"href":"https:\/\/www.europesays.com\/fr\/wp-json\/wp\/v2\/media?parent=667117"}],"wp:term":[{"taxonomy":"category","embeddable":true,"href":"https:\/\/www.europesays.com\/fr\/wp-json\/wp\/v2\/categories?post=667117"},{"taxonomy":"post_tag","embeddable":true,"href":"https:\/\/www.europesays.com\/fr\/wp-json\/wp\/v2\/tags?post=667117"}],"curies":[{"name":"wp","href":"https:\/\/api.w.org\/{rel}","templated":true}]}}