{"id":667119,"date":"2026-01-16T06:50:12","date_gmt":"2026-01-16T06:50:12","guid":{"rendered":"https:\/\/www.europesays.com\/fr\/667119\/"},"modified":"2026-01-16T06:50:12","modified_gmt":"2026-01-16T06:50:12","slug":"julian-alaphilippe-cest-fini","status":"publish","type":"post","link":"https:\/\/www.europesays.com\/fr\/667119\/","title":{"rendered":"Julian Alaphilippe, c\u2019est fini"},"content":{"rendered":"<p><strong>De son propre aveu, Julian<br \/>\nAlaphilippe est loin de sa meilleure forme. Ce qui ne l\u2019emp\u00eache pas<br \/>\nde courir apr\u00e8s la victoire.<\/strong><\/p>\n<p>Julian Alaphilippe aura d\u00fb prendre son mal en patience. D\u00e9barqu\u00e9<br \/>\nchez Tudor l\u2019hiver dernier apr\u00e8s plus d\u2019une d\u00e9cennie pass\u00e9e au sein<br \/>\nde la Quick-Step, le natif de Saint-Amand-Montrond aura d\u00fb attendre<br \/>\njusqu\u2019en septembre pour go\u00fbter \u00e0 la victoire.<\/p>\n<p>En retrait tout au long du printemps ou sur le Tour de France,<br \/>\npourtant annonc\u00e9 comme l\u2019un de ses principaux objectifs de la<br \/>\nsaison, le double champion du monde tricolore a cr\u00e9\u00e9 la sensation<br \/>\nau Grand Prix de Montr\u00e9al en l\u2019emportant au nez et \u00e0 la barbe de<br \/>\nTadej Pogacar, pr\u00e9sent au Canada. De quoi le conforter dans l\u2019id\u00e9e<br \/>\nqu\u2019il peut continuer \u00e0 voir les choses en grand malgr\u00e9 les ann\u00e9es<br \/>\nqui passent.<\/p>\n<blockquote class=\"twitter-tweet\"><p><a class=\"twitter-link\" rel=\"noindex, nofollow noopener\" href=\"https:\/\/twitter.com\/sports_fr\/status\/2009476614220832909?s=20\" target=\"_blank\"><\/p><\/blockquote>\n<p>Pourtant, le compagnon de Marion Rousse le reconnait sans peine:<br \/>\nil n\u2019\u00e9volue plus au niveau qui fut le sien par le pass\u00e9.<br \/>\n\u00ab\u00a0Je sais que je suis loin de ma meilleure forme,<br \/>\na-t-il ainsi souffl\u00e9 aupr\u00e8s de Sigma Sports Unplugged with Matt<br \/>\nStephens. Je ne suis pas une machine. Mais je sais que lorsque je<br \/>\nsuis en bonne forme, que je me sens bien et que je peux jouer avec<br \/>\nmes jambes et mon instinct, je peux participer \u00e0 la lutte pour la<br \/>\nvictoire.\u00a0\u00bb<\/p>\n<p>Julian Alaphilippe toujours ambitieux<\/p>\n<p>\u00ab\u00a0 Je souffre plus \u00e0 un certain seuil qu\u2019avant.<br \/>\nAuparavant, je pouvais aller plus loin, avait-il r\u00e9cemment<br \/>\nexpliqu\u00e9 au cours d\u2019un entretien accord\u00e9 \u00e0 L\u2019Equipe.<br \/>\nC\u2019est peut-\u00eatre l\u2019\u00e2ge, je ne sais pas, je commence \u00e0 avoir des<br \/>\ncheveux blancs.\u00a0Et puis j\u2019ai quand m\u00eame toutes les gamelles,<br \/>\nles blessures, qui me rappellent \u00e0 l\u2019ordre. Souvent, je me rends<br \/>\ncompte que j\u2019ai des douleurs que je ne suis pas cens\u00e9 avoir \u00e0<br \/>\n33\u00a0ans. Quand je vois les gamelles que j\u2019ai prises, les<br \/>\nop\u00e9rations que j\u2019ai eues, le dos bloqu\u00e9 souvent\u2026\u00a0\u00bb<\/p>\n<p>Le double champion du monde tricolore, qui a notamment d\u00e9cid\u00e9<br \/>\nd\u2019axer son d\u00e9but de saison sur les Ardennaises avant de se<br \/>\nconcentrer sur le Tour de France, n\u2019en est pas moins ambitieux \u00e0<br \/>\nl\u2019approche du coup d\u2019envoi de la nouvelle saison, qu\u2019il d\u00e9butera au<br \/>\nTour d\u2019Algrave, le mois prochain. \u00ab Je me sens encore capable<br \/>\nde pouvoir gagner de grandes courses, a-t-il ass\u00e9n\u00e9. Si je n\u2019ai<br \/>\nplus \u00e7a, c\u2019est fini. Je ne peux pas rouler juste pour rouler.<br \/>\n\u00bb<\/p>\n<p><script async src=\"https:\/\/platform.twitter.com\/widgets.js\" charset=\"utf-8\"><\/script><\/p>\n","protected":false},"excerpt":{"rendered":"De son propre aveu, Julian Alaphilippe est loin de sa meilleure forme. Ce qui ne l\u2019emp\u00eache pas de&hellip;\n","protected":false},"author":2,"featured_media":667120,"comment_status":"","ping_status":"","sticky":false,"template":"","format":"standard","meta":{"footnotes":""},"categories":[9],"tags":[1011,27,60],"class_list":{"0":"post-667119","1":"post","2":"type-post","3":"status-publish","4":"format-standard","5":"has-post-thumbnail","7":"category-sports","8":"tag-fr","9":"tag-france","10":"tag-sports"},"share_on_mastodon":{"url":"https:\/\/pubeurope.com\/@fr\/115903451858632452","error":""},"_links":{"self":[{"href":"https:\/\/www.europesays.com\/fr\/wp-json\/wp\/v2\/posts\/667119","targetHints":{"allow":["GET"]}}],"collection":[{"href":"https:\/\/www.europesays.com\/fr\/wp-json\/wp\/v2\/posts"}],"about":[{"href":"https:\/\/www.europesays.com\/fr\/wp-json\/wp\/v2\/types\/post"}],"author":[{"embeddable":true,"href":"https:\/\/www.europesays.com\/fr\/wp-json\/wp\/v2\/users\/2"}],"replies":[{"embeddable":true,"href":"https:\/\/www.europesays.com\/fr\/wp-json\/wp\/v2\/comments?post=667119"}],"version-history":[{"count":0,"href":"https:\/\/www.europesays.com\/fr\/wp-json\/wp\/v2\/posts\/667119\/revisions"}],"wp:featuredmedia":[{"embeddable":true,"href":"https:\/\/www.europesays.com\/fr\/wp-json\/wp\/v2\/media\/667120"}],"wp:attachment":[{"href":"https:\/\/www.europesays.com\/fr\/wp-json\/wp\/v2\/media?parent=667119"}],"wp:term":[{"taxonomy":"category","embeddable":true,"href":"https:\/\/www.europesays.com\/fr\/wp-json\/wp\/v2\/categories?post=667119"},{"taxonomy":"post_tag","embeddable":true,"href":"https:\/\/www.europesays.com\/fr\/wp-json\/wp\/v2\/tags?post=667119"}],"curies":[{"name":"wp","href":"https:\/\/api.w.org\/{rel}","templated":true}]}}