{"id":667121,"date":"2026-01-16T06:51:12","date_gmt":"2026-01-16T06:51:12","guid":{"rendered":"https:\/\/www.europesays.com\/fr\/667121\/"},"modified":"2026-01-16T06:51:12","modified_gmt":"2026-01-16T06:51:12","slug":"disney-devoile-un-programme-tres-charge-pour-lannee-2026","status":"publish","type":"post","link":"https:\/\/www.europesays.com\/fr\/667121\/","title":{"rendered":"Disney+ d\u00e9voile un programme tr\u00e8s charg\u00e9 pour l&rsquo;ann\u00e9e 2026"},"content":{"rendered":"<p>2026 commence \u00e0 peine mais Disney+ a voulu marquer le moment en donnant conf\u00e9rence face \u00e0 la presse. Ce jeudi 15 janvier, la plateforme a d\u00e9voil\u00e9 le programme des r\u00e9jouissances pour les prochains mois, entre s\u00e9ries mondiales et productions hexagonales.<\/p>\n<p>Un an apr\u00e8s avoir revu sa position sur la chronologie des m\u00e9dias, elle peut d\u00e9sormais diffuser ses films 9 mois apr\u00e8s leur sortie en salle, la firme promet de d\u00e9multiplier ses investissements dans la cr\u00e9ation fran\u00e7aise. Jusqu\u2019ici, Disney+ avait explor\u00e9 la science-fiction avec <a href=\"https:\/\/www.journaldugeek.com\/critique\/critique-paralleles-la-serie-a-geometrie-variable-sur-disney\/\" target=\"_blank\" rel=\"noopener\">Parall\u00e8les<\/a>, la com\u00e9die dramatique avec Tout va bien ou encore <a href=\"https:\/\/www.journaldugeek.com\/dossier\/bref-voici-pourquoi-il-ne-faut-surtout-pas-rater-la-saison-2\/\" target=\"_blank\" rel=\"noopener\">Bref 2<\/a>.<\/p>\n<p>Cette derni\u00e8re \u00e9tait d\u2019ailleurs le coup de ma\u00eetre pour Disney+ qui s\u2019offrait une estampille populaire en France et qui volait \u00e0 Canal+ l\u2019un de ses monuments. Maintenant que l\u2019entreprise a attir\u00e9 de nombreux regards, au-del\u00e0 de ses plus fervents admirateurs, il faut transformer l\u2019essai. Et pour \u00e7a, Disney+ a quelques atouts dans sa manche.<\/p>\n<p> En France Des s\u00e9ries originales et des adaptations <\/p>\n<p>Disney+ ne va pas ralentir ses efforts s\u00e9riels et promet d\u00e9j\u00e0 de faire l\u2019actualit\u00e9 avec des productions explorant de nombreux genres. Ce n\u2019est plus un secret mais la plateforme travaille sur une s\u00e9rie Lucky Luke avec Alban Lenoir en t\u00eate d\u2019affiche et France T\u00e9l\u00e9visions \u00e0 la production. De premi\u00e8res images ont d\u00e9j\u00e0 \u00e9t\u00e9 montr\u00e9es et la s\u00e9rie est promise pour cette ann\u00e9e 2026.<\/p>\n<p>Huit \u00e9pisodes sont au programme, d\u2019abord diffus\u00e9s sur Disney+ avant de rejoindre l\u2019offre de France T\u00e9l\u00e9visions. Face \u00e0 Lenoir, on retrouvera Victor Le Blond dans la peau de Billy the Kid, Camille Chamoux en Calamity Jane et J\u00e9r\u00f4me Niel dans le r\u00f4le de Joe Dalton. L\u2019histoire \u00e9voluera autour de la qu\u00eate du cowboy, approch\u00e9 par une jeune femme qui cherche d\u00e9sesp\u00e9r\u00e9ment sa m\u00e8re. Mais cette histoire cache \u201cun complot qui pourrait changer le cours de l\u2019histoire des \u00c9tats-Unis\u201d.<\/p>\n<p>Ailleurs dans le paysage t\u00e9l\u00e9visuel fran\u00e7ais, Disney+ annonce le d\u00e9veloppement d\u2019une adaptation de Last Man on Earth de et avec Will Forte. Diffus\u00e9e entre 2015 et 2018, la s\u00e9rie suivait le dernier homme vivant de la plan\u00e8te. Apr\u00e8s qu\u2019un virus ait d\u00e9cim\u00e9 la population mondiale, il d\u00e9cide d\u2019embrasser sa solitude et de meubler sa maison d\u2019oeuvres d\u2019art inestimable et de se balader en cale\u00e7on tous les jours. Pour la version fran\u00e7aise, Disney+ fait appel \u00e0 Arthus. L\u2019humoriste, com\u00e9dien et r\u00e9alisateur a fait un carton en 2024 avec Un petit truc en plus.<\/p>\n<p>Disney+ promet aussi de r\u00e9unir Audrey Lamy et Jean-Pascal Zadi dans une prison pour la s\u00e9rie Surveillants!. Il y aura aussi du thriller avec Bermudes, que Disney+ pr\u00e9sente bien volontiers comme la rencontre de Lost et Revenants. Alors que le fantastique se fait cruellement d\u00e9sir\u00e9 du nos \u00e9crans fran\u00e7ais, on ne peut que saluer le pari fait par Disney+. En six \u00e9pisodes, la s\u00e9rie de Fran\u00e7ois Uzan (Lupin) suivra Alice dans un village coup\u00e9 du monde. La communication ext\u00e9rieure est interdites et les r\u00e8gles strictes encadrent la vie des quelques dizaines d\u2019habitants qui ont choisi de s\u2019y r\u00e9fugier pour se donner une nouvelle chance dans la vie. Le tournage doit d\u00e9buter prochainement.<\/p>\n<p>Enfin, Disney+ se lance dans le documentaire pour mettre en avant la culture fran\u00e7aise et son retentissement \u00e0 l\u2019international. Des artistes \u00e9taient sur sc\u00e8ne pour \u00e9voquer cette plong\u00e9e au coeur de la musique \u00e9lectronique fran\u00e7aise, la fameuse French Touch. D\u2019autres productions seront d\u00e9voil\u00e9e au fil de l\u2019ann\u00e9e, une occasion pour ent\u00e9rin\u00e9 sa pr\u00e9sence dans l\u2019Hexagone en tant que diffuseur mais aussi producteur et partenaire du cin\u00e9ma et de la t\u00e9l\u00e9vision fran\u00e7aise.<\/p>\n<p>  S\u00e9ries originales en France <\/p>\n<ul>\n<li>Bermudes \u2014 prochainement<\/li>\n<li>Surveillants \u2014 prochainement<\/li>\n<li>Documentaire sur la French Touch \u2014 prochainement<\/li>\n<li>Lucky Luke \u2014 prochainement<\/li>\n<li>Seul (remake Last Man on Earth) \u2014 prochainement<\/li>\n<li>Gis\u00e8le \u00a0\u2014 prochainement<\/li>\n<\/ul>\n<p>  Des films neuf mois apr\u00e8s leur sortie <\/p>\n<p>Des films fran\u00e7ais en premi\u00e8re diffusion seront aussi au programme de cette ann\u00e9e 2026. Outre ses productions maison, chez Star Wars, Marvel ou encore Disney Animation, Disney+ s\u2019offre la premi\u00e8re fen\u00eatre ou deuxi\u00e8me fen\u00eatre de diffusion de m\u00e9trages particuli\u00e8rement attendus dans l\u2019Hexagone. La plateforme pourra diffuser Gourou port\u00e9 par Pierre Niney d\u00e8s le mois de septembre. L\u2019acteur \u00e9tait d\u2019ailleurs sur sc\u00e8ne pour \u00e9voquer ce thriller qui \u00e9volue dans le monde du coaching sur les r\u00e9seaux sociaux. Les adolescents des ann\u00e9es 2000 pourront aussi voir Lisa Azuelos retrouver l\u2019univers de Lol (Laughing out Loud) avec le second film. Cette fois-ci, c\u2019est la petite s\u0153ur de Lola qui est au coeur du sc\u00e9nario. Sophie Marceau est venue pour aborder son retour dans le r\u00f4le d\u2019Anne.<\/p>\n<p>  Films fran\u00e7ais <\/p>\n<ul>\n<li>Gourou \u2014 prochainement<\/li>\n<li>Chasse gard\u00e9e 2 \u2014 prochainement<\/li>\n<li>\u00c0 pied d\u2019oeuvre \u2014 prochainement<\/li>\n<li>Kaamelott\u00a0: Deuxi\u00e8me volet (partie 1) \u2014 prochainement<\/li>\n<li>Kaamelott\u00a0: Deuxi\u00e8me volet (partie 2) \u2014 prochainement<\/li>\n<li>Lol 2.0 \u2014 prochainement<\/li>\n<li>Le R\u00eave am\u00e9ricain \u2014 prochainement<\/li>\n<li>Dumas\u00a0: Diable Noir \u2014 prochainement<\/li>\n<\/ul>\n<p>    <a href=\"https:\/\/www.youtube.com\/user\/JournalduGeek?sub_confirmation=1\" target=\"_blank\" rel=\"nofollow noopener\"><br \/>\n        S&rsquo;abonner \u00e0 Journal du Geek<br \/>\n    <\/a> Dans le monde <\/p>\n<p>Si Disney+ France a \u00e9videmment mis en avant ses productions \u00e0 l\u2019\u00e9chelle locale, il n\u2019y aura pas que \u00e7a \u00e0 se mettre sous la dent en 2026. Que ce soit du c\u00f4t\u00e9 des licences embl\u00e9matiques comme Star Wars, Marvel ou Disney Animation, il y aura du beau monde au cours des 365 prochains jours. L\u2019arriv\u00e9e d\u2019Hulu aussi de nouveaux univers plus matures, des s\u00e9ries aux ambitions d\u00e9mesur\u00e9es comme c\u2019\u00e9tait le cas avec Sh\u014dgun pour ne citer qu\u2019elle. En 2026, la s\u00e9rie Only Murders in the Building reviendra pour une sixi\u00e8me et derni\u00e8re saison. La s\u00e9rie FX, The Bear sera aussi de retour. Mais l\u2019\u00e9v\u00e9nement t\u00e9l\u00e9visuel de l\u2019ann\u00e9e sera sans aucun doute <a href=\"https:\/\/www.journaldugeek.com\/2025\/12\/29\/malcolm-le-premier-trailer-est-la-et-cest-deja-nimporte-quoi\/\" target=\"_blank\" rel=\"noopener\">Malcom\u00a0: Rien n\u2019a chang\u00e9<\/a>. Apr\u00e8s des ann\u00e9es de rediffusions sur les cha\u00eenes du groupe M6, la s\u00e9rie est toujours l\u2019une des plus populaires en France.<\/p>\n<p>   Les s\u00e9ries US <\/p>\n<ul>\n<li>The Beauty \u2014 22 janvier<\/li>\n<li>Wonder Man \u2014 28 janvier<\/li>\n<li>Paradise (saison 2) \u2014 23 f\u00e9vrier<\/li>\n<li>Daredevil\u00a0: Born Again (saison 2) \u2014 4 mars<\/li>\n<li>Malcom\u00a0: rien n\u2019a chang\u00e9 \u2014 10 avril<\/li>\n<li>The Testaments \u2014 avril<\/li>\n<li>Ahsoka (saison 2) \u2014 prochainement<\/li>\n<li>Vision Quest \u2014 prochainement<\/li>\n<li>The Bear (saison 5) \u2014 prochainement<\/li>\n<li>Only Murder in the Building (saison 6) \u2014 prochainement<\/li>\n<\/ul>\n<p>  Les films qui vont rejoindre le catalogue apr\u00e8s leur sortie au cin\u00e9ma  <\/p>\n<p>On le disait plus haut, Disney+ a n\u00e9goci\u00e9 des d\u00e9lais raccourcis pour proposer ses films maison. Depuis l\u2019annonce de ce changement, certains blockbusters ont envahi le catalogue apr\u00e8s neuf mois, cela vaut pour Captain America\u00a0: Brave New World ou encore Vaiana 2 et Blanche Neige. En 2026, les abonn\u00e9s pourront encore profit\u00e9 des productions les plus marquantes directement depuis leur salon. Dans les prochains jours, les spectateurs de Marvel pourront voir ou revoir Thunderbolts*. Plus tard, il s\u2019agira de d\u00e9couvrir Les 4 Fantastiques\u00a0: premiers pas.<\/p>\n<p>  Films box-office apr\u00e8s 9 mois <\/p>\n<ul>\n<li>Thunderbolts* \u2014 30 janvier<\/li>\n<li>Zootopie 2 \u2014 prochainement<\/li>\n<li>Les 4 Fantastiques\u00a0: premiers pas \u2014 prochainement<\/li>\n<li>Predator\u00a0: badlands \u2014 prochainement<\/li>\n<li>Tron\u00a0: Ar\u00e8s \u2014 prochainement<\/li>\n<li>Bugonia \u2014 prochainement<\/li>\n<\/ul>\n<blockquote style=\"border:1px solid #971048;border-radius:8px;\">\n<p class=\"text-base text-neutral-700 dark:text-neutral-300\" style=\"color:grey;\">\ud83d\udfe3 Pour ne manquer aucune news sur le Journal du Geek, <a href=\"https:\/\/profile.google.com\/cp\/CgwvZy8xejJ2N182c2MaHmh0dHBzOi8vd3d3LmpvdXJuYWxkdWdlZWsuY29tLw==?pf=6\" target=\"_blank\" rel=\"noopener\">suivez-nous sur Google<\/a> et sur notre canal <a href=\"https:\/\/whatsapp.com\/channel\/0029VaClM5y4tRry12tb7D2h\" target=\"_blank\" rel=\"noopener\">WhatsApp<\/a>. Et si vous nous adorez, on a <a href=\"https:\/\/www.journaldugeek.com\/newsletter\/\" target=\"_blank\" rel=\"noopener\">une newsletter tous les matins<\/a>.<\/p>\n<\/blockquote>\n","protected":false},"excerpt":{"rendered":"2026 commence \u00e0 peine mais Disney+ a voulu marquer le moment en donnant conf\u00e9rence face \u00e0 la presse.&hellip;\n","protected":false},"author":2,"featured_media":667122,"comment_status":"","ping_status":"","sticky":false,"template":"","format":"standard","meta":{"footnotes":""},"categories":[8],"tags":[520,58,59,1011,27,2135,76746,1480],"class_list":{"0":"post-667121","1":"post","2":"type-post","3":"status-publish","4":"format-standard","5":"has-post-thumbnail","7":"category-divertissement","8":"tag-disney","9":"tag-divertissement","10":"tag-entertainment","11":"tag-fr","12":"tag-france","13":"tag-marvel","14":"tag-series-francaises","15":"tag-star-wars"},"share_on_mastodon":{"url":"https:\/\/pubeurope.com\/@fr\/115903456111382616","error":""},"_links":{"self":[{"href":"https:\/\/www.europesays.com\/fr\/wp-json\/wp\/v2\/posts\/667121","targetHints":{"allow":["GET"]}}],"collection":[{"href":"https:\/\/www.europesays.com\/fr\/wp-json\/wp\/v2\/posts"}],"about":[{"href":"https:\/\/www.europesays.com\/fr\/wp-json\/wp\/v2\/types\/post"}],"author":[{"embeddable":true,"href":"https:\/\/www.europesays.com\/fr\/wp-json\/wp\/v2\/users\/2"}],"replies":[{"embeddable":true,"href":"https:\/\/www.europesays.com\/fr\/wp-json\/wp\/v2\/comments?post=667121"}],"version-history":[{"count":0,"href":"https:\/\/www.europesays.com\/fr\/wp-json\/wp\/v2\/posts\/667121\/revisions"}],"wp:featuredmedia":[{"embeddable":true,"href":"https:\/\/www.europesays.com\/fr\/wp-json\/wp\/v2\/media\/667122"}],"wp:attachment":[{"href":"https:\/\/www.europesays.com\/fr\/wp-json\/wp\/v2\/media?parent=667121"}],"wp:term":[{"taxonomy":"category","embeddable":true,"href":"https:\/\/www.europesays.com\/fr\/wp-json\/wp\/v2\/categories?post=667121"},{"taxonomy":"post_tag","embeddable":true,"href":"https:\/\/www.europesays.com\/fr\/wp-json\/wp\/v2\/tags?post=667121"}],"curies":[{"name":"wp","href":"https:\/\/api.w.org\/{rel}","templated":true}]}}