{"id":667123,"date":"2026-01-16T06:52:13","date_gmt":"2026-01-16T06:52:13","guid":{"rendered":"https:\/\/www.europesays.com\/fr\/667123\/"},"modified":"2026-01-16T06:52:13","modified_gmt":"2026-01-16T06:52:13","slug":"les-astronomes-pensent-enfin-savoir-ce-que-sont-les-points-rouges-reperes-par-le-telescope-james-webb","status":"publish","type":"post","link":"https:\/\/www.europesays.com\/fr\/667123\/","title":{"rendered":"Les astronomes pensent enfin savoir ce que sont les \u00ab points rouges \u00bb rep\u00e9r\u00e9s par le t\u00e9lescope James-Webb"},"content":{"rendered":"<p>Lorsque le <a href=\"https:\/\/www.futura-sciences.com\/sciences\/actualites\/univers-petits-points-rouges-detectes-telescope-james-webb-seraient-etoiles-trous-noirs-125549\/\" title=\"Les \u00ab petits points rouges \u00bb d\u00e9tect\u00e9s par le t\u00e9lescope James-Webb seraient des \u00e9toiles-trous noirs\" target=\"_blank\" rel=\"noopener\">t\u00e9lescope spatial James-Webb<\/a> (<a href=\"https:\/\/www.futura-sciences.com\/sciences\/definitions\/telescope-spatial-james-webb-telescope-spatial-james-webb-2583\/\" target=\"_blank\" rel=\"noopener\">JWST<\/a>) a \u00e9t\u00e9 lanc\u00e9 en d\u00e9cembre 2021, les <a href=\"https:\/\/www.futura-sciences.com\/formation\/metiers\/metiers-astronome-7\/\" target=\"_blank\" rel=\"noopener\">astronomes<\/a> pla\u00e7aient de grands espoirs en lui. Et le moins que l&rsquo;on puisse dire, c&rsquo;est qu&rsquo;il n&rsquo;a pas d\u00e9\u00e7u. Rapidement, il s&rsquo;est mis \u00e0 renvoyer des images non seulement extraordinairement belles, mais surtout d&rsquo;une valeur inestimable pour la science.<\/p>\n<p>\u00c0 peine ses premi\u00e8res images publi\u00e9es, le JWST a ainsi d\u00e9voil\u00e9 de \u00ab\u2009petits points rouges\u2009\u00bb &#8212; les LRDs, comme les appellent les anglophones, pour Little Red Dots &#8212; que personne n&rsquo;avait vus auparavant dans notre Univers primordial.<\/p>\n<blockquote class=\"twitter-tweet\" data-dnt=\"true\">\n<p lang=\"en\" dir=\"ltr\">???? Not long after Webb began its science operations, astronomers started noticing mysterious \u2018little red dots\u2019 (LRDs) ???? in its data. 1\/3 <a href=\"https:\/\/t.co\/GSdwWjqjWu\">pic.twitter.com\/GSdwWjqjWu<\/a><\/p>\n<p>\u2014 ESA Webb Telescope (@ESA_Webb) <a href=\"https:\/\/twitter.com\/ESA_Webb\/status\/1879185877034791358?ref_src=twsrc%5Etfw\" target=\"_blank\" rel=\"noopener\">January 14, 2025<\/a><\/p><\/blockquote>\n<p>Des galaxies compactes et riches en \u00e9toiles\u2009? Bizarre aussi t\u00f4t dans notre histoire. Le t\u00e9lescope James-Webb les place en effet seulement 500 \u00e0 700 millions d&rsquo;ann\u00e9es apr\u00e8s le <a href=\"https:\/\/www.futura-sciences.com\/sciences\/definitions\/univers-big-bang-858\/\" target=\"_blank\" rel=\"noopener\">Big Bang<\/a>. Alors peut-\u00eatre autant de <a href=\"https:\/\/www.futura-sciences.com\/sciences\/questions-reponses\/trou-noir-sont-modes-quasi-normaux-trous-noirs-12285\/\" title=\"Que sont les modes quasi-normaux des trous noirs ?\" target=\"_blank\" rel=\"noopener\">trous noirs<\/a> supermassifs\u2009? C&rsquo;est ce que semblent vouloir confirmer aujourd&rsquo;hui des chercheurs de l&rsquo;universit\u00e9 de Copenhague (Danemark).<\/p>\n<p>Des \u00ab\u2009petits points rouges\u2009\u00bb enfin d\u00e9masqu\u00e9s\u2009?<\/p>\n<p>Depuis quelques mois, plusieurs \u00e9tudes sugg\u00e9raient d\u00e9j\u00e0 que des trous noirs pourraient se cacher derri\u00e8re ces \u00ab\u2009petits points rouges\u2009\u00bb. L&rsquo;une d&rsquo;elles, publi\u00e9e en fin d&rsquo;ann\u00e9e\u00a02025 dans la revue <a href=\"https:\/\/www.nature.com\/articles\/s41467-025-65070-x\" title=\"Extreme properties of a compact and massive accreting black hole host in the first 500\u2009Myr\" target=\"_blank\" rel=\"noopener\">Nature Communications<\/a> livre des indices de la pr\u00e9sence d&rsquo;un trou noir supermassif au c\u0153ur du LRD nomm\u00e9 CANUCS-LRD-z8.6. Un trou noir trahi par un <a href=\"https:\/\/www.futura-sciences.com\/sciences\/definitions\/physique-gaz-15336\/\" target=\"_blank\" rel=\"noopener\">gaz<\/a> qui se d\u00e9place autour de lui \u00e0 des milliers de kilom\u00e8tres par seconde. Un trou noir \u00e9tonnamment massif \u00e0 ce stade de l&rsquo;histoire de notre Univers et qui, en plus, semble cro\u00eetre \u00e0 une <a href=\"https:\/\/www.futura-sciences.com\/sciences\/definitions\/physique-vitesse-324\/\" target=\"_blank\" rel=\"noopener\">vitesse<\/a> inattendue.<\/p>\n<p>            <img decoding=\"async\" data-imgid=\"sm\" src=\"https:\/\/www.europesays.com\/fr\/wp-content\/uploads\/2026\/01\/Webb_CANUCS-LRD-z8.6_in_MACS_J1149.5_2223.png\" width=\"320\" height=\"320\" alt=\"Une \u00e9quipe europ\u00e9enne pr\u00e9sente des donn\u00e9es selon lesquelles les myst\u00e9rieux \u00ab\u2009petits points rouges\u2009\u00bb d\u00e9tect\u00e9s par le t\u00e9lescope spatial James-Webb ne seraient autres que des trous noirs supermassifs en train de faire un festin. \u00a9 ESA, Webb, Nasa &amp; CSA, G. Rihtar\u0161i\u010d (University of Ljubljana, FMF), R. Tripodi (University of Ljubljana, FMF)\" loading=\"lazy\"\/><\/p>\n<p>\n                Tags :<br \/>\n\tsciences\n<\/p>\n<p><a href=\"https:\/\/www.futura-sciences.com\/sciences\/actualites\/trou-noir-supermassif-ce-petit-point-rouge-revele-telescope-james-webb-pose-question-vertigineuse-univers-primordial-127722\/\" class=\"article-link\" target=\"_blank\" rel=\"noopener\"><\/p>\n<p>        Ce \u00ab\u2009petit point rouge\u2009\u00bb r\u00e9v\u00e9l\u00e9 par le t\u00e9lescope James-Webb pose une question vertigineuse sur l\u2019Univers primordial<\/p>\n<p><\/a><\/p>\n<p>        Lire l&rsquo;article <\/p>\n<p>Plus que des indices, une \u00ab\u2009preuve irr\u00e9futable\u2009\u00bb, estime aujourd&rsquo;hui Rodrigo Nemmen, <a href=\"https:\/\/www.futura-sciences.com\/formation\/metiers\/metiers-astrophysicien-8\/\" target=\"_blank\" rel=\"noopener\">astrophysicien<\/a> \u00e0 l&rsquo;universit\u00e9 de Sao Paulo (Br\u00e9sil) dans un article <a href=\"https:\/\/www.futura-sciences.com\/sciences\/definitions\/physique-connexe-2071\/\" target=\"_blank\" rel=\"noopener\">connexe<\/a> paru toujours dans la revue <a href=\"https:\/\/www.nature.com\/articles\/d41586-025-04089-y\" title=\"Mysterious \u2018little red dots\u2019 could be black holes in disguise\" target=\"_blank\" rel=\"noopener\">Nature<\/a>. Mais des questions restaient en suspens. Parce que ces \u00ab\u2009petits points rouges\u2009\u00bb n&rsquo;\u00e9mettent ni <a href=\"https:\/\/www.futura-sciences.com\/sciences\/questions-reponses\/physique-production-rayons-x-leur-utilisation-6365\/\" title=\"La production des rayons X et leur utilisation\" target=\"_blank\" rel=\"noopener\">rayons X<\/a> ni ondes <a href=\"https:\/\/www.futura-sciences.com\/tech\/comparatifs\/meilleure-radio-comparatif\/\" title=\"Comparatif radio\" class=\"link-type-comparo\" target=\"_blank\" rel=\"noopener\">radio<\/a> comme les autres <a href=\"https:\/\/www.futura-sciences.com\/sciences\/definitions\/univers-trou-noir-62\/\" target=\"_blank\" rel=\"noopener\">trous noirs supermassifs<\/a>. Et que leur <a href=\"https:\/\/www.futura-sciences.com\/sciences\/definitions\/physique-masse-15213\/\" target=\"_blank\" rel=\"noopener\">masse<\/a> semble tout de m\u00eame bien trop importante pour qu&rsquo;ils aient eu le temps de se d\u00e9velopper aussi t\u00f4t dans notre Univers. Du moins selon les th\u00e9ories admises \u00e0 l&rsquo;heure actuelle.<\/p>\n<p>Des trous noirs supermassifs cach\u00e9s dans un nuage de gaz<\/p>\n<p>C&rsquo;est dans les <a href=\"https:\/\/www.futura-sciences.com\/sciences\/definitions\/physique-spectre-1663\/\" target=\"_blank\" rel=\"noopener\">spectres<\/a> de plusieurs de ces LRDs que les astronomes ont peut-\u00eatre d\u00e9couvert les donn\u00e9es qui leur manquaient pour comprendre. Ces spectres tels qu&rsquo;enregistr\u00e9s par les instruments <a href=\"https:\/\/www.futura-sciences.com\/sciences\/definitions\/physique-infrarouge-1011\/\" target=\"_blank\" rel=\"noopener\">infrarouges<\/a> du t\u00e9lescope James-Webb, en effet, s&rsquo;interpr\u00e8tent comme ceux de trous noirs supermassifs entour\u00e9s d&rsquo;un <a href=\"https:\/\/www.futura-sciences.com\/planete\/definitions\/climatologie-nuage-14525\/\" target=\"_blank\" rel=\"noopener\">nuage<\/a> de gaz dense. Une sorte de <a href=\"https:\/\/www.futura-sciences.com\/planete\/definitions\/zoologie-cocon-2230\/\" target=\"_blank\" rel=\"noopener\">cocon<\/a> tout \u00e0 fait susceptible de pi\u00e9ger les <a href=\"https:\/\/www.futura-sciences.com\/sciences\/definitions\/physique-emission-389\/\" target=\"_blank\" rel=\"noopener\">\u00e9missions<\/a> de <a href=\"https:\/\/www.futura-sciences.com\/sciences\/definitions\/physique-rayon-x-1002\/\" target=\"_blank\" rel=\"noopener\">rayons X<\/a> et les \u00e9missions radio de ces objets. Ce qui expliquerait l&rsquo;absence de ces signaux caract\u00e9ristiques des trous noirs dans les donn\u00e9es renvoy\u00e9es par le JWST.<\/p>\n<p>C&rsquo;est en absorbant cette enveloppe de gaz pour grossir que ces trous noirs g\u00e9n\u00e8reraient une <a href=\"https:\/\/www.futura-sciences.com\/sciences\/definitions\/physique-chaleur-15898\/\" target=\"_blank\" rel=\"noopener\">chaleur<\/a> tellement intense qu&rsquo;elle pourrait traverser leur \u00ab\u2009cocon\u2009\u00bb. Et donner \u00e0 ces objets la forme des fameux \u00ab\u2009petits points rouges\u2009\u00bb d\u00e9couverts par le t\u00e9lescope James-Webb.<\/p>\n<p class=\"fs-media\">\n<p><img decoding=\"async\" data-imgid=\"full\" src=\"https:\/\/www.europesays.com\/fr\/wp-content\/uploads\/2026\/01\/couverture-nature-petits-points-rouges.jpg\" width=\"1080\" height=\"1409\" alt=\"\" loading=\"lazy\"\/><br \/>\nLa d\u00e9couverte de l\u2019\u00e9quipe de l\u2019universit\u00e9 de Copenhague (Danemark) fait la Une de la revue Nature. \u00a9 Nature\u00a0<\/p>\n<p>Des trous noirs pas si exceptionnels que \u00e7a<\/p>\n<p>\u00c0 la <a href=\"https:\/\/www.futura-sciences.com\/sciences\/definitions\/physique-lumiere-326\/\" target=\"_blank\" rel=\"noopener\">lumi\u00e8re<\/a> de cette d\u00e9couverte, les chercheurs ont recalcul\u00e9 les masses de leurs \u00ab\u2009petits points rouges\u2009\u00bb. Et il s&rsquo;av\u00e8re qu&rsquo;elle serait finalement environ 100\u00a0fois moins importante que ce qui avait \u00e9t\u00e9 envisag\u00e9 jusqu&rsquo;ici. Jusqu&rsquo;\u00e0 10\u00a0millions de fois la masse de notre <a href=\"https:\/\/www.futura-sciences.com\/sciences\/definitions\/univers-soleil-3727\/\" target=\"_blank\" rel=\"noopener\">Soleil<\/a>, tout de m\u00eame. Mais de quoi faire rentrer \u00e0 nouveau ces jeunes trous noirs supermassifs dans les cases des th\u00e9ories standard de l&rsquo;\u00e9volution cosmique.<\/p>\n<p>Si la th\u00e9orie se confirme par l&rsquo;\u00e9tude d&rsquo;autres LRDs &#8211; les chercheurs en connaissent des centaines -, il restera \u00e0 comprendre si cette phase de \u00ab\u2009cocon\u2009\u00bb est courante. Nous pourrions alors envisager les trous noirs supermassifs du d\u00e9but de notre Univers comme autant de <a href=\"https:\/\/www.futura-sciences.com\/sciences\/actualites\/nebuleuse-cest-quelque-chose-je-nai-jamais-vu-revelation-james-webb-coeur-nebuleuse-papillon-124991\/\" title=\"\u00ab\u2009C\u2019est quelque chose que je n\u2019ai jamais vu\u2009\u00bb : la r\u00e9v\u00e9lation de James-Webb au c\u0153ur de la n\u00e9buleuse du Papillon\" target=\"_blank\" rel=\"noopener\">papillons<\/a> pr\u00eats \u00e0 \u00e9merger de leur <a href=\"https:\/\/www.futura-sciences.com\/planete\/definitions\/zoologie-chrysalide-2113\/\" target=\"_blank\" rel=\"noopener\">chrysalide<\/a>. Les astronomes pourraient aussi avoir l&rsquo;occasion de d\u00e9couvrir, dans ces gaz, de nouveaux indices qui expliqueraient comment ces trous noirs se sont form\u00e9s. Et le r\u00f4le que ces gaz\u00a0jouent peut-\u00eatre dans leur d\u00e9veloppement.<\/p>\n<p><script async src=\"https:\/\/platform.twitter.com\/widgets.js\" charset=\"utf-8\"><\/script><\/p>\n","protected":false},"excerpt":{"rendered":"Lorsque le t\u00e9lescope spatial James-Webb (JWST) a \u00e9t\u00e9 lanc\u00e9 en d\u00e9cembre 2021, les astronomes pla\u00e7aient de grands espoirs&hellip;\n","protected":false},"author":2,"featured_media":667124,"comment_status":"","ping_status":"","sticky":false,"template":"","format":"standard","meta":{"footnotes":""},"categories":[7],"tags":[71894,60380,1011,27,76750,76749,43,40,41,39,45476,42,44,26769,76748,7339,76747,76751],"class_list":{"0":"post-667123","1":"post","2":"type-post","3":"status-publish","4":"format-standard","5":"has-post-thumbnail","7":"category-sciences-et-technologies","8":"tag-cocon","9":"tag-cosmologie","10":"tag-fr","11":"tag-france","12":"tag-gaz-dense","13":"tag-petits-points-rouges","14":"tag-science","15":"tag-science-and-technology","16":"tag-sciences","17":"tag-sciences-et-technologies","18":"tag-spectre","19":"tag-technologies","20":"tag-technology","21":"tag-telescope-spatial-james-webb","22":"tag-trou-noir-supermassif","23":"tag-trou-noir","24":"tag-univers-primordial","25":"tag-universite-de-copenhague"},"share_on_mastodon":{"url":"https:\/\/pubeurope.com\/@fr\/115903459802544511","error":""},"_links":{"self":[{"href":"https:\/\/www.europesays.com\/fr\/wp-json\/wp\/v2\/posts\/667123","targetHints":{"allow":["GET"]}}],"collection":[{"href":"https:\/\/www.europesays.com\/fr\/wp-json\/wp\/v2\/posts"}],"about":[{"href":"https:\/\/www.europesays.com\/fr\/wp-json\/wp\/v2\/types\/post"}],"author":[{"embeddable":true,"href":"https:\/\/www.europesays.com\/fr\/wp-json\/wp\/v2\/users\/2"}],"replies":[{"embeddable":true,"href":"https:\/\/www.europesays.com\/fr\/wp-json\/wp\/v2\/comments?post=667123"}],"version-history":[{"count":0,"href":"https:\/\/www.europesays.com\/fr\/wp-json\/wp\/v2\/posts\/667123\/revisions"}],"wp:featuredmedia":[{"embeddable":true,"href":"https:\/\/www.europesays.com\/fr\/wp-json\/wp\/v2\/media\/667124"}],"wp:attachment":[{"href":"https:\/\/www.europesays.com\/fr\/wp-json\/wp\/v2\/media?parent=667123"}],"wp:term":[{"taxonomy":"category","embeddable":true,"href":"https:\/\/www.europesays.com\/fr\/wp-json\/wp\/v2\/categories?post=667123"},{"taxonomy":"post_tag","embeddable":true,"href":"https:\/\/www.europesays.com\/fr\/wp-json\/wp\/v2\/tags?post=667123"}],"curies":[{"name":"wp","href":"https:\/\/api.w.org\/{rel}","templated":true}]}}