{"id":667159,"date":"2026-01-16T07:12:40","date_gmt":"2026-01-16T07:12:40","guid":{"rendered":"https:\/\/www.europesays.com\/fr\/667159\/"},"modified":"2026-01-16T07:12:40","modified_gmt":"2026-01-16T07:12:40","slug":"tout-un-complexe-qui-fait-lunanimite","status":"publish","type":"post","link":"https:\/\/www.europesays.com\/fr\/667159\/","title":{"rendered":"tout un complexe qui fait l\u2019unanimit\u00e9"},"content":{"rendered":"<p>Nouveaux \u00e9quipements, nouveaux noms\u00a0: la Brik pour la salle polyvalente, la Ruche pour le p\u00e9riscolaire du nouveau complexe de Breuschwickersheim. <\/p>\n<p>Apr\u00e8s l\u2019introduction musicale interpr\u00e9t\u00e9e par l\u2019harmonie Sir\u00e8ne, le discours inaugural de la maire, les prises de parole de diff\u00e9rents invit\u00e9s, la coupe du ruban, un petit groupe d\u2019abeilles s\u2019est charg\u00e9 de faire visiter ce nouveau lieu de vie au fil d\u2019une balade cont\u00e9e \u00e9crite par la conseill\u00e8re municipale Sophie Ouvrard. Belle&#8230;<\/p>\n","protected":false},"excerpt":{"rendered":"Nouveaux \u00e9quipements, nouveaux noms\u00a0: la Brik pour la salle polyvalente, la Ruche pour le p\u00e9riscolaire du nouveau complexe&hellip;\n","protected":false},"author":2,"featured_media":667160,"comment_status":"","ping_status":"","sticky":false,"template":"","format":"standard","meta":{"footnotes":""},"categories":[2820],"tags":[1111,11,20963,4749,1984,33,2880,1057,1777,674,1011,27,775,12,316,25,640,3089],"class_list":{"0":"post-667159","1":"post","2":"type-post","3":"status-publish","4":"format-standard","5":"has-post-thumbnail","7":"category-strasbourg","8":"tag-actu","9":"tag-actualites","10":"tag-breuschwickersheim","11":"tag-btp-et-chantiers","12":"tag-conseil-municipal","13":"tag-economie","14":"tag-edition-strasbourg","15":"tag-education","16":"tag-eu","17":"tag-europe","18":"tag-fr","19":"tag-france","20":"tag-grand-est","21":"tag-news","22":"tag-politique","23":"tag-republique-francaise","24":"tag-strasbourg","25":"tag-strasbourg-sud"},"share_on_mastodon":{"url":"https:\/\/pubeurope.com\/@fr\/115903538519175086","error":""},"_links":{"self":[{"href":"https:\/\/www.europesays.com\/fr\/wp-json\/wp\/v2\/posts\/667159","targetHints":{"allow":["GET"]}}],"collection":[{"href":"https:\/\/www.europesays.com\/fr\/wp-json\/wp\/v2\/posts"}],"about":[{"href":"https:\/\/www.europesays.com\/fr\/wp-json\/wp\/v2\/types\/post"}],"author":[{"embeddable":true,"href":"https:\/\/www.europesays.com\/fr\/wp-json\/wp\/v2\/users\/2"}],"replies":[{"embeddable":true,"href":"https:\/\/www.europesays.com\/fr\/wp-json\/wp\/v2\/comments?post=667159"}],"version-history":[{"count":0,"href":"https:\/\/www.europesays.com\/fr\/wp-json\/wp\/v2\/posts\/667159\/revisions"}],"wp:featuredmedia":[{"embeddable":true,"href":"https:\/\/www.europesays.com\/fr\/wp-json\/wp\/v2\/media\/667160"}],"wp:attachment":[{"href":"https:\/\/www.europesays.com\/fr\/wp-json\/wp\/v2\/media?parent=667159"}],"wp:term":[{"taxonomy":"category","embeddable":true,"href":"https:\/\/www.europesays.com\/fr\/wp-json\/wp\/v2\/categories?post=667159"},{"taxonomy":"post_tag","embeddable":true,"href":"https:\/\/www.europesays.com\/fr\/wp-json\/wp\/v2\/tags?post=667159"}],"curies":[{"name":"wp","href":"https:\/\/api.w.org\/{rel}","templated":true}]}}