{"id":667161,"date":"2026-01-16T07:13:12","date_gmt":"2026-01-16T07:13:12","guid":{"rendered":"https:\/\/www.europesays.com\/fr\/667161\/"},"modified":"2026-01-16T07:13:12","modified_gmt":"2026-01-16T07:13:12","slug":"ligue-1-strasbourg-fc-metz-deux-equipes-genereuses-la-premiere-de-gary-oneil-lavant-match-en-chiffres","status":"publish","type":"post","link":"https:\/\/www.europesays.com\/fr\/667161\/","title":{"rendered":"Ligue 1. Strasbourg &#8211; FC Metz\u00a0: deux \u00e9quipes g\u00e9n\u00e9reuses, la premi\u00e8re de\u00a0Gary O\u2019Neil&#8230; L&rsquo;avant-match en chiffres"},"content":{"rendered":"<p class=\"insetTitle\">\u00c0 savoir \u00e9galement<\/p>\n<p>\u27a4 <a href=\"https:\/\/www.republicain-lorrain.fr\/sport\/2026\/01\/15\/rc-strasbourg-alsace-fc-metz-les-dernieres-confrontations-a-la-meinau-en-images\" target=\"_blank\" rel=\"noopener\"><strong>Strasbourg<\/strong> a remport\u00e9 chacun de ses six derniers matches<\/a> contre le <strong>FC Metz<\/strong> en Ligue 1, c\u2019est autant que lors des 38 pr\u00e9c\u00e9dents (13 nuls, 19 d\u00e9faites).<\/p>\n<p>\u27a4 <strong>Strasbourg<\/strong> n\u2019a gagn\u00e9 aucun de ses cinq derniers matches en Ligue 1 (2 nuls, 3 d\u00e9faites), sa plus longue disette dans l\u2019\u00e9lite depuis novembre-d\u00e9cembre 2024 (5 \u00e9galement). Le <strong>Racing<\/strong> n\u2019a plus connu plus longue s\u00e9rie en championnat depuis janvier-mars 2024 (8).<\/p>\n<p>\u27a4 Le <strong>FC Metz<\/strong> reste sur cinq matches sans victoire en Ligue 1 (1 nul, 4 d\u00e9faites) apr\u00e8s avoir remport\u00e9 chacun de ses trois pr\u00e9c\u00e9dents.<\/p>\n<p>\u27a4 <strong>Strasbourg<\/strong> a rendu six clean sheets lors de ses huit r\u00e9ceptions en Ligue 1 cette saison, aucune \u00e9quipe n\u2019en compte plus. En cas de nouveau match \u00e0 domicile sans encaisser de but, le RCSA \u00e9galerait d\u00e9j\u00e0 son plus haut total depuis son retour dans l\u2019\u00e9lite en 2017-2018 (7 en 2021\/22).<\/p>\n<p>\u27a4 Le <strong>FC Metz<\/strong> a fait match nul \u00e0 Lorient lors de son dernier d\u00e9placement en Ligue 1 (1-1 le 4 janvier) mais n\u2019a plus enchain\u00e9 deux rencontres \u00e0 l\u2019ext\u00e9rieur sans perdre dans l\u2019\u00e9lite depuis novembre 2023 (1-1 \u00e0 Lyon, 3-2 \u00e0 Lorient).<\/p>\n<p>\u27a4 <strong>Strasbourg<\/strong> n\u2019a \u00e9t\u00e9 men\u00e9 que durant huit minutes \u00e0 domicile en Ligue 1 cette saison (hors temps additionnel), moins que toute autre \u00e9quipe, seul Auxerre (368 minutes) ayant \u00e9t\u00e9 men\u00e9 plus longtemps que Metz \u00e0 l\u2019ext\u00e9rieur dans l\u2019\u00e9lite cette saison (361 minutes).<\/p>\n<p>\u27a4 Aucune \u00e9quipe n\u2019a r\u00e9alis\u00e9 plus d\u2019erreurs menant \u00e0 un tir que <strong>Strasbourg<\/strong> (17) en Ligue 1 cette saison, <a href=\"https:\/\/www.republicain-lorrain.fr\/sport\/2026\/01\/08\/le-fc-metz-si-genereux-avec-ses-adversaires\" target=\"_blank\" rel=\"noopener\">tandis que le <strong>FC Metz<\/strong> est troisi\u00e8me dans ce classement<\/a> (16).<\/p>\n<p>\u27a4 Le <strong>FC Metz<\/strong> a perdu 10 points apr\u00e8s avoir men\u00e9 au score en Ligue 1 2025-2026, seul\u2026 Strasbourg (13) affiche un plus haut total.<\/p>\n<p>\u27a4 <strong>Strasbourg<\/strong> disputera son premier match de Ligue 1 sous les ordres de <strong>Gary O\u2019Neil<\/strong>, qui a connu exactement 100 rencontres comme entra\u00eeneur principal avant de rejoindre le club alsacien (37 avec Bournemouth, 63 avec Wolverhampton). Lors de son passage en Premier League (ao\u00fbt 2022-d\u00e9cembre 2024), il a enregistr\u00e9 47 d\u00e9faites (25 victoires, 16 nuls), soit 11 de plus que tout autre coach sur la p\u00e9riode.<\/p>\n<p>\u27a4 Le capitaine du FC Metz <strong>Gauthier Hein<\/strong> a \u00e9t\u00e9 impliqu\u00e9 dans 47 buts depuis le d\u00e9but de la saison 2023-2024 en Ligue 1 + Ligue 2, plus que tout autre joueur. D\u00e9cisif lors de chacun de ses trois derniers matches de championnat (1 but, 2 assists), il pourrait l\u2019\u00eatre lors de quatre rencontres de rang pour la premi\u00e8re fois.<\/p>\n","protected":false},"excerpt":{"rendered":"\u00c0 savoir \u00e9galement \u27a4 Strasbourg a remport\u00e9 chacun de ses six derniers matches contre le FC Metz en&hellip;\n","protected":false},"author":2,"featured_media":667162,"comment_status":"","ping_status":"","sticky":false,"template":"","format":"standard","meta":{"footnotes":""},"categories":[2820],"tags":[1111,11,5598,1777,674,8113,107,63,1011,27,775,230,7020,6212,6213,5599,8112,12,25,517,1700,640],"class_list":{"0":"post-667161","1":"post","2":"type-post","3":"status-publish","4":"format-standard","5":"has-post-thumbnail","7":"category-strasbourg","8":"tag-actu","9":"tag-actualites","10":"tag-edition-metz-et-agglomeration","11":"tag-eu","12":"tag-europe","13":"tag-fc-metz","14":"tag-fil-info","15":"tag-football","16":"tag-fr","17":"tag-france","18":"tag-grand-est","19":"tag-infographie","20":"tag-ligue-1-football","21":"tag-metz","22":"tag-metz-ville-57b","23":"tag-moselle","24":"tag-moselle-est","25":"tag-news","26":"tag-republique-francaise","27":"tag-sport","28":"tag-sport-lorrain","29":"tag-strasbourg"},"share_on_mastodon":{"url":"https:\/\/pubeurope.com\/@fr\/115903542239910351","error":""},"_links":{"self":[{"href":"https:\/\/www.europesays.com\/fr\/wp-json\/wp\/v2\/posts\/667161","targetHints":{"allow":["GET"]}}],"collection":[{"href":"https:\/\/www.europesays.com\/fr\/wp-json\/wp\/v2\/posts"}],"about":[{"href":"https:\/\/www.europesays.com\/fr\/wp-json\/wp\/v2\/types\/post"}],"author":[{"embeddable":true,"href":"https:\/\/www.europesays.com\/fr\/wp-json\/wp\/v2\/users\/2"}],"replies":[{"embeddable":true,"href":"https:\/\/www.europesays.com\/fr\/wp-json\/wp\/v2\/comments?post=667161"}],"version-history":[{"count":0,"href":"https:\/\/www.europesays.com\/fr\/wp-json\/wp\/v2\/posts\/667161\/revisions"}],"wp:featuredmedia":[{"embeddable":true,"href":"https:\/\/www.europesays.com\/fr\/wp-json\/wp\/v2\/media\/667162"}],"wp:attachment":[{"href":"https:\/\/www.europesays.com\/fr\/wp-json\/wp\/v2\/media?parent=667161"}],"wp:term":[{"taxonomy":"category","embeddable":true,"href":"https:\/\/www.europesays.com\/fr\/wp-json\/wp\/v2\/categories?post=667161"},{"taxonomy":"post_tag","embeddable":true,"href":"https:\/\/www.europesays.com\/fr\/wp-json\/wp\/v2\/tags?post=667161"}],"curies":[{"name":"wp","href":"https:\/\/api.w.org\/{rel}","templated":true}]}}