{"id":667165,"date":"2026-01-16T07:16:36","date_gmt":"2026-01-16T07:16:36","guid":{"rendered":"https:\/\/www.europesays.com\/fr\/667165\/"},"modified":"2026-01-16T07:16:36","modified_gmt":"2026-01-16T07:16:36","slug":"pourquoi-le-travail-tue-t-il-encore-autant","status":"publish","type":"post","link":"https:\/\/www.europesays.com\/fr\/667165\/","title":{"rendered":"pourquoi le travail tue-t-il encore autant\u00a0?"},"content":{"rendered":"<p>Partir au travail un matin et ne jamais en revenir. En d\u00e9cembre, quatre salari\u00e9s sont morts dans la m\u00e9tropole de Nantes.<\/p>\n<p>Matthieu Pouchat, 48\u00a0ans, p\u00e8re de deux enfants, originaire du Nord, \u00e9tait un cordiste aguerri. Il avait travaill\u00e9 comme int\u00e9rimaire pour une agence sp\u00e9cialis\u00e9e dans les travaux de grande hauteur avant d\u2019\u00eatre recrut\u00e9 par AVR, une entreprise nantaise. Le 8\u00a0d\u00e9cembre, \u00e0 Saint-Herblain, il chute d\u2019une vingtaine de m\u00e8tres, alors qu\u2019il intervenait sur la fa\u00e7ade d\u2019un immeuble de plusieurs \u00e9tages. La corde a c\u00e9d\u00e9. Comment \u00e9tait le point d\u2019ancrage\u00a0? Pourquoi n\u2019avait-il pas sa corde de s\u00e9curit\u00e9\u00a0?<\/p>\n<p><strong>Lire aussi\u00a0:<\/strong>\u00a0<a href=\"https:\/\/pays-de-la-loire.dreets.gouv.fr\/Guide-pour-les-victimes-d-accidents-du-travail\" target=\"_self\" rel=\"noopener\">Victimes, il existe un guide \u00e0 leur usage et \u00e0 celui de leurs familles.<\/a><\/p>\n<p>Le 17\u00a0d\u00e9cembre, dans le centre-ville de Nantes, Dimitru Valsan se tue alors qu\u2019il intervenait sur le toit d\u2019un immeuble de cinq \u00e9tages. Ce p\u00e8re de deux enfants, \u00e2g\u00e9 de 44\u00a0ans, vivait \u00e0 Malville et travaillait depuis plusieurs ann\u00e9es chez AOS, une petite entreprise de cinq\u00a0salari\u00e9s, sp\u00e9cialis\u00e9e dans les travaux d\u2019acc\u00e8s difficile. Que s\u2019est-il pass\u00e9 avec l\u2019\u00e9chelle de toit\u00a0? Quid du harnais\u00a0?<\/p>\n<p>Quentin Castre, 25\u00a0ans, adorait&#8230;<\/p>\n","protected":false},"excerpt":{"rendered":"Partir au travail un matin et ne jamais en revenir. En d\u00e9cembre, quatre salari\u00e9s sont morts dans la&hellip;\n","protected":false},"author":2,"featured_media":667166,"comment_status":"","ping_status":"","sticky":false,"template":"","format":"standard","meta":{"footnotes":""},"categories":[2818],"tags":[1111,11,1477,36010,1271,15059,33,1777,674,1011,27,3047,766,12,2636,25,4286,3272],"class_list":{"0":"post-667165","1":"post","2":"type-post","3":"status-publish","4":"format-standard","5":"has-post-thumbnail","7":"category-nantes","8":"tag-actu","9":"tag-actualites","10":"tag-artisanat","11":"tag-bien-etre-au-travail","12":"tag-cgt","13":"tag-droit-du-travail","14":"tag-economie","15":"tag-eu","16":"tag-europe","17":"tag-fr","18":"tag-france","19":"tag-loire-atlantique","20":"tag-nantes","21":"tag-news","22":"tag-pays-de-la-loire","23":"tag-republique-francaise","24":"tag-saint-herblain","25":"tag-saint-nazaire"},"share_on_mastodon":{"url":"https:\/\/pubeurope.com\/@fr\/115903554092680604","error":""},"_links":{"self":[{"href":"https:\/\/www.europesays.com\/fr\/wp-json\/wp\/v2\/posts\/667165","targetHints":{"allow":["GET"]}}],"collection":[{"href":"https:\/\/www.europesays.com\/fr\/wp-json\/wp\/v2\/posts"}],"about":[{"href":"https:\/\/www.europesays.com\/fr\/wp-json\/wp\/v2\/types\/post"}],"author":[{"embeddable":true,"href":"https:\/\/www.europesays.com\/fr\/wp-json\/wp\/v2\/users\/2"}],"replies":[{"embeddable":true,"href":"https:\/\/www.europesays.com\/fr\/wp-json\/wp\/v2\/comments?post=667165"}],"version-history":[{"count":0,"href":"https:\/\/www.europesays.com\/fr\/wp-json\/wp\/v2\/posts\/667165\/revisions"}],"wp:featuredmedia":[{"embeddable":true,"href":"https:\/\/www.europesays.com\/fr\/wp-json\/wp\/v2\/media\/667166"}],"wp:attachment":[{"href":"https:\/\/www.europesays.com\/fr\/wp-json\/wp\/v2\/media?parent=667165"}],"wp:term":[{"taxonomy":"category","embeddable":true,"href":"https:\/\/www.europesays.com\/fr\/wp-json\/wp\/v2\/categories?post=667165"},{"taxonomy":"post_tag","embeddable":true,"href":"https:\/\/www.europesays.com\/fr\/wp-json\/wp\/v2\/tags?post=667165"}],"curies":[{"name":"wp","href":"https:\/\/api.w.org\/{rel}","templated":true}]}}