{"id":667167,"date":"2026-01-16T07:17:19","date_gmt":"2026-01-16T07:17:19","guid":{"rendered":"https:\/\/www.europesays.com\/fr\/667167\/"},"modified":"2026-01-16T07:17:19","modified_gmt":"2026-01-16T07:17:19","slug":"la-maternite-du-chu-de-nantes-reorganise-ses-services-et-ouvre-de-nouveaux-lits","status":"publish","type":"post","link":"https:\/\/www.europesays.com\/fr\/667167\/","title":{"rendered":"La maternit\u00e9 du CHU de Nantes r\u00e9organise ses services et ouvre de nouveaux lits"},"content":{"rendered":"<p>La maternit\u00e9 du CHU de Nantes annonce la cr\u00e9ation de 10 lits suppl\u00e9mentaires de suites de couches pour faire face \u00e0 une demande toujours plus importante. Avec des patientes nantaises, mais aussi venant de toute la Loire-Atlantique et des d\u00e9partements voisins. <\/p>\n<p>\u00c0 rebours de la baisse de la natalit\u00e9 observ\u00e9e un peu partout en France, la maternit\u00e9 du CHU de Nantes continue d&rsquo;accueillir toujours plus de nouveaux-n\u00e9s. Plus de 4.200 naissances ont eu lieu en 2024 et en 2025 entre ses murs. Entre 10 et 12 naissances sont recens\u00e9es toutes les 24 heures, soit un b\u00e9b\u00e9 en moyenne <strong>toutes les deux heures<\/strong>. Des chiffres qui en disent beaucoup sur l&rsquo;importance de l&rsquo;activit\u00e9 de la maternit\u00e9, la plus grande de maternit\u00e9, et la seule de niveau 3, \u00e0 savoir le plus haut niveau d&rsquo;\u00e9quipements possible. Notamment avec la pr\u00e9sence d&rsquo;un service de r\u00e9animation n\u00e9o-natal.<\/p>\n<p>Une r\u00e9organisation des services<\/p>\n<p>Les 10 nouveaux lits serviront donc pour les suites de couche. Ils devraient \u00eatre ouverts d&rsquo;ici la fin du mois de mars, portant <strong>\u00e0 51 lits<\/strong> la capacit\u00e9 d&rsquo;accueil de la maternit\u00e9, entre les besoins gyn\u00e9cologiques, les hospitalisations de jour et les suites d&rsquo;accouchement. <strong>13 postes de soignants<\/strong> \u00e0 temps plein vont aussi ouvrir pour r\u00e9pondre aux besoins. \u00ab\u00a0On sait aussi que par p\u00e9riodes, il y a aussi des pics d&rsquo;activit\u00e9 tr\u00e8s intenses. On l&rsquo;a vu l&rsquo;\u00e9t\u00e9 dernier, o\u00f9 des femmes ont \u00e9t\u00e9 transf\u00e9r\u00e9es sur d&rsquo;autres h\u00f4pitaux\u00a0\u00bb. Faute de places disponibles \u00e0 Nantes.<\/p>\n<p>En raison de son niveau d&rsquo;\u00e9quipements, plus cons\u00e9quent que d&rsquo;autres \u00e9tablissements du secteur (Saint-Nazaire, Ch\u00e2teaubriant, Ancenis), la maternit\u00e9 du CHU de Nantes accueille aussi des patients avec <strong>des grossesses et des pathologies<\/strong> qui ne pourraient pas \u00eatre prises en charge ailleurs. \u00ab\u00a0On a des patientes de Vend\u00e9e, de Mayenne, de Bretagne qui viennent parfois de 100, 150 kilom\u00e8tres\u00a0\u00bb, explique Maele Gautier, la coordonnateure en ma\u00efeutique (l&rsquo;art de l&rsquo;accouchement) sur le CHU de Nantes. \u00ab\u00a0Une patiente peut \u00eatre transf\u00e9r\u00e9e pour de l&rsquo;hyper-pr\u00e9maturit\u00e9, ou avec de futures mamans ayant des pathologies particuli\u00e8res, ou encore greff\u00e9es\u00a0\u00bb.<\/p>\n","protected":false},"excerpt":{"rendered":"La maternit\u00e9 du CHU de Nantes annonce la cr\u00e9ation de 10 lits suppl\u00e9mentaires de suites de couches pour&hellip;\n","protected":false},"author":2,"featured_media":667168,"comment_status":"","ping_status":"","sticky":false,"template":"","format":"standard","meta":{"footnotes":""},"categories":[2818],"tags":[1111,11,1777,674,1011,27,766,12,2636,25],"class_list":{"0":"post-667167","1":"post","2":"type-post","3":"status-publish","4":"format-standard","5":"has-post-thumbnail","7":"category-nantes","8":"tag-actu","9":"tag-actualites","10":"tag-eu","11":"tag-europe","12":"tag-fr","13":"tag-france","14":"tag-nantes","15":"tag-news","16":"tag-pays-de-la-loire","17":"tag-republique-francaise"},"share_on_mastodon":{"url":"https:\/\/pubeurope.com\/@fr\/115903557992647987","error":""},"_links":{"self":[{"href":"https:\/\/www.europesays.com\/fr\/wp-json\/wp\/v2\/posts\/667167","targetHints":{"allow":["GET"]}}],"collection":[{"href":"https:\/\/www.europesays.com\/fr\/wp-json\/wp\/v2\/posts"}],"about":[{"href":"https:\/\/www.europesays.com\/fr\/wp-json\/wp\/v2\/types\/post"}],"author":[{"embeddable":true,"href":"https:\/\/www.europesays.com\/fr\/wp-json\/wp\/v2\/users\/2"}],"replies":[{"embeddable":true,"href":"https:\/\/www.europesays.com\/fr\/wp-json\/wp\/v2\/comments?post=667167"}],"version-history":[{"count":0,"href":"https:\/\/www.europesays.com\/fr\/wp-json\/wp\/v2\/posts\/667167\/revisions"}],"wp:featuredmedia":[{"embeddable":true,"href":"https:\/\/www.europesays.com\/fr\/wp-json\/wp\/v2\/media\/667168"}],"wp:attachment":[{"href":"https:\/\/www.europesays.com\/fr\/wp-json\/wp\/v2\/media?parent=667167"}],"wp:term":[{"taxonomy":"category","embeddable":true,"href":"https:\/\/www.europesays.com\/fr\/wp-json\/wp\/v2\/categories?post=667167"},{"taxonomy":"post_tag","embeddable":true,"href":"https:\/\/www.europesays.com\/fr\/wp-json\/wp\/v2\/tags?post=667167"}],"curies":[{"name":"wp","href":"https:\/\/api.w.org\/{rel}","templated":true}]}}