{"id":667169,"date":"2026-01-16T07:18:10","date_gmt":"2026-01-16T07:18:10","guid":{"rendered":"https:\/\/www.europesays.com\/fr\/667169\/"},"modified":"2026-01-16T07:18:10","modified_gmt":"2026-01-16T07:18:10","slug":"bordeaux-technowest-a-accompagne-92-startups-en-2025","status":"publish","type":"post","link":"https:\/\/www.europesays.com\/fr\/667169\/","title":{"rendered":"Bordeaux Technowest a accompagn\u00e9 92 startups en 2025"},"content":{"rendered":"<p>Bordeaux Technowest fait le bilan. En 2025, la technopole a accompagn\u00e9 92 start-up, dont 30 nouvelles, pour un chiffre d\u2019affaires cumul\u00e9 de 15\u00a0millions d\u2019euros. 34 jeunes pousses \u00e9taient en incubation, 32 en amor\u00e7age et 26 en acc\u00e9l\u00e9ration. Parmi les chiffres\u00a0\u00e9galement d\u00e9voil\u00e9s, 35\u00a0millions d\u2019euros ont \u00e9t\u00e9 lev\u00e9s et 155 dossiers de financement valid\u00e9s.<\/p>\n<p>En mati\u00e8re d\u2019impact, 150 CDI ont \u00e9t\u00e9 cr\u00e9\u00e9s en 2025. L\u2019ensemble des start-up\u00a0accompagn\u00e9es repr\u00e9sente 410 emplois cumul\u00e9s. Bordeaux Technowest accompagne les entreprises dans les domaines de l\u2019a\u00e9ronautique-spatial-d\u00e9fense, la ville intelligente, le b\u00e2timent innovant, les \u00e9nergies, le portuaire-maritime-fluvial, la d\u00e9carbonation ou encore la food et winetech.<\/p>\n","protected":false},"excerpt":{"rendered":"Bordeaux Technowest fait le bilan. En 2025, la technopole a accompagn\u00e9 92 start-up, dont 30 nouvelles, pour un&hellip;\n","protected":false},"author":2,"featured_media":667170,"comment_status":"","ping_status":"","sticky":false,"template":"","format":"standard","meta":{"footnotes":""},"categories":[2817],"tags":[1111,11,1997,1777,674,1011,27,12,2219,25],"class_list":{"0":"post-667169","1":"post","2":"type-post","3":"status-publish","4":"format-standard","5":"has-post-thumbnail","7":"category-bordeaux","8":"tag-actu","9":"tag-actualites","10":"tag-bordeaux","11":"tag-eu","12":"tag-europe","13":"tag-fr","14":"tag-france","15":"tag-news","16":"tag-nouvelle-aquitaine","17":"tag-republique-francaise"},"share_on_mastodon":{"url":"https:\/\/pubeurope.com\/@fr\/115903561945010728","error":""},"_links":{"self":[{"href":"https:\/\/www.europesays.com\/fr\/wp-json\/wp\/v2\/posts\/667169","targetHints":{"allow":["GET"]}}],"collection":[{"href":"https:\/\/www.europesays.com\/fr\/wp-json\/wp\/v2\/posts"}],"about":[{"href":"https:\/\/www.europesays.com\/fr\/wp-json\/wp\/v2\/types\/post"}],"author":[{"embeddable":true,"href":"https:\/\/www.europesays.com\/fr\/wp-json\/wp\/v2\/users\/2"}],"replies":[{"embeddable":true,"href":"https:\/\/www.europesays.com\/fr\/wp-json\/wp\/v2\/comments?post=667169"}],"version-history":[{"count":0,"href":"https:\/\/www.europesays.com\/fr\/wp-json\/wp\/v2\/posts\/667169\/revisions"}],"wp:featuredmedia":[{"embeddable":true,"href":"https:\/\/www.europesays.com\/fr\/wp-json\/wp\/v2\/media\/667170"}],"wp:attachment":[{"href":"https:\/\/www.europesays.com\/fr\/wp-json\/wp\/v2\/media?parent=667169"}],"wp:term":[{"taxonomy":"category","embeddable":true,"href":"https:\/\/www.europesays.com\/fr\/wp-json\/wp\/v2\/categories?post=667169"},{"taxonomy":"post_tag","embeddable":true,"href":"https:\/\/www.europesays.com\/fr\/wp-json\/wp\/v2\/tags?post=667169"}],"curies":[{"name":"wp","href":"https:\/\/api.w.org\/{rel}","templated":true}]}}