{"id":667173,"date":"2026-01-16T07:20:11","date_gmt":"2026-01-16T07:20:11","guid":{"rendered":"https:\/\/www.europesays.com\/fr\/667173\/"},"modified":"2026-01-16T07:20:11","modified_gmt":"2026-01-16T07:20:11","slug":"a-toulouse-la-justice-se-renforce-mais-reste-sous-dimensionnee","status":"publish","type":"post","link":"https:\/\/www.europesays.com\/fr\/667173\/","title":{"rendered":"\u00c0 Toulouse, la Justice se renforce\u2026 mais reste sous-dimensionn\u00e9e"},"content":{"rendered":"<p>\t\t\t\t\t<a href=\"https:\/\/gazette-du-midi.fr\/au-sommaire\/informations-juridiques\/\" class=\"rubrique-lien rubrique-courante\" target=\"_blank\" rel=\"noopener\">Informations Juridiques<\/a><\/p>\n<p><strong>Annonce. <\/strong> Malgr\u00e9 des annonces de recrutements in\u00e9dites et un budget en hausse, la Justice fran\u00e7aise continue de courir apr\u00e8s des moyens \u00e0 la hauteur de ses missions. \u00c0 Toulouse, m\u00e9tropole en pleine explosion d\u00e9mographique, les renforts promis \u00e0 la cour d\u2019appel et au tribunal judiciaire risquent de ne pas suffire \u00e0 combler un retard devenu structurel.<\/p>\n<ul class=\"list-inline\">\n<li class=\"list-inline-item\">\n  Publi\u00e9 le 16 janvier 2026\n<\/li>\n<li class=\"list-inline-item d-none d-md-inline info-separateur\"><\/li>\n<li class=\"list-inline-item d-block mt-2 d-md-inline mt-md-0 info-auteur\">\n<p>R\u00e9daction GdM\n<\/li>\n<\/ul>\n<p><img decoding=\"async\" src=\"https:\/\/www.europesays.com\/fr\/wp-content\/uploads\/2026\/01\/41c4b86ea7dd6db2e1d5f50c74bbf7.jpg\" alt=\"\" width=\"1052\" height=\"706\" fetchpriority=\"low\" loading=\"lazy\"\/><\/p>\n<p>La cour d\u2019appel de Toulouse et les tribunaux judiciaires du ressort devraient b\u00e9n\u00e9ficier de nouveaux renforts de personnel d\u2019ici 2027. (\u00a9Gazette du Midi)<\/p>\n<p>Les gouvernements se succ\u00e8dent, mais <strong>le manque de moyens de la Justice<\/strong> persiste. C\u2019est le constat unanime du monde judiciaire, ann\u00e9e apr\u00e8s ann\u00e9e. En 2023, <strong>plusieurs mouvements sociaux<\/strong> d\u2019ampleur avaient secou\u00e9 le pays, port\u00e9s notamment par les greffiers. Ceux-ci r\u00e9clamaient une revalorisation salariale, de meilleures conditions de travail et un statut \u00e0 la hauteur de leurs missions et responsabilit\u00e9s. Au-del\u00e0 de ces revendications, ces gr\u00e8ves ont remis en lumi\u00e8re <strong>un probl\u00e8me de fond<\/strong>\u00a0: le <strong>sous-effectif chronique<\/strong> qui frappe l\u2019ensemble des juridictions fran\u00e7aises.<\/p>\n<p>La France, bonnet d\u2019\u00e2ne<\/p>\n<p>La France reste en effet \u00e0 la tra\u00eene en Europe. Selon le rapport 2024 de la <strong>Commission europ\u00e9enne pour l\u2019efficacit\u00e9 de la justice<\/strong> (CEPEJ), l\u2019Hexagone comptait en 2022 p\u00e9niblement <strong>11,3 magistrats pour 100 000 habitants<\/strong>, contre une moyenne europ\u00e9enne de 21,9. L\u2019Espagne en d\u00e9nombrait 11,9, l\u2019Italie 12,2 et l\u2019Allemagne 24,7. Le budget consacr\u00e9 \u00e0 la Justice \u2013 tribunaux, parquets et aide judiciaire \u2013 repr\u00e9sentait seulement <strong>0,20\u00a0% du PIB fran\u00e7ais, soit 77,22 \u20ac par habitant,<\/strong> contre 96,8 \u20ac en Espagne et 100,6 \u20ac en Italie, pla\u00e7ant notre pays l\u00e0 encore en queue de peloton.<\/p>\n<p>\t\t\u00c0 lire aussi<\/p>\n<p>\t<a href=\"https:\/\/gazette-du-midi.fr\/au-sommaire\/informations-juridiques\/greve-des-greffiers-a-toulouse-pourquoi-le-mouvement-se-poursuit\" target=\"_blank\" rel=\"noopener\">Gr\u00e8ve des greffiers \u00e0 Toulouse\u00a0: pourquoi le mouvement se poursuit <\/a><\/p>\n<p>S\u2019ils restent consternants, ces chiffres progressent malgr\u00e9 tout. Le budget de la Justice est en effet pass\u00e9 de 8,9 Md\u20ac en 2022 \u00e0 <strong>10,24 Md\u20ac en 2025<\/strong>, avec un objectif de 11 Md\u20ac d\u2019ici 2027, un montant in\u00e9dit. Port\u00e9e par \u00c9ric Dupont-Moretti puis par G\u00e9rald Darmanin, actuel garde des Sceaux, la <strong>loi d\u2019orientation et de programmation du minist\u00e8re de la Justice<\/strong> (2023-2027) pr\u00e9voit ainsi le recrutement sur cette p\u00e9riode de 1 500 magistrats, 1 800 greffiers et 1 500 attach\u00e9s de justice.<\/p>\n<p>Des renforts annonc\u00e9s sur tout le territoire<\/p>\n<p>\u00c0 l\u2019occasion des rentr\u00e9es solennelles des juridictions en ce d\u00e9but d\u2019ann\u00e9e, le ministre de la Justice a d\u00e9taill\u00e9 les effectifs suppl\u00e9mentaires affect\u00e9s aux 36 cours d\u2019appel et 164 tribunaux judiciaires. Au 1er d\u00e9cembre 2025, <strong>489 nouveaux juges<\/strong> ont ainsi rejoint les palais de justice, soit 60\u00a0% de l\u2019objectif de recrutement fix\u00e9 pour 2027 (en incluant les \u00e9l\u00e8ves magistrats en formation).<\/p>\n<p>C\u00f4t\u00e9 greffiers, <strong>571 professionnels ont \u00e9t\u00e9 recrut\u00e9s<\/strong>, bien loin du nombre d\u2019embauches annonc\u00e9es. Enfin,<strong> 1 100 attach\u00e9s de justice<\/strong> \u2013 dont les missions recouvrent l\u2019aide \u00e0 la d\u00e9cision ou encore le soutien \u00e0 l\u2019activit\u00e9 administrative \u2013\u00a0ont \u00e9t\u00e9 int\u00e9gr\u00e9s, auxquels s\u2019ajoutent <strong>2 000 agents contractuels<\/strong> recrut\u00e9s depuis cinq ans.<\/p>\n<p>La justice toulousaine face au d\u00e9fi d\u00e9mographique<\/p>\n<p>Focus sur la m\u00e9tropole toulousaine. La <strong>cour d\u2019appel de Toulouse<\/strong>, qui regroupe les tribunaux d\u2019Albi, Castres, Foix, Montauban, Saint-Gaudens et de la Ville rose, compte aujourd\u2019hui plus de <strong>70 magistrats<\/strong>. Ce chiffre devrait passer d\u2019ici 2027 \u00e0 90 juges, soit <strong>une vingtaine de postes suppl\u00e9mentaires<\/strong> selon les chiffres communiqu\u00e9s par le minist\u00e8re de la Justice. Les greffiers, actuellement au nombre de 57, verront, eux, leurs effectifs devraient <strong>augmenter de 15 postes<\/strong> pour un total de 72 professionnels.<\/p>\n<p>\t\t\u00c0 lire aussi<\/p>\n<p>\t<a href=\"https:\/\/gazette-du-midi.fr\/au-sommaire\/informations-juridiques\/tribunal-judiciaire-de-toulouse-le-renfort-de-17-magistrats-juge-insuffisant\" target=\"_blank\" rel=\"noopener\">Tribunal judiciaire de Toulouse\u00a0: le renfort de 17 magistrats jug\u00e9 insuffisant<\/a><\/p>\n<p>Au <strong>tribunal judiciaire de Toulouse<\/strong>, les <strong>115 magistrats actuels<\/strong> devraient voir l\u2019arriv\u00e9e de <strong>quatre coll\u00e8gues <\/strong> d\u2019ici deux ans, portant les \u00e9quipes \u00e0 119 juges. Ce sont par ailleurs <strong>deux greffiers<\/strong> qui devraient rejoindre la juridiction de premi\u00e8re instance qui en compte aujourd\u2019hui 159 contre 121 en 2017.<\/p>\n<p>Dans le Tarn-et-Garonne, le<strong> tribunal judiciaire de Montauban<\/strong> va lui aussi b\u00e9n\u00e9ficier de renforts. Avec <strong>quatre magistrats et neuf greffiers<\/strong> attendus d\u2019ici deux ans. De quoi porter les effectifs respectivement \u00e0 25 et 46 professionnels.<\/p>\n<p>Des recrutements jug\u00e9s insuffisants<\/p>\n<p>Si les moyens humains augmentent, on reste encore <strong>loin des besoins exprim\u00e9s<\/strong> par les professionnels qui pointent l\u2019urgence de <strong>mettre en ad\u00e9quation<\/strong> le nombre de personnel judiciaire avec la <strong>croissance d\u00e9mographique<\/strong> galopante que conna\u00eet la m\u00e9tropole toulousaine d\u00e9sormais troisi\u00e8me ville de France.<\/p>\n<p>\t\t\u00c0 lire aussi<\/p>\n<p>\t<a href=\"https:\/\/gazette-du-midi.fr\/au-sommaire\/entreprises\/le-barreau-de-toulouse-fait-le-proces-des-dysfonctionnements-de-la-justice\" target=\"_blank\" rel=\"noopener\">Le Barreau de Toulouse fait le proc\u00e8s des dysfonctionnements de la justice<\/a><\/p>\n<p>En f\u00e9vrier 2023, plusieurs syndicats de magistrats estimaient que, pour le seul tribunal judiciaire de Toulouse dont le ressort couvre pr\u00e8s de <strong>1,3 million d\u2019habitants<\/strong>, il faudrait, pour atteindre la moyenne europ\u00e9enne, recruter 67 juges, 63 procureurs et 229 greffiers et fonctionnaires.<\/p>\n","protected":false},"excerpt":{"rendered":"Informations Juridiques Annonce. Malgr\u00e9 des annonces de recrutements in\u00e9dites et un budget en hausse, la Justice fran\u00e7aise continue&hellip;\n","protected":false},"author":2,"featured_media":667174,"comment_status":"","ping_status":"","sticky":false,"template":"","format":"standard","meta":{"footnotes":""},"categories":[2816],"tags":[1111,11,1777,674,1011,27,12,2680,25,2312],"class_list":{"0":"post-667173","1":"post","2":"type-post","3":"status-publish","4":"format-standard","5":"has-post-thumbnail","7":"category-toulouse","8":"tag-actu","9":"tag-actualites","10":"tag-eu","11":"tag-europe","12":"tag-fr","13":"tag-france","14":"tag-news","15":"tag-occitanie","16":"tag-republique-francaise","17":"tag-toulouse"},"share_on_mastodon":{"url":"https:\/\/pubeurope.com\/@fr\/115903569945477244","error":""},"_links":{"self":[{"href":"https:\/\/www.europesays.com\/fr\/wp-json\/wp\/v2\/posts\/667173","targetHints":{"allow":["GET"]}}],"collection":[{"href":"https:\/\/www.europesays.com\/fr\/wp-json\/wp\/v2\/posts"}],"about":[{"href":"https:\/\/www.europesays.com\/fr\/wp-json\/wp\/v2\/types\/post"}],"author":[{"embeddable":true,"href":"https:\/\/www.europesays.com\/fr\/wp-json\/wp\/v2\/users\/2"}],"replies":[{"embeddable":true,"href":"https:\/\/www.europesays.com\/fr\/wp-json\/wp\/v2\/comments?post=667173"}],"version-history":[{"count":0,"href":"https:\/\/www.europesays.com\/fr\/wp-json\/wp\/v2\/posts\/667173\/revisions"}],"wp:featuredmedia":[{"embeddable":true,"href":"https:\/\/www.europesays.com\/fr\/wp-json\/wp\/v2\/media\/667174"}],"wp:attachment":[{"href":"https:\/\/www.europesays.com\/fr\/wp-json\/wp\/v2\/media?parent=667173"}],"wp:term":[{"taxonomy":"category","embeddable":true,"href":"https:\/\/www.europesays.com\/fr\/wp-json\/wp\/v2\/categories?post=667173"},{"taxonomy":"post_tag","embeddable":true,"href":"https:\/\/www.europesays.com\/fr\/wp-json\/wp\/v2\/tags?post=667173"}],"curies":[{"name":"wp","href":"https:\/\/api.w.org\/{rel}","templated":true}]}}