{"id":667175,"date":"2026-01-16T07:21:13","date_gmt":"2026-01-16T07:21:13","guid":{"rendered":"https:\/\/www.europesays.com\/fr\/667175\/"},"modified":"2026-01-16T07:21:13","modified_gmt":"2026-01-16T07:21:13","slug":"un-jeune-homme-dune-vingtaine-dannees-decede-au-volant-de-sa-voiture","status":"publish","type":"post","link":"https:\/\/www.europesays.com\/fr\/667175\/","title":{"rendered":"un jeune homme d&rsquo;une vingtaine d&rsquo;ann\u00e9es d\u00e9c\u00e8de au volant de sa voiture"},"content":{"rendered":"<p>Dans la nuit du jeudi 15 au vendredi 16 janvier, les secours sont intervenus \u00e0 Toulouse apr\u00e8s avoir \u00e9t\u00e9 alert\u00e9s par l\u2019iPhone d\u2019un jeune automobiliste. \u00c0 leur arriv\u00e9e sur place, le conducteur \u00e9tait en arr\u00eat cardio-respiratoire.<\/p>\n<p>Peu avant 1 heure du matin, ce vendredi 16 janvier, les sapeurs-pompiers ont \u00e9t\u00e9 mobilis\u00e9s chemin des \u00c9troits, au sud de <a href=\"https:\/\/lopinion.com\/\" rel=\"noopener noreferrer\" target=\"_blank\">Toulouse<\/a>. Les secours ont \u00e9t\u00e9 alert\u00e9s par <strong>la fonction \u00ab\u00a0appel d\u2019urgence\u00a0\u00bb de l\u2019iPhone<\/strong> d\u2019un automobiliste. Rapidement, le Centre op\u00e9rationnel d\u00e9partemental d\u2019incendie et de secours de la <a href=\"https:\/\/lopinion.com\/articles\/faits-divers\/faits-divers-haute-garonne\" rel=\"noopener noreferrer\" target=\"_blank\">Haute-Garonne<\/a> (CODIS 31) s\u2019est rendu sur place et a constat\u00e9 que le conducteur,<strong> un jeune homme d&rsquo;une vingtaine d&rsquo;ann\u00e9es<\/strong>, avait quitt\u00e9 la chauss\u00e9e avant de terminer sa course dans un foss\u00e9 avec son v\u00e9hicule.<\/p>\n<p>Arr\u00eat cardio-respiratoire<\/p>\n<p>\u00c0 leur arriv\u00e9e sur les lieux de l\u2019accident, les secours ont retrouv\u00e9 le conducteur <strong>en arr\u00eat cardio-respiratoire<\/strong>. Malgr\u00e9 une intervention rapide, les sapeurs-pompiers ne sont pas parvenus \u00e0 le r\u00e9animer. Le d\u00e9c\u00e8s de l\u2019automobiliste de 20 ans a \u00e9t\u00e9 constat\u00e9 sur place. Les gendarmes et le SMUR \u00e9taient \u00e9galement pr\u00e9sents, ainsi que huit sapeurs-pompiers et deux engins de secours.<\/p>\n<p>&gt;&gt; \u00c0 LIRE AUSSI : <a href=\"https:\/\/lopinion.com\/articles\/faits-divers\/31941_haute-garonne-avion-tourisme-ecrase-toulouse-deux-blesses-legers\" rel=\"noopener noreferrer\" target=\"_blank\">Haute-Garonne : un avion de tourisme s\u2019\u00e9crase pr\u00e8s de Toulouse, deux bless\u00e9s l\u00e9gers<\/a><\/p>\n","protected":false},"excerpt":{"rendered":"Dans la nuit du jeudi 15 au vendredi 16 janvier, les secours sont intervenus \u00e0 Toulouse apr\u00e8s avoir&hellip;\n","protected":false},"author":2,"featured_media":667176,"comment_status":"","ping_status":"","sticky":false,"template":"","format":"standard","meta":{"footnotes":""},"categories":[2816],"tags":[1111,11,1777,674,1011,27,12,2680,25,2312],"class_list":{"0":"post-667175","1":"post","2":"type-post","3":"status-publish","4":"format-standard","5":"has-post-thumbnail","7":"category-toulouse","8":"tag-actu","9":"tag-actualites","10":"tag-eu","11":"tag-europe","12":"tag-fr","13":"tag-france","14":"tag-news","15":"tag-occitanie","16":"tag-republique-francaise","17":"tag-toulouse"},"share_on_mastodon":{"url":"https:\/\/pubeurope.com\/@fr\/115903573720057453","error":""},"_links":{"self":[{"href":"https:\/\/www.europesays.com\/fr\/wp-json\/wp\/v2\/posts\/667175","targetHints":{"allow":["GET"]}}],"collection":[{"href":"https:\/\/www.europesays.com\/fr\/wp-json\/wp\/v2\/posts"}],"about":[{"href":"https:\/\/www.europesays.com\/fr\/wp-json\/wp\/v2\/types\/post"}],"author":[{"embeddable":true,"href":"https:\/\/www.europesays.com\/fr\/wp-json\/wp\/v2\/users\/2"}],"replies":[{"embeddable":true,"href":"https:\/\/www.europesays.com\/fr\/wp-json\/wp\/v2\/comments?post=667175"}],"version-history":[{"count":0,"href":"https:\/\/www.europesays.com\/fr\/wp-json\/wp\/v2\/posts\/667175\/revisions"}],"wp:featuredmedia":[{"embeddable":true,"href":"https:\/\/www.europesays.com\/fr\/wp-json\/wp\/v2\/media\/667176"}],"wp:attachment":[{"href":"https:\/\/www.europesays.com\/fr\/wp-json\/wp\/v2\/media?parent=667175"}],"wp:term":[{"taxonomy":"category","embeddable":true,"href":"https:\/\/www.europesays.com\/fr\/wp-json\/wp\/v2\/categories?post=667175"},{"taxonomy":"post_tag","embeddable":true,"href":"https:\/\/www.europesays.com\/fr\/wp-json\/wp\/v2\/tags?post=667175"}],"curies":[{"name":"wp","href":"https:\/\/api.w.org\/{rel}","templated":true}]}}