{"id":667177,"date":"2026-01-16T07:23:18","date_gmt":"2026-01-16T07:23:18","guid":{"rendered":"https:\/\/www.europesays.com\/fr\/667177\/"},"modified":"2026-01-16T07:23:18","modified_gmt":"2026-01-16T07:23:18","slug":"lille-previsions-meteo-du-vendredi-16-janvier-2026","status":"publish","type":"post","link":"https:\/\/www.europesays.com\/fr\/667177\/","title":{"rendered":"Lille : pr\u00e9visions m\u00e9t\u00e9o du vendredi 16 janvier 2026"},"content":{"rendered":"<p>\u00c0 Lille, la journ\u00e9e de vendredi s\u2019annonce tr\u00e8s nuageuse avec une douceur hivernale notable. Le vent reste mod\u00e9r\u00e9, et le risque de pluie est faible malgr\u00e9 une humidit\u00e9 \u00e9lev\u00e9e.<\/p>\n<p>\n    Lille s\u2019\u00e9veille ce vendredi 16 janvier 2026 sous un plafond tr\u00e8s bas. Les derni\u00e8res pr\u00e9visions confirment une journ\u00e9e grise, douce pour la saison et presque enti\u00e8rement s\u00e8che. La vigilance reste de mise face \u00e0 d\u2019\u00e9ventuelles rafales temp\u00e9tueuses.\n<\/p>\n<p>Ce matin : ciel charg\u00e9 d\u00e8s le lever du soleil (08 h 41)<\/p>\n<p>\n    \u00c0 09 h, les nuages s\u2019imposent totalement. Le thermom\u00e8tre indique <b>8 \u00b0C<\/b>, mais l\u2019humidit\u00e9 de 90 % abaisse le ressenti \u00e0 <b>5 \u00b0C<\/b>. Un vent de sud-sud-ouest souffle \u00e0 15 km\/h.\n<\/p>\n<p>\n    Le risque d\u2019averse demeure limit\u00e9 : 18 % de probabilit\u00e9 et 0 mm relev\u00e9s \u00e0 l\u2019heure d\u2019observation. Toutefois, des pointes pouvant atteindre <b>56 km\/h<\/b> sont possibles sous un grain. Prudence recommand\u00e9e pour les deux-roues sur les secteurs expos\u00e9s.\n<\/p>\n<ul>\n<li>Pression : 1 010 hPa, en l\u00e9g\u00e8re hausse.<\/li>\n<li>Visibilit\u00e9 correcte malgr\u00e9 la grisaille.<\/li>\n<\/ul>\n<p>Apr\u00e8s-midi : douceur stable mais gris tenace<\/p>\n<p>\n    \u00c0 15 h, Lille reste immerg\u00e9e dans la grisaille. La temp\u00e9rature atteint son maximum journalier avec <b>10 \u00b0C<\/b>, soit 2 \u00b0C au-dessus des moyennes de mi-janvier. Le ressenti se limite \u00e0 6 \u00b0C sous un vent toujours orient\u00e9 sud-sud-ouest \u00e0 16 km\/h.\n<\/p>\n<p>\n    Le taux d\u2019humidit\u00e9 recule l\u00e9g\u00e8rement \u00e0 82 %, limitant la sensation de moiteur. La probabilit\u00e9 de pluie chute \u00e0 seulement 6 %. Sur les chantiers ou terrasses, aucune interruption li\u00e9e aux pr\u00e9cipitations n\u2019est pr\u00e9vue.\n<\/p>\n<p>\n    Cette douceur hivernale illustre la tendance observ\u00e9e par le GIEC : les hivers dans le nord de la France se radoucissent, les journ\u00e9es de gel deviennent plus rares. Il convient de rester attentif \u00e0 l\u2019\u00e9volution de ces anomalies climatiques.\n<\/p>\n<p>Soir\u00e9e et coucher du soleil (17 h 12) : brume et fra\u00eecheur<\/p>\n<p>\n    Le soleil dispara\u00eet derri\u00e8re une \u00e9paisse couverture nuageuse \u00e0 17 h 12. \u00c0 21 h, le mercure redescend \u00e0 <b>7 \u00b0C<\/b>, ressenti 5 \u00b0C, tandis que l\u2019humidit\u00e9 remonte \u00e0 94 %. Le vent passe au sud-est, \u00e0 13 km\/h.\n<\/p>\n<p>\n    Le risque d\u2019averse devient quasi nul (2 %). Une fine brume pourrait r\u00e9duire la visibilit\u00e9 en seconde partie de soir\u00e9e ; automobilistes, allumez vos feux de croisement et ralentissez sur l\u2019A25 et la rocade.\n<\/p>\n<ul>\n<li>Pression stabilis\u00e9e : 1 013 hPa.<\/li>\n<li>Aucune rafale dangereuse pr\u00e9vue apr\u00e8s 20 h.<\/li>\n<\/ul>\n<p>Tendance pour demain samedi 17 janvier : gris mais calme<\/p>\n<p>\n    Les mod\u00e8les annoncent un ciel <b>tr\u00e8s nuageux<\/b> du matin au soir. Les temp\u00e9ratures resteront douces : de <b>5 \u00b0C<\/b> \u00e0 l\u2019aube \u00e0 <b>9 \u00b0C<\/b> l\u2019apr\u00e8s-midi, ressenti de 3 \u00e0 7 \u00b0C. Le vent de sud-est restera mod\u00e9r\u00e9 \u00e0 13 km\/h.\n<\/p>\n<p>\n    L\u2019atmosph\u00e8re sera humide (93 %), mais la pluie devrait se faire oublier : 0 mm attendus. La nuit suivante pourrait voir le thermom\u00e8tre descendre vers 6 \u00b0C sous un ciel toujours couvert.\n<\/p>\n<p>\n    Pour planifier vos sorties culturelles ou sportives, consultez <a href=\"https:\/\/www.meteocity.com\/france\/lille-v2998324\" target=\"_blank\" rel=\"noopener\">notre bulletin d\u00e9taill\u00e9<\/a> mis \u00e0 jour r\u00e9guli\u00e8rement.\n<\/p>\n<p>\n    Rappel s\u00e9curit\u00e9 : m\u00eame sans intemp\u00e9rie marqu\u00e9e, un sol humide combin\u00e9 \u00e0 des rafales soudaines peut surprendre cyclistes et motards. Anticipez et restez visibles sur la route.<\/p>\n","protected":false},"excerpt":{"rendered":"\u00c0 Lille, la journ\u00e9e de vendredi s\u2019annonce tr\u00e8s nuageuse avec une douceur hivernale notable. Le vent reste mod\u00e9r\u00e9,&hellip;\n","protected":false},"author":2,"featured_media":667178,"comment_status":"","ping_status":"","sticky":false,"template":"","format":"standard","meta":{"footnotes":""},"categories":[2815],"tags":[1111,11,1777,674,1011,27,811,1307,12,25],"class_list":{"0":"post-667177","1":"post","2":"type-post","3":"status-publish","4":"format-standard","5":"has-post-thumbnail","7":"category-lille","8":"tag-actu","9":"tag-actualites","10":"tag-eu","11":"tag-europe","12":"tag-fr","13":"tag-france","14":"tag-hauts-de-france","15":"tag-lille","16":"tag-news","17":"tag-republique-francaise"},"share_on_mastodon":{"url":"https:\/\/pubeurope.com\/@fr\/115903581606447946","error":""},"_links":{"self":[{"href":"https:\/\/www.europesays.com\/fr\/wp-json\/wp\/v2\/posts\/667177","targetHints":{"allow":["GET"]}}],"collection":[{"href":"https:\/\/www.europesays.com\/fr\/wp-json\/wp\/v2\/posts"}],"about":[{"href":"https:\/\/www.europesays.com\/fr\/wp-json\/wp\/v2\/types\/post"}],"author":[{"embeddable":true,"href":"https:\/\/www.europesays.com\/fr\/wp-json\/wp\/v2\/users\/2"}],"replies":[{"embeddable":true,"href":"https:\/\/www.europesays.com\/fr\/wp-json\/wp\/v2\/comments?post=667177"}],"version-history":[{"count":0,"href":"https:\/\/www.europesays.com\/fr\/wp-json\/wp\/v2\/posts\/667177\/revisions"}],"wp:featuredmedia":[{"embeddable":true,"href":"https:\/\/www.europesays.com\/fr\/wp-json\/wp\/v2\/media\/667178"}],"wp:attachment":[{"href":"https:\/\/www.europesays.com\/fr\/wp-json\/wp\/v2\/media?parent=667177"}],"wp:term":[{"taxonomy":"category","embeddable":true,"href":"https:\/\/www.europesays.com\/fr\/wp-json\/wp\/v2\/categories?post=667177"},{"taxonomy":"post_tag","embeddable":true,"href":"https:\/\/www.europesays.com\/fr\/wp-json\/wp\/v2\/tags?post=667177"}],"curies":[{"name":"wp","href":"https:\/\/api.w.org\/{rel}","templated":true}]}}