{"id":667179,"date":"2026-01-16T07:24:10","date_gmt":"2026-01-16T07:24:10","guid":{"rendered":"https:\/\/www.europesays.com\/fr\/667179\/"},"modified":"2026-01-16T07:24:10","modified_gmt":"2026-01-16T07:24:10","slug":"des-librairies-de-plus-en-plus-ciblees-par-lextreme-droite","status":"publish","type":"post","link":"https:\/\/www.europesays.com\/fr\/667179\/","title":{"rendered":"Des librairies de plus en plus cibl\u00e9es par l\u2019extr\u00eame droite"},"content":{"rendered":"\n<p>Dans un contexte o\u00f9 les intentions de vote pour le candidat RN \u00e0 Marseille prennent de l\u2019ampleur, les librairies qui se veulent refuge de l\u2019esprit critique sont en proie \u00e0 de plus en plus d\u2019agressions. C\u2019est ce que nous confie Michel Touzet, l\u2019un des fondateurs de la librairie Transit, boulevard de la Lib\u00e9ration (1er) \u00e0 Marseille, qui a vu sa vitrine tagu\u00e9e d\u2019une croix celtique \u00ab\u00a0par l\u2019extr\u00eame droite\u00a0\u00bb assure-t-il. \u00ab\u00a0Nous avons port\u00e9 plainte, sachant qu\u2019il y a tr\u00e8s peu de chance qu\u2019on retrouve le type qui a fait \u00e7a, mais au moins, la justice s\u2019en occupe, la police fera une enqu\u00eate, un dossier sera ouvert, ajoute le libraire. \u00c7a permet que, si jamais la situation empire ou s\u2019ils recommencent, cela ne tombe pas tout d\u2019un coup du ciel. \u00bb<\/p>\n<p> \u00ab\u00a0Il y a eu un changement\u00a0\u00bb\n              <\/p>\n<p>Pour Michel Touzet, dont la librairie associative d\u00e9nonce depuis 13 ans d\u00e9j\u00e0 le fascisme et l\u2019extr\u00eame droite \u00e0 travers les livres propos\u00e9s et ses soir\u00e9es, \u00ab\u00a0il y a eu un changement, ils n\u2019h\u00e9sitent plus. La librairie est un fond de pens\u00e9e critique, de textes progressistes, notamment antifascistes, donc on est m\u00eames \u00e9tonn\u00e9s que \u00e7a n\u2019arrive que maintenant\u00a0\u00bb. Pour lui, le ph\u00e9nom\u00e8ne s\u2019explique en partie par les scores \u00e9lev\u00e9s de l\u2019extr\u00eame droite \u00ab\u00a0aux l\u00e9gislatives\u00a0\u00bb. De quoi lib\u00e9rer, \u00e0 ses yeux, \u00ab\u00a0pas mal de gens. Ils se permettent de faire des choses maintenant\u00a0\u00bb. <\/p>\n<p>La librairie Transit est loin d\u2019\u00eatre la seule \u00e0 avoir subi des attaques. C\u2019est ce ph\u00e9nom\u00e8ne que va d\u00e9noncer la branche M\u00e9tiers du livre de l\u2019union syndicale SUD Culture Solidaires, lors d\u2019une conf\u00e9rence de presse, ce vendredi \u00e0 Paris. Leur avocat, Ma\u00eetre Laforcade, sera pr\u00e9sent. Un guide d\u2019autod\u00e9fense juridique en cas d\u2019attaque sera pr\u00e9sent\u00e9 pour aider les libraires \u00e0 \u00ab\u00a0faire les bonnes d\u00e9marches\u00a0\u00bb, souligne Michel Touzet. Pour ce dernier, hors de question de se laisser faire\u00a0: \u00ab\u00a0On ne changera pas de ligne, \u00e7a serait nous d\u00e9savouer. J\u2019arr\u00eaterais tout si on devait nous dire qu\u2019on ne pouvait plus faire comme avant. \u00c7a serait sans moi. \u00c7a veut dire qu\u2019ils auraient gagn\u00e9.\u00a0\u00bb Il ajoute, prudent\u00a0: \u00ab\u00a0On est un peu plus attentif \u00e0 notre s\u00e9curit\u00e9. On doit \u00eatre au moins deux \u00e0 chaque fois pour ne pas qu\u2019il y ait de mauvaises surprises.\u00a0\u00bb<\/p>\n","protected":false},"excerpt":{"rendered":"Dans un contexte o\u00f9 les intentions de vote pour le candidat RN \u00e0 Marseille prennent de l\u2019ampleur, les&hellip;\n","protected":false},"author":2,"featured_media":667180,"comment_status":"","ping_status":"","sticky":false,"template":"","format":"standard","meta":{"footnotes":""},"categories":[2814],"tags":[1111,11,1777,674,1011,27,76030,884,12,882,25],"class_list":{"0":"post-667179","1":"post","2":"type-post","3":"status-publish","4":"format-standard","5":"has-post-thumbnail","7":"category-marseille","8":"tag-actu","9":"tag-actualites","10":"tag-eu","11":"tag-europe","12":"tag-fr","13":"tag-france","14":"tag-maelle-diaz","15":"tag-marseille","16":"tag-news","17":"tag-provence-alpes-cote-dazur","18":"tag-republique-francaise"},"share_on_mastodon":{"url":"https:\/\/pubeurope.com\/@fr\/115903585507921093","error":""},"_links":{"self":[{"href":"https:\/\/www.europesays.com\/fr\/wp-json\/wp\/v2\/posts\/667179","targetHints":{"allow":["GET"]}}],"collection":[{"href":"https:\/\/www.europesays.com\/fr\/wp-json\/wp\/v2\/posts"}],"about":[{"href":"https:\/\/www.europesays.com\/fr\/wp-json\/wp\/v2\/types\/post"}],"author":[{"embeddable":true,"href":"https:\/\/www.europesays.com\/fr\/wp-json\/wp\/v2\/users\/2"}],"replies":[{"embeddable":true,"href":"https:\/\/www.europesays.com\/fr\/wp-json\/wp\/v2\/comments?post=667179"}],"version-history":[{"count":0,"href":"https:\/\/www.europesays.com\/fr\/wp-json\/wp\/v2\/posts\/667179\/revisions"}],"wp:featuredmedia":[{"embeddable":true,"href":"https:\/\/www.europesays.com\/fr\/wp-json\/wp\/v2\/media\/667180"}],"wp:attachment":[{"href":"https:\/\/www.europesays.com\/fr\/wp-json\/wp\/v2\/media?parent=667179"}],"wp:term":[{"taxonomy":"category","embeddable":true,"href":"https:\/\/www.europesays.com\/fr\/wp-json\/wp\/v2\/categories?post=667179"},{"taxonomy":"post_tag","embeddable":true,"href":"https:\/\/www.europesays.com\/fr\/wp-json\/wp\/v2\/tags?post=667179"}],"curies":[{"name":"wp","href":"https:\/\/api.w.org\/{rel}","templated":true}]}}