{"id":667185,"date":"2026-01-16T07:29:09","date_gmt":"2026-01-16T07:29:09","guid":{"rendered":"https:\/\/www.europesays.com\/fr\/667185\/"},"modified":"2026-01-16T07:29:09","modified_gmt":"2026-01-16T07:29:09","slug":"neige-et-froid-polaire-attendus-fin-janvier-en-ile-de-france","status":"publish","type":"post","link":"https:\/\/www.europesays.com\/fr\/667185\/","title":{"rendered":"neige et froid polaire attendus fin janvier en \u00cele-de-France"},"content":{"rendered":"<p>ParisSelectBook &#8211; Paris: neige et froid polaire attendus fin janvier en \u00cele-de-France &#8211; Cr\u00e9dit photo \u00a9 Paris Select Book<\/p>\n<p>\u00c0 <a href=\"https:\/\/www.parisselectbook.com\/2026\/01\/15\/paris-et-ile-de-france-les-meilleures-idees-de-sorties-pour-samedi-17-janvier-2026\/\" target=\"_blank\" rel=\"noopener\">Paris<\/a>, l\u2019hiver s\u2019appr\u00eate \u00e0 montrer un visage plus rude. Selon les derni\u00e8res pr\u00e9visions, un froid polaire est attendu <strong>fin janvier<\/strong>.<\/p>\n<p>Froid tardif : ce qui se joue \u00e0 Paris et en \u00cele-de-France<\/p>\n<p>Les <a href=\"https:\/\/www.parisselectbook.com\/2026\/01\/15\/expositions-mode-2026-les-immanquables-a-paris-et-dans-le-monde\/\" target=\"_blank\" rel=\"noopener\">mod\u00e8les<\/a> convergent vers une coul\u00e9e d\u2019air continental froide. Ainsi, les temp\u00e9ratures pourraient durablement basculer sous les normales. De plus, le vent renforcera le ressenti sur les rues de Paris, avec des pointes proches de <strong>-5 \u00b0C<\/strong>.<\/p>\n<p>Le sc\u00e9nario reste affin\u00e9 jour apr\u00e8s jour par M\u00e9t\u00e9o-France. En revanche, l\u2019intensit\u00e9 d\u00e9pendra des trajectoires d\u00e9pressionnaires <a href=\"https:\/\/www.parisselectbook.com\/2026\/01\/15\/station-de-ski-piau-engaly-la-plus-haute-des-pyrenees-francaises-1850-2600-m-pour-un-sejour-au-ski-cet-hiver\/\" target=\"_blank\" rel=\"noopener\">nordiques<\/a>. Aussi, une marge d\u2019incertitude subsiste sur l\u2019ampleur du refroidissement.<\/p>\n<p><a href=\"https:\/\/www.parisselectbook.com\/2026\/01\/15\/nuits-de-la-lecture-2026-devoile-son-programme-a-paris-et-en-ile-de-france-dates-et-temps-forts\/\" target=\"_blank\" rel=\"noopener\">Les nuits<\/a> s\u2019annoncent givr\u00e9es, avec un <strong>gel<\/strong> fr\u00e9quent en plaine. Par cons\u00e9quent, les sols pourraient blanchir au petit matin.<\/p>\n<blockquote>\n<p>\u00ab Le froid pourrait s\u2019intensifier fin de mois, risque de neige. \u00bb<\/p>\n<\/blockquote>\n<p>Neige possible : quels signaux surveiller ?<\/p>\n<p>Plusieurs indices sugg\u00e8rent des flocons jusqu\u2019en plaine par moments. Ainsi, un conflit de masses d\u2019air pourrait d\u00e9clencher des <strong>pr\u00e9cipitations neigeuses<\/strong>.<\/p>\n<p>De plus, un l\u00e9ger redoux en altitude favoriserait la neige lourde locale. En bref, la tenue au sol d\u00e9pendra de l\u2019intensit\u00e9 et des horaires.<\/p>\n<ul>\n<li>Suivre les bulletins et vigilances de M\u00e9t\u00e9o-France.<\/li>\n<li>Pr\u00e9voir gants, bonnet et couches isolantes.<\/li>\n<li>V\u00e9rifier pneus, essuie-glaces et niveaux de la voiture.<\/li>\n<li>Limiter les d\u00e9placements non urgents en phase neigeuse.<\/li>\n<li>Prot\u00e9ger compteur d\u2019eau, plantes et animaux dehors.<\/li>\n<\/ul>\n<p>Impacts concrets et conseils pour le quotidien<\/p>\n<p>Le froid sec ass\u00e8che l\u2019air et irrite les voies respiratoires. Ainsi, hydratez-vous souvent et limitez les efforts prolong\u00e9s dehors. Aussi, surveillez les personnes fragiles et les nourrissons.<\/p>\n<p>C\u00f4t\u00e9 habitat, ventilez bri\u00e8vement pour \u00e9viter l\u2019humidit\u00e9 int\u00e9rieure. De plus, prot\u00e9gez les compteurs, robinets ext\u00e9rieurs et conduites sensibles. Par cons\u00e9quent, vous limiterez le risque de gel des installations sous <strong>0 \u00b0C<\/strong>.<\/p>\n<p>Sur la route, anticipez des chauss\u00e9es glissantes et une visibilit\u00e9 r\u00e9duite. Ainsi, allongez les distances de freinage et partez plus t\u00f4t. \u00c0 Paris, les transports pourraient adapter les fr\u00e9quences selon la situation.<\/p>\n<p>Transports, \u00e9coles, travail : se pr\u00e9parer sans paniquer<\/p>\n<p>Les autorit\u00e9s peuvent d\u00e9clencher des plans de viabilit\u00e9 hivernale. Ainsi, v\u00e9rifiez les annonces officielles avant de vous d\u00e9placer. En revanche, \u00e9vitez les informations non v\u00e9rifi\u00e9es sur les r\u00e9seaux.<\/p>\n<p>Pour l\u2019\u00e9cole, anticipez une garde si une fermeture survient. De plus, organisez le t\u00e9l\u00e9travail lorsque les d\u00e9placements deviennent difficiles. Aussi, pr\u00e9parez un plan B pour les r\u00e9unions importantes.<\/p>\n<p>Perspectives m\u00e9t\u00e9o pour la fin janvier<\/p>\n<p>D\u00e9sormais, les tendances indiquent une s\u00e9quence froide sur plusieurs jours \u00e0 Paris. Ainsi, un pic pourrait survenir entre deux passages neigeux. Par cons\u00e9quent, la vigilance restera de mise toute la p\u00e9riode.<\/p>\n<p>Le flux de nord \u00e0 nord-est favoriserait un air sec et piquant. En revanche, un retour d\u2019est humide apporterait des averses neigeuses pr\u00e8s de Paris. Aussi, une alternance gel-d\u00e9gel compliquerait l\u2019entretien des voiries.<\/p>\n<p>De plus, les gel\u00e9es matinales pourraient se multiplier en p\u00e9riph\u00e9rie. Ainsi, les plaines expos\u00e9es capteront plus facilement les petites chutes. En bref, Paris devra composer avec un froid durable.<\/p>\n<p>Il va falloir \u00eatre vigilant avec le froid. Les sols peuvent geler et les glissades sont vite arriv\u00e9es. Prenez votre temps pour marcher, regarder bien l\u2019\u00e9tat du sol et renseignez-vous bien sur l\u2019\u00e9tat des transports. Lors du dernier \u00e9pisode de neige, plusieurs bus et transports en commun ont \u00e9t\u00e9 coup\u00e9s.<\/p>\n","protected":false},"excerpt":{"rendered":"ParisSelectBook &#8211; Paris: neige et froid polaire attendus fin janvier en \u00cele-de-France &#8211; Cr\u00e9dit photo \u00a9 Paris Select&hellip;\n","protected":false},"author":2,"featured_media":667186,"comment_status":"","ping_status":"","sticky":false,"template":"","format":"standard","meta":{"footnotes":""},"categories":[1592],"tags":[1111,11,1777,674,1011,27,662,12,626,25],"class_list":{"0":"post-667185","1":"post","2":"type-post","3":"status-publish","4":"format-standard","5":"has-post-thumbnail","7":"category-ile-de-france","8":"tag-actu","9":"tag-actualites","10":"tag-eu","11":"tag-europe","12":"tag-fr","13":"tag-france","14":"tag-ile-de-france","15":"tag-news","16":"tag-paris","17":"tag-republique-francaise"},"share_on_mastodon":{"url":"https:\/\/pubeurope.com\/@fr\/115903605301944194","error":""},"_links":{"self":[{"href":"https:\/\/www.europesays.com\/fr\/wp-json\/wp\/v2\/posts\/667185","targetHints":{"allow":["GET"]}}],"collection":[{"href":"https:\/\/www.europesays.com\/fr\/wp-json\/wp\/v2\/posts"}],"about":[{"href":"https:\/\/www.europesays.com\/fr\/wp-json\/wp\/v2\/types\/post"}],"author":[{"embeddable":true,"href":"https:\/\/www.europesays.com\/fr\/wp-json\/wp\/v2\/users\/2"}],"replies":[{"embeddable":true,"href":"https:\/\/www.europesays.com\/fr\/wp-json\/wp\/v2\/comments?post=667185"}],"version-history":[{"count":0,"href":"https:\/\/www.europesays.com\/fr\/wp-json\/wp\/v2\/posts\/667185\/revisions"}],"wp:featuredmedia":[{"embeddable":true,"href":"https:\/\/www.europesays.com\/fr\/wp-json\/wp\/v2\/media\/667186"}],"wp:attachment":[{"href":"https:\/\/www.europesays.com\/fr\/wp-json\/wp\/v2\/media?parent=667185"}],"wp:term":[{"taxonomy":"category","embeddable":true,"href":"https:\/\/www.europesays.com\/fr\/wp-json\/wp\/v2\/categories?post=667185"},{"taxonomy":"post_tag","embeddable":true,"href":"https:\/\/www.europesays.com\/fr\/wp-json\/wp\/v2\/tags?post=667185"}],"curies":[{"name":"wp","href":"https:\/\/api.w.org\/{rel}","templated":true}]}}